{"id":360275,"date":"2018-01-18T00:04:03","date_gmt":"2018-01-18T06:04:03","guid":{"rendered":"http:\/\/www.diarioimagen.net\/?p=360275"},"modified":"2018-01-18T01:50:24","modified_gmt":"2018-01-18T07:50:24","slug":"boxeador-y-ex-bombero-de-tultepec-da-revancha-a-sahid-el-mexica-flores","status":"publish","type":"post","link":"https:\/\/www.diarioimagen.net\/?p=360275","title":{"rendered":"Boxeador y ex bombero de Tultepec da revancha a Sahid \u201cEl Mexica\u201d Flores"},"content":{"rendered":"<ul>\n<li><strong><em>Mario \u201cEl Mayonesas\u201d, ejemplo a seguir: Portuguez<\/em><\/strong><\/li>\n<\/ul>\n<p>&nbsp;<\/p>\n<div id=\"attachment_360345\" style=\"width: 470px\" class=\"wp-caption aligncenter\"><a href=\"http:\/\/www.diarioimagen.net\/?attachment_id=360345\" rel=\"attachment wp-att-360345\"><img loading=\"lazy\" decoding=\"async\" aria-describedby=\"caption-attachment-360345\" class=\"size-large wp-image-360345\" src=\"http:\/\/www.diarioimagen.net\/wp-content\/uploads\/2018\/01\/TULTEPEC-3287-460x259.jpg\" alt=\"\" width=\"460\" height=\"259\" srcset=\"https:\/\/www.diarioimagen.net\/wp-content\/uploads\/2018\/01\/TULTEPEC-3287-460x259.jpg 460w, https:\/\/www.diarioimagen.net\/wp-content\/uploads\/2018\/01\/TULTEPEC-3287-240x135.jpg 240w, https:\/\/www.diarioimagen.net\/wp-content\/uploads\/2018\/01\/TULTEPEC-3287-235x132.jpg 235w, https:\/\/www.diarioimagen.net\/wp-content\/uploads\/2018\/01\/TULTEPEC-3287-202x114.jpg 202w, https:\/\/www.diarioimagen.net\/wp-content\/uploads\/2018\/01\/TULTEPEC-3287-350x196.jpg 350w, https:\/\/www.diarioimagen.net\/wp-content\/uploads\/2018\/01\/TULTEPEC-3287-220x123.jpg 220w, https:\/\/www.diarioimagen.net\/wp-content\/uploads\/2018\/01\/TULTEPEC-3287-237x132.jpg 237w, https:\/\/www.diarioimagen.net\/wp-content\/uploads\/2018\/01\/TULTEPEC-3287.jpg 480w\" sizes=\"auto, (max-width: 460px) 100vw, 460px\" \/><\/a><p id=\"caption-attachment-360345\" class=\"wp-caption-text\">Mario \u201cEl Mayonesas\u201d Andrade Padilla es orgullo y ejemplo a seguir para la juventud tultepequense, destaca el alcalde Armando Portuguez Fuentes.<\/p><\/div>\n<p>&nbsp;<\/p>\n<p><strong>Tultepec, Estado de M\u00e9xico<\/strong>.- Ex bombero de Tultepec, Mario \u201cEl Mayonesas\u201d Andrade, de 31 a\u00f1os, enfrentar\u00e1 este s\u00e1bado 20 de enero a Sahid Flores \u201cEl Mexica\u201d, en una pelea de revancha, tras vencerlo en mayo de 2017, en una contienda que respalda el Consejo Mundial de Boxeo (CMB), y que ser\u00e1 transmitida por el canal 7 de TV Azteca.<\/p>\n<p>En la pelea realizada en mayo de 2017, en el marco de la Asociaci\u00f3n M\u00e9xico Japonesa (AMJ), celebrada en la Ciudad de M\u00e9xico, Mario \u201cMayonesas\u201d Andrade result\u00f3 vencedor por decisi\u00f3n un\u00e1nime, por lo que el derrotado buscar\u00e1 la revancha den el enfrentamiento del pr\u00f3ximo s\u00e1bado.<\/p>\n<p>Posteriormente, el ex bombero y pugilista tultepequense se enfrent\u00f3 al boxeador Jes\u00fas Giovani Andrade, el 9 de septiembre, al que venci\u00f3 por knock out en el cuarto round, lo que le ha valido continuar con la cadena de triunfos \u201cproducto de una buena preparaci\u00f3n\u201d.<\/p>\n<p>Tras ser reconocido p\u00fablicamente por la administraci\u00f3n 2016-2018, durante el 197 Aniversario de la erecci\u00f3n de Tultepec, donde le fue entregada la \u201cpresea Tultepec\u201d por su trayectoria, el boxeador agradeci\u00f3 el respaldo total del gobierno que preside Armando Portuguez Fuentes, para continuar con su aspiraci\u00f3n personal de convertirse en campe\u00f3n mundial y seguir poniendo en alto el nombre de M\u00e9xico y de este municipio.<\/p>\n<p>Boxeador originario y vecino de la colonia 10 de junio del municipio de Tultepec, es tercer de seis hermanos, con una carrera de 7 a\u00f1os en el boxeo, cuenta con un historial pugil\u00edstico de 32 peleas profesionales, obteniendo 26 triunfos, 17 de ellos por ko, 5 empates y s\u00f3lo una derrota.<\/p>\n<p>Guiado y apoyado por su entrenador y descubridor, el ex boxeador profesional, Filiberto Cabrera, as\u00ed como de su hermano Eduardo Andrade y de su promotor Hisa Furukawua, Mario \u201cEl Mayonesas\u201d Andrade ha fincado una s\u00f3lida carrera en el mundo del boxeo.<\/p>\n<p>Fue seleccionado para participar en el Campeonato Latinoamericano contra \u201cEl Puma\u201d Avil\u00e9s, ganando por decisi\u00f3n lo que le vali\u00f3 obtener el t\u00edtulo de campe\u00f3n, t\u00edtulo que ha defendido exitosamente en 5 ocasiones.<\/p>\n","protected":false},"excerpt":{"rendered":"<p>Ex bombero de Tultepec, Mario \u201cEl Mayonesas\u201d Andrade, de 31 a\u00f1os, enfrentar\u00e1 este s\u00e1bado 20 de enero a Sahid Flores \u201cEl Mexica\u201d, en una pelea de revancha, tras vencerlo en mayo de 2017, en una contienda que respalda el Consejo Mundial de Boxeo (CMB), y que ser\u00e1 transmitida por el canal 7 de TV Azteca.<\/p>\n","protected":false},"author":3,"featured_media":360345,"comment_status":"open","ping_status":"open","sticky":false,"template":"","format":"standard","meta":{"_monsterinsights_skip_tracking":false,"_monsterinsights_sitenote_active":false,"_monsterinsights_sitenote_note":"","_monsterinsights_sitenote_category":0,"footnotes":""},"categories":[35155],"tags":[69795,43675,3802],"class_list":["post-360275","post","type-post","status-publish","format-standard","has-post-thumbnail","hentry","category-estado-de-mexico-estado-de-mexico","tag-bombero","tag-estado-de-mexico","tag-tultepec"],"_links":{"self":[{"href":"https:\/\/www.diarioimagen.net\/index.php?rest_route=\/wp\/v2\/posts\/360275","targetHints":{"allow":["GET"]}}],"collection":[{"href":"https:\/\/www.diarioimagen.net\/index.php?rest_route=\/wp\/v2\/posts"}],"about":[{"href":"https:\/\/www.diarioimagen.net\/index.php?rest_route=\/wp\/v2\/types\/post"}],"author":[{"embeddable":true,"href":"https:\/\/www.diarioimagen.net\/index.php?rest_route=\/wp\/v2\/users\/3"}],"replies":[{"embeddable":true,"href":"https:\/\/www.diarioimagen.net\/index.php?rest_route=%2Fwp%2Fv2%2Fcomments&post=360275"}],"version-history":[{"count":0,"href":"https:\/\/www.diarioimagen.net\/index.php?rest_route=\/wp\/v2\/posts\/360275\/revisions"}],"wp:featuredmedia":[{"embeddable":true,"href":"https:\/\/www.diarioimagen.net\/index.php?rest_route=\/wp\/v2\/media\/360345"}],"wp:attachment":[{"href":"https:\/\/www.diarioimagen.net\/index.php?rest_route=%2Fwp%2Fv2%2Fmedia&parent=360275"}],"wp:term":[{"taxonomy":"category","embeddable":true,"href":"https:\/\/www.diarioimagen.net\/index.php?rest_route=%2Fwp%2Fv2%2Fcategories&post=360275"},{"taxonomy":"post_tag","embeddable":true,"href":"https:\/\/www.diarioimagen.net\/index.php?rest_route=%2Fwp%2Fv2%2Ftags&post=360275"}],"curies":[{"name":"wp","href":"https:\/\/api.w.org\/{rel}","templated":true}]}}