{"id":360294,"date":"2018-01-18T00:04:11","date_gmt":"2018-01-18T06:04:11","guid":{"rendered":"http:\/\/www.diarioimagen.net\/?p=360294"},"modified":"2018-01-23T03:07:49","modified_gmt":"2018-01-23T09:07:49","slug":"de-acuerdo","status":"publish","type":"post","link":"https:\/\/www.diarioimagen.net\/?p=360294","title":{"rendered":"\u00bfDe acuerdo?"},"content":{"rendered":"<h2>Folclor urbano<\/h2>\n<h5>Salvador Estrada<\/h5>\n<p>&nbsp;<\/p>\n<p>Si la encuesta pone en primer lugar a Alejandra Barrales como candidata al gobierno capitalino, lo que hoy se dar\u00e1 a conocer, ella se enfrentar\u00e1 a otra mujer: Claudia Sheinbaum, y ser\u00e1 un duelo de talentos, una pol\u00edtica y la otra acad\u00e9mica.<\/p>\n<p>Y si no es as\u00ed, y Salom\u00f3n Chertorivski, que tambi\u00e9n es acad\u00e9mico, resulta ser el ganador en la encuesta, se las ver\u00e1 con Mikel Arriola y con la Sheinbaum.<\/p>\n<p>Lo ideal, ser\u00eda para emocionarse en las campa\u00f1as proselitistas de Morena y el Frente, que las candidaturas quedaran entre las f\u00e9minas y ellas acabar\u00edan con el candidato pri\u00edsta, que lograr\u00e1 muchos votos para el PRI, pero no ganar\u00e1, seg\u00fan los expertos de las encuestadoras.<\/p>\n<p>Sea como fuere, los capitalinos estamos pr\u00f3ximos a ser gobernados por \u00a0una mujer electa por los ciudadanos y no \u201cimpuesta\u201d, como fue Rosario Robles cuando la dej\u00f3 en el cargo el ingeniero Cuahut\u00e9moc C\u00e1rdenas, que se fue de candidato a la Presidencia.Y resulta que Rosario sali\u00f3 \u201dahumada\u201d por los tangos del amor que la enajenaron.<\/p>\n<p>Y si los hados y las circunstancias le son favorables, Margarita Zavala ser\u00eda la primera candidata independiente a la Presidencia de la Rep\u00fablica. \u00bfY si llegara a ganar?<\/p>\n<p>Entonces, las mujeres estar\u00edan de fiesta, porque el g\u00e9nero y la equidad quedar\u00edan en un lugar privilegiado y se manifestar\u00eda su poder y tendr\u00edan siempre cargos p\u00fablicos y \u00a1cuidado con los acosos!, porque la c\u00e1rcel les espera a los machos abusivos.<\/p>\n<p>Algunos dir\u00e1n que lleg\u00f3 la hora de la mujer, el matriarcado en el poder, gracias a que m\u00e1s del 50 por ciento de los 80 millones de electores son mujeres. Y, de acuerdo a las encuestas, ellas s\u00ed salen a votar, al contrario de los hombres,\u00a0que se quedan en casa para ver el futbol.<\/p>\n<p>Empero, la realidad es otra y lo que algunos creen que pudiera suceder, no va a pasar si se ponen los pies en la tierra. Margarita tiene buenos deseos y ganas de servir, pero en \u00a0pol\u00edtica no son suficientes.<\/p>\n<p>El candidato a la Presidencia que quiera alcanzar el triunfo tiene que trabajar con los j\u00f3venes y convencerlos de que deben ir a votar y que su voto vale. Los \u201cninis\u201d, que son 8 millones en todo el pa\u00eds, no tienen inter\u00e9s en la pol\u00edtica y les valen gorro candidatos y partidos.<\/p>\n<p>Los aspirantes deben enfocar su propaganda en radio y televisi\u00f3n, y sobre todo, en las redes sociales, a los j\u00f3venes \u201cninis\u201d,\u00a0y a los que por primera vez ir\u00e1n a votar, a fin de asegurar sus sufragios.<\/p>\n<p>Las mujeres son el sustento de este pa\u00eds y los j\u00f3venes su futuro, as\u00ed \u00a0que los candidatos deben tomarlos en cuenta y escuchar sus demandas, a fin de que vayan hilando su programa social enfocado hacia esos dos pilares de la sociedad.<\/p>\n<p>Tr\u00e1tenlos con respeto. No las mencionen englobadas como \u201cviejer\u00edo\u201d, ni llamen a los j\u00f3venes \u00a0como \u201cchaviza\u201d. \u00bfDe acuerdo?<\/p>\n<p><em><a href=\"mailto:chavasec@yahoo.com.mx\" target=\"_blank\" rel=\"noopener noreferrer\">chavasec@yahoo.com.mx<\/a><\/em><\/p>\n","protected":false},"excerpt":{"rendered":"<p><span style=\"color: #005497;\"><strong>Salvador Estrada<\/strong><\/span><\/p>\n","protected":false},"author":3,"featured_media":0,"comment_status":"open","ping_status":"open","sticky":false,"template":"","format":"standard","meta":{"_monsterinsights_skip_tracking":false,"_monsterinsights_sitenote_active":false,"_monsterinsights_sitenote_note":"","_monsterinsights_sitenote_category":0,"footnotes":""},"categories":[41601],"tags":[41599,43674,41600],"class_list":["post-360294","post","type-post","status-publish","format-standard","hentry","category-salvador-estrada-opinion","tag-folclor-urbano","tag-opinion","tag-salvador-estrada"],"_links":{"self":[{"href":"https:\/\/www.diarioimagen.net\/index.php?rest_route=\/wp\/v2\/posts\/360294","targetHints":{"allow":["GET"]}}],"collection":[{"href":"https:\/\/www.diarioimagen.net\/index.php?rest_route=\/wp\/v2\/posts"}],"about":[{"href":"https:\/\/www.diarioimagen.net\/index.php?rest_route=\/wp\/v2\/types\/post"}],"author":[{"embeddable":true,"href":"https:\/\/www.diarioimagen.net\/index.php?rest_route=\/wp\/v2\/users\/3"}],"replies":[{"embeddable":true,"href":"https:\/\/www.diarioimagen.net\/index.php?rest_route=%2Fwp%2Fv2%2Fcomments&post=360294"}],"version-history":[{"count":0,"href":"https:\/\/www.diarioimagen.net\/index.php?rest_route=\/wp\/v2\/posts\/360294\/revisions"}],"wp:attachment":[{"href":"https:\/\/www.diarioimagen.net\/index.php?rest_route=%2Fwp%2Fv2%2Fmedia&parent=360294"}],"wp:term":[{"taxonomy":"category","embeddable":true,"href":"https:\/\/www.diarioimagen.net\/index.php?rest_route=%2Fwp%2Fv2%2Fcategories&post=360294"},{"taxonomy":"post_tag","embeddable":true,"href":"https:\/\/www.diarioimagen.net\/index.php?rest_route=%2Fwp%2Fv2%2Ftags&post=360294"}],"curies":[{"name":"wp","href":"https:\/\/api.w.org\/{rel}","templated":true}]}}