{"id":360301,"date":"2018-01-18T00:11:38","date_gmt":"2018-01-18T06:11:38","guid":{"rendered":"http:\/\/www.diarioimagen.net\/?p=360301"},"modified":"2018-01-18T01:47:42","modified_gmt":"2018-01-18T07:47:42","slug":"pgr-pide-la-extradicion-de-cesar-duarte-y-desactiva-a-corral","status":"publish","type":"post","link":"https:\/\/www.diarioimagen.net\/?p=360301","title":{"rendered":"PGR pide la extradici\u00f3n de C\u00e9sar Duarte\u2026 y desactiva a Corral"},"content":{"rendered":"<h2>Tras la puerta del poder<\/h2>\n<h5>Roberto Vizca\u00edno<\/h5>\n<p>&nbsp;<\/p>\n<div id=\"attachment_360337\" style=\"width: 470px\" class=\"wp-caption aligncenter\"><a href=\"http:\/\/www.diarioimagen.net\/?attachment_id=360337\" rel=\"attachment wp-att-360337\"><img loading=\"lazy\" decoding=\"async\" aria-describedby=\"caption-attachment-360337\" class=\"size-large wp-image-360337\" src=\"http:\/\/www.diarioimagen.net\/wp-content\/uploads\/2018\/01\/mexiquenses-modernos-LUIS-AXVIER-3287-460x358.jpg\" alt=\"\" width=\"460\" height=\"358\" srcset=\"https:\/\/www.diarioimagen.net\/wp-content\/uploads\/2018\/01\/mexiquenses-modernos-LUIS-AXVIER-3287-460x358.jpg 460w, https:\/\/www.diarioimagen.net\/wp-content\/uploads\/2018\/01\/mexiquenses-modernos-LUIS-AXVIER-3287-240x187.jpg 240w, https:\/\/www.diarioimagen.net\/wp-content\/uploads\/2018\/01\/mexiquenses-modernos-LUIS-AXVIER-3287-768x598.jpg 768w, https:\/\/www.diarioimagen.net\/wp-content\/uploads\/2018\/01\/mexiquenses-modernos-LUIS-AXVIER-3287.jpg 1542w\" sizes=\"auto, (max-width: 460px) 100vw, 460px\" \/><\/a><p id=\"caption-attachment-360337\" class=\"wp-caption-text\">Mexiquenses modernos&#8230; | Luis Xavier<\/p><\/div>\n<p>&nbsp;<\/p>\n<p><strong>Alberto El\u00edas Beltr\u00e1n<\/strong>, encargado de la PGR, anunci\u00f3 ayer la inmediata petici\u00f3n de extradici\u00f3n del ex gobernador de Chihuahua <strong>C\u00e9sar Duarte J\u00e1quez <\/strong>quie se encuentra en El Paso, Texas, justo al otro lado de Ciudad Ju\u00e1rez.<\/p>\n<p>La petici\u00f3n de extradici\u00f3n del ex gobernador se da luego de que la PGR mantuvo congelado el expediente durante casi un a\u00f1o, lo cual alimentaba la suspicacia de que hab\u00eda poderosos \u201cpadrinos\u201d que todav\u00eda lo cobijaban y proteg\u00edan desde lo m\u00e1s alto del poder en el centro del pa\u00eds.<\/p>\n<p>Beltr\u00e1n inform\u00f3 que la extradici\u00f3n se pide con base en 2 denuncias de la Fiscal\u00eda de Chihuahua y 1 de la Fepade. Hay otras 8 investigaciones que siguen siendo analizadas por la PGR.<\/p>\n<p>Una vez extraditado, Duarte J\u00e1quez deber\u00e1 permanecer en un penal federal para responder primero por el asunto de la Fepade.<\/p>\n<p>Como sea, con la petici\u00f3n de extradici\u00f3n presentada formalmente ayer por la PGR, el gobierno del presidente <strong>Enrique Pe\u00f1a Nieto <\/strong>desactiva el segundo gran argumento del gobernador panista de Chihuahua<strong> Javier Corral<\/strong>, quien anunci\u00f3 que el fin de semana, para exigir la extradici\u00f3n de <strong>C\u00e9sar Duarte,<\/strong> partir\u00eda desde la mitad del puente de Ciudad Ju\u00e1rez con el Paso Texas con una marcha a pie hacia la ciudad de M\u00e9xico.<\/p>\n<p>El otro eje de su inconformidad y reclamo era el de la transferencia de 780 millones de pesos que no le fueron cubiertos por Hacienda federal a pesar de haberse firmado 4 convenios.<\/p>\n<p>En los d\u00edas previos, en una conferencia de prensa conjunta, varios subsecretarios y otros funcionarios de Hacienda le explicaron al gobernador <strong>Corral<\/strong> (y de paso a todos los mexicanos), que ese monto no fue cubierto simplemente porque no hubo recursos para hacerlo, y que ello estaba previsto en los convenios firmados.<\/p>\n<p>Si no hab\u00eda fondos, pues no habr\u00eda transferencias.<\/p>\n<p>Le pidieron acudir a la Suprema Corte de Justicia para reclamarlos los 780 millones reclamados, a sabiendas que el m\u00e1ximo tribunal constitucional va a batear su exigencia porque en el convenio se estipulaba que los recursos se\u00f1alados ser\u00edan entregados al gobierno de Chihuahua, siempre y cuando los hubiera.<\/p>\n<p>Hacienda inform\u00f3 que al igual que a Chihuahua, tambi\u00e9n se dejaron de transferir recursos a Tlaxcala y Zacatecas.<\/p>\n<p>Corral aleg\u00f3 que a Chihuahua no se le dieron los 780 millones de pesos porque \u00e9l se neg\u00f3 a desechar la investigaci\u00f3n de una supuesta triangulaci\u00f3n de recursos federales a las campa\u00f1as del PRI en 2016.<\/p>\n<p>Fue el propio secretario de Hacienda Jos\u00e9 Antonio Gonz\u00e1lez Anaya quien le respondi\u00f3 que por el contrario, que el gobierno federal lo apoyaba y que siguiera adelante con esas investigaciones.<\/p>\n<p>En fin, que con los pasos dados en tan s\u00f3lo 5 d\u00edas <strong>Pe\u00f1a Nieto<\/strong> desarm\u00f3 a <strong>Corral.<\/strong> Claro, el aguerrido gobernador panista puede seguir adelante con sus protestas, pero sus argumentos ser\u00edan otros, porque los dos primeros, ya no tienen base.<\/p>\n<p style=\"text-align: center;\"><strong>\u00bfY Odebrecht?<\/strong><\/p>\n<p>En este contexto, la bancada de senadores del PAN que comanda el aguascalentense<strong> Fernando Herrera <\/strong>exigi\u00f3 ayer que el encargado de la PGR, <strong>Alberto El\u00edas Beltr\u00e1n<\/strong> informe en qu\u00e9 va el caso penal abierto por los supuestos sobornos de Odebrecht a altos funcionarios de Pemex.<\/p>\n<p>Los senadores de Acci\u00f3n Nacional pidieron que este informe lo haga <strong>Beltr\u00e1n <\/strong>ante la <strong>Comisi\u00f3n Permanente<\/strong> <strong>del Congreso de la Uni\u00f3n.<\/strong><\/p>\n<p>El caso es que cuando <strong>Ra\u00fal Cervantes<\/strong> present\u00f3 su renuncia al cargo de Procurador General de la Rep\u00fablica el 16 de octubre de 2017 ante la Junta de Coordinaci\u00f3n Pol\u00edtica del Senado (algo que ning\u00fan otro funcionario federal hab\u00eda hecho nunca antes), dijo que en \u201clos d\u00edas siguientes\u201d la dependencia dar\u00eda a conocer la conclusi\u00f3n de una investigaci\u00f3n ya terminada sobre el caso Odebrecht.<\/p>\n<p>Cuando <strong>Beltr\u00e1n<\/strong> entr\u00f3 al relevo de <strong>Cervantes <\/strong>se dijo que una vez que revisara estas conclusiones, se dar\u00eda a conocer a la opini\u00f3n p\u00fablica.<\/p>\n<p>Pero pasaron las semanas, los meses y hasta hoy el caso sigue en las sombras de las mazmorras de la PGR.<\/p>\n<p>Ni conclusi\u00f3n de la investigaci\u00f3n\u2026 ni nadie tras las rejas o en proceso.<\/p>\n<p>Por ello los senadores blanquiazules exigen que Beltr\u00e1n salga y explique por qu\u00e9 no ha cumplido con el caso concluido por Cervantes.<\/p>\n<p>As\u00ed, mientras las revelaciones de Odebrecht han impactado en m\u00e1s de 15 pa\u00edses en M\u00e9xico los responsables siguen impunes, afirman los legisladores de Herrera.<\/p>\n<p>En el aire sigue la denuncia de al ex director de Pemex, Emilio Lozoya Austin, se le entregaron 10 millones de d\u00f3lares.<\/p>\n<p>Por todo ello la fracci\u00f3n senatoria panista pide que la Auditor\u00eda Superior de la Federaci\u00f3n informe a la Comisi\u00f3n Permanente antes de 15 d\u00edas porque ya entonces comienza el per\u00edodo ordinario de sesiones, cu\u00e1les son las auditor\u00edas en proceso sobre la gesti\u00f3n de Lozoya Austin, y de no existir investigaci\u00f3n alguna, se le exhorta a iniciarlas.<\/p>\n<p>El punto de acuerdo fue suscrito por la senadora <strong>Marcela Torres Peimbert<\/strong> y los senadores <strong>V\u00edctor Hermosillo, Juan Carlos Romero Hicks, Francisco Burquez Valenzuela y Ernesto Ruffo Appel.<\/strong><\/p>\n<p style=\"text-align: center;\"><strong>\u00bfQu\u00e9 cree? \u00a1gan\u00f3 Barrales!<\/strong><\/p>\n<p>Con 24 horas de antelaci\u00f3n a lo anunciado, la dirigencia del PRD capitalino encabezada por <strong>Ra\u00fal Flores<\/strong> inform\u00f3 con gran estruendo que la dura y muy competida lucha por la candidatura del sol azteca a la Jefatura de Gobierno de la Ciudad de M\u00e9xico fue ganada por la senadora con licencia <strong>Alejandra Barrales.<\/strong><\/p>\n<p>Es as\u00ed que la ex dirigente perredista deja en el camino al doctor <strong>Armando Ahued<\/strong> y a <strong>Salom\u00f3n Chertorivski, <\/strong>quienes de inmediato aceptaron su derrota y dijeron que apoyar\u00e1n en todo a <strong>Barrales <\/strong>dentro de su batalla contra la cient\u00edfica y fiel lopezobradorista <strong>Claudia Sheinbaum<\/strong> y el pri\u00edsta <strong>Mikel Arriola.<\/strong><\/p>\n<p>A pesar de que desde hace meses (durante la construcci\u00f3n del llamado Frente Ciudadano por M\u00e9xico) se dec\u00eda que hab\u00eda el acuerdo entre <strong>Ricardo Anaya<\/strong> entonces presidente del PAN y <strong>Alejandra Barrales,<\/strong> entonces presidenta del PRD de que el primero ser\u00eda candidato a la Presidencia y ella a la Jefatura de Gobierno en la Ciudad de M\u00e9xico, lo cual ahora queda cumplido cabalmente, ambos niegan que haya habido ese acuerdo en lo oscurito.<\/p>\n<p>Haiga sido como haiga sido \u2013seg\u00fan el cl\u00e1sico Calder\u00f3n&#8211;, hoy se cierra la boleta electoral de la CDMX y en ella estar\u00e1n <strong>Claudia Sheinbaum<\/strong> por Morena: <strong>Alejandra Barrales <\/strong>por el frente PAN, PRD y MC y <strong>Mikel Arriola<\/strong> por la coalici\u00f3n PRI, PVEM, Panal.<\/p>\n<p>Los indicadores electorales previos se\u00f1alan a Sheinbaum como la favorita de los capitalinos, pero <strong>Barrales<\/strong> asegura que tiene las redes y los apoyos suficientes para retener la Jefatura de Gobierno de la CDMX en favor del PRD.<\/p>\n<p>El pri\u00edsta <strong>Arriola<\/strong> conf\u00eda en que la contienda entre sus dos contrincantes sea tan escandalosa, violenta y sucia que provoque un rechazo y hartazgo ciudadano de tal magnitud que le d\u00e9 una oportunidad de triunfo.<\/p>\n<p>Los analistas advierten que la candidata de Morena pr\u00e1cticamente flotar\u00e1 porque quien har\u00e1 la campa\u00f1a por la Jefatura de Gobierno en favor de ella ser\u00e1 <strong>Andr\u00e9s Manuel L\u00f3pez Obrador ya que este cargo es el segundo en importancia despu\u00e9s del de Presidente de la Rep\u00fablica.<\/strong><\/p>\n<p><em><a href=\"mailto:rvizcainoa@gmail.com\" target=\"_blank\" rel=\"noopener noreferrer\">rvizcainoa@gmail.com<\/a><\/em><br \/>\n<em><a href=\"http:\/\/www.endirecto.mx\/\" target=\"_blank\" rel=\"noopener noreferrer\">www.endirecto.mx<\/a><\/em><br \/>\n<em><a href=\"https:\/\/twitter.com\/_rvizcaino\" target=\"_blank\" rel=\"noopener noreferrer\">@_RVizcaino<\/a><\/em><br \/>\n<a href=\"https:\/\/www.facebook.com\/rvizcainoa\" target=\"_blank\" rel=\"noopener noreferrer\">f<em>acebook.com\/rvizcainoa<\/em><\/a><\/p>\n","protected":false},"excerpt":{"rendered":"<p><span style=\"color: #005497;\"><strong>Roberto Vizca\u00edno<\/strong><\/span><br \/>\n<br \/>\n<strong>Alberto El\u00edas Beltr\u00e1n<\/strong>, encargado de la PGR, anunci\u00f3 ayer la inmediata petici\u00f3n de extradici\u00f3n del ex gobernador de Chihuahua <strong>C\u00e9sar Duarte J\u00e1quez <\/strong>quie se encuentra en El Paso, Texas, justo al otro lado de Ciudad Ju\u00e1rez.<\/p>\n","protected":false},"author":3,"featured_media":360337,"comment_status":"open","ping_status":"open","sticky":false,"template":"","format":"standard","meta":{"_monsterinsights_skip_tracking":false,"_monsterinsights_sitenote_active":false,"_monsterinsights_sitenote_note":"","_monsterinsights_sitenote_category":0,"footnotes":""},"categories":[136],"tags":[43674,93,94],"class_list":["post-360301","post","type-post","status-publish","format-standard","has-post-thumbnail","hentry","category-roberto-vizcaino-opinion","tag-opinion","tag-roberto-vizcaino","tag-tras-la-puerta-del-poder"],"_links":{"self":[{"href":"https:\/\/www.diarioimagen.net\/index.php?rest_route=\/wp\/v2\/posts\/360301","targetHints":{"allow":["GET"]}}],"collection":[{"href":"https:\/\/www.diarioimagen.net\/index.php?rest_route=\/wp\/v2\/posts"}],"about":[{"href":"https:\/\/www.diarioimagen.net\/index.php?rest_route=\/wp\/v2\/types\/post"}],"author":[{"embeddable":true,"href":"https:\/\/www.diarioimagen.net\/index.php?rest_route=\/wp\/v2\/users\/3"}],"replies":[{"embeddable":true,"href":"https:\/\/www.diarioimagen.net\/index.php?rest_route=%2Fwp%2Fv2%2Fcomments&post=360301"}],"version-history":[{"count":0,"href":"https:\/\/www.diarioimagen.net\/index.php?rest_route=\/wp\/v2\/posts\/360301\/revisions"}],"wp:featuredmedia":[{"embeddable":true,"href":"https:\/\/www.diarioimagen.net\/index.php?rest_route=\/wp\/v2\/media\/360337"}],"wp:attachment":[{"href":"https:\/\/www.diarioimagen.net\/index.php?rest_route=%2Fwp%2Fv2%2Fmedia&parent=360301"}],"wp:term":[{"taxonomy":"category","embeddable":true,"href":"https:\/\/www.diarioimagen.net\/index.php?rest_route=%2Fwp%2Fv2%2Fcategories&post=360301"},{"taxonomy":"post_tag","embeddable":true,"href":"https:\/\/www.diarioimagen.net\/index.php?rest_route=%2Fwp%2Fv2%2Ftags&post=360301"}],"curies":[{"name":"wp","href":"https:\/\/api.w.org\/{rel}","templated":true}]}}