{"id":360363,"date":"2018-01-19T00:11:43","date_gmt":"2018-01-19T06:11:43","guid":{"rendered":"http:\/\/www.diarioimagen.net\/?p=360363"},"modified":"2018-01-18T23:04:51","modified_gmt":"2018-01-19T05:04:51","slug":"descarrila-tren-y-cae-sobre-casa-en-ecatepec-5-muertos","status":"publish","type":"post","link":"https:\/\/www.diarioimagen.net\/?p=360363","title":{"rendered":"Descarrila tren y cae sobre casa en Ecatepec; 5 muertos"},"content":{"rendered":"<ul>\n<li><strong><em>En la colonia Jardines de Casa Nueva<\/em><\/strong><\/li>\n<\/ul>\n<p><strong>\u00a0<\/strong><\/p>\n<div id=\"attachment_360364\" style=\"width: 470px\" class=\"wp-caption aligncenter\"><img loading=\"lazy\" decoding=\"async\" aria-describedby=\"caption-attachment-360364\" class=\"wp-image-360364 size-large\" src=\"http:\/\/www.diarioimagen.net\/wp-content\/uploads\/2018\/01\/TREN19-PORTAL-460x268.jpg\" alt=\"\" width=\"460\" height=\"268\" srcset=\"https:\/\/www.diarioimagen.net\/wp-content\/uploads\/2018\/01\/TREN19-PORTAL-460x268.jpg 460w, https:\/\/www.diarioimagen.net\/wp-content\/uploads\/2018\/01\/TREN19-PORTAL-240x140.jpg 240w, https:\/\/www.diarioimagen.net\/wp-content\/uploads\/2018\/01\/TREN19-PORTAL.jpg 480w\" sizes=\"auto, (max-width: 460px) 100vw, 460px\" \/><p id=\"caption-attachment-360364\" class=\"wp-caption-text\">El \u00faltimo vag\u00f3n de un tren de carga se descarril\u00f3 y cay\u00f3 sobre una casa, ubicada en la colonia Jardines de Casa Nueva, en Ecatepec.<\/p><\/div>\n<p>&nbsp;<\/p>\n<p>Al menos cinco integrantes de una familia murieron cuando el \u00faltimo furg\u00f3n de un tren descarrilado tir\u00f3 una barda de su vivienda en calle Manzanillo n\u00famero 40, entre Ensenada y Pe\u00f1asco, en la colonia Jardines de Casa Nueva, municipio de Ecatepec, Estado de M\u00e9xico.<\/p>\n<p>Un adolescente de 12 a\u00f1os result\u00f3 lesionado, por lo que fue trasladado por la unidad de protecci\u00f3n civil 2006 al Hospital Jos\u00e9 Mar\u00eda Rodr\u00edguez para su atenci\u00f3n m\u00e9dica.<\/p>\n<p>Las personas que murieron fueron identificadas como Julia Guadalupe Valencia, de 35 a\u00f1os; Yoselin Valencia G\u00f3mez, de 22 a\u00f1os, Karla, de 11 a\u00f1os; Leslie, de 17 a\u00f1os y Daniel, de 9 a\u00f1os, cuyos cuerpos quedaron atrapados entre los escombros de su casa.<\/p>\n<p>Alrededor de las 6:45 horas de ayer, el \u00faltimo vag\u00f3n de un tren cargado con 120 toneladas de ma\u00edz, de la empresa Ferrovalle, perteneciente al concesionario Kansas City Southern, se descarril\u00f3 por causas desconocidas y derrib\u00f3 la barda de una vivienda.<\/p>\n<p>Al lugar de los hechos arribaron seis elementos de la Polic\u00eda Municipal, ocho de la Secretar\u00eda de Seguridad del Estado de M\u00e9xico, as\u00ed como 10 integrantes de Protecci\u00f3n Civil y Bomberos de Ecatepec, quienes rescataron los cuerpos.<\/p>\n<p>La locomotora n\u00famero 4205 era conducida por el maquinista Carlos Luis L\u00f3pez Garc\u00eda de 57 a\u00f1os y Gregorio Vel\u00e1zquez Reyes de 57 a\u00f1os.<\/p>\n<p style=\"text-align: center;\"><strong>Lamenta Pe\u00f1a Nieto muertes <\/strong><\/p>\n<p>El presidente de la Rep\u00fablica, Enrique Pe\u00f1a Nieto, lament\u00f3 el fallecimiento de varias personas por el descarrilamiento de un tren en el municipio de Ecatepec, Estado de M\u00e9xico, y adelant\u00f3 que se instalar\u00e1 una comisi\u00f3n investigadora.<\/p>\n<p>A trav\u00e9s de su cuenta de Twitter, @EPN, el mandatario envi\u00f3 condolencias a las familias de las v\u00edctimas y asegur\u00f3 que las autoridades de la Secretar\u00eda de Comunicaciones y Transportes (STC) ya se encuentran trabajando en el sitio.<\/p>\n<p>\u201cLamento el fallecimiento de varias personas en Ecatepec, por el descarrilamiento de vagones de tren. Mis condolencias para sus familias. Las autoridades de la SCT se encuentran en el sitio y se instalar\u00e1 una comisi\u00f3n investigadora, para determinar las causas de lo ocurrido\u201d, escribi\u00f3 desde Asunci\u00f3n, Paraguay, donde realiza una visita oficial.<\/p>\n<p>Alfredo Del Mazo, gobernador del Estado de M\u00e9xico, tambi\u00e9n envi\u00f3 condolencias a la familia de las v\u00edctimas y afirm\u00f3 que apoyar\u00e1n en lo necesario.<\/p>\n<p style=\"text-align: center;\"><strong>Detienen al maquinista<\/strong><\/p>\n<p>El conductor del tren que se descarril\u00f3 y provoc\u00f3 la muerte de cinco personas, fue detenido para que rinda su declaraci\u00f3n.<\/p>\n<p>De acuerdo con Benjam\u00edn Alem\u00e1n, titular de la Agencia Reguladora del Transporte Ferroviario, la declaraci\u00f3n del conductor permitir\u00e1 deslindar responsabilidades.<\/p>\n<p>En un comunicado, la Secretar\u00eda de Comunicaciones y Transportes (SCT) inform\u00f3 que la Agencia Reguladora del Transporte Ferroviario instalar\u00e1 la Comisi\u00f3n Investigadora para llevar a cabo las pesquisas correspondientes para determinar las causas del lamentable accidente.<\/p>\n<p>\u201cLa SCT estar\u00e1 vigilante de que se lleven a cabo las indemnizaciones que correspondan a los afectados\u201d.<\/p>\n<p>&nbsp;<\/p>\n","protected":false},"excerpt":{"rendered":"<p>Al menos cinco integrantes de una familia murieron cuando el \u00faltimo furg\u00f3n de un tren descarrilado tir\u00f3 una barda de su vivienda en calle Manzanillo n\u00famero 40, entre Ensenada y Pe\u00f1asco, en la colonia Jardines de Casa Nueva, municipio de Ecatepec, Estado de M\u00e9xico.<\/p>\n","protected":false},"author":5,"featured_media":360364,"comment_status":"open","ping_status":"open","sticky":false,"template":"","format":"standard","meta":{"_monsterinsights_skip_tracking":false,"_monsterinsights_sitenote_active":false,"_monsterinsights_sitenote_note":"","_monsterinsights_sitenote_category":0,"footnotes":""},"categories":[5],"tags":[65522,69838,69799,69798,454,18,69800],"class_list":["post-360363","post","type-post","status-publish","format-standard","has-post-thumbnail","hentry","category-estado-de-mexico","tag-5-muertos","tag-acciidente","tag-cae-sobre-casa","tag-descarrila-tren","tag-ecatepec","tag-enrique-pena-nieto","tag-jardines-de-casa-nueva"],"_links":{"self":[{"href":"https:\/\/www.diarioimagen.net\/index.php?rest_route=\/wp\/v2\/posts\/360363","targetHints":{"allow":["GET"]}}],"collection":[{"href":"https:\/\/www.diarioimagen.net\/index.php?rest_route=\/wp\/v2\/posts"}],"about":[{"href":"https:\/\/www.diarioimagen.net\/index.php?rest_route=\/wp\/v2\/types\/post"}],"author":[{"embeddable":true,"href":"https:\/\/www.diarioimagen.net\/index.php?rest_route=\/wp\/v2\/users\/5"}],"replies":[{"embeddable":true,"href":"https:\/\/www.diarioimagen.net\/index.php?rest_route=%2Fwp%2Fv2%2Fcomments&post=360363"}],"version-history":[{"count":0,"href":"https:\/\/www.diarioimagen.net\/index.php?rest_route=\/wp\/v2\/posts\/360363\/revisions"}],"wp:featuredmedia":[{"embeddable":true,"href":"https:\/\/www.diarioimagen.net\/index.php?rest_route=\/wp\/v2\/media\/360364"}],"wp:attachment":[{"href":"https:\/\/www.diarioimagen.net\/index.php?rest_route=%2Fwp%2Fv2%2Fmedia&parent=360363"}],"wp:term":[{"taxonomy":"category","embeddable":true,"href":"https:\/\/www.diarioimagen.net\/index.php?rest_route=%2Fwp%2Fv2%2Fcategories&post=360363"},{"taxonomy":"post_tag","embeddable":true,"href":"https:\/\/www.diarioimagen.net\/index.php?rest_route=%2Fwp%2Fv2%2Ftags&post=360363"}],"curies":[{"name":"wp","href":"https:\/\/api.w.org\/{rel}","templated":true}]}}