{"id":360369,"date":"2018-01-19T00:11:35","date_gmt":"2018-01-19T06:11:35","guid":{"rendered":"http:\/\/www.diarioimagen.net\/?p=360369"},"modified":"2018-01-19T00:39:49","modified_gmt":"2018-01-19T06:39:49","slug":"solidas-las-investigaciones-contra-ex-gobernadores-pgr","status":"publish","type":"post","link":"https:\/\/www.diarioimagen.net\/?p=360369","title":{"rendered":"S\u00f3lidas, las investigaciones contra exgobernadores: PGR"},"content":{"rendered":"<ul>\n<li><strong><em>Rechaza El\u00edas Beltr\u00e1n que se trabaje bajo presi\u00f3n<\/em><\/strong><\/li>\n<\/ul>\n<p>&nbsp;<\/p>\n<div id=\"attachment_360370\" style=\"width: 470px\" class=\"wp-caption aligncenter\"><img loading=\"lazy\" decoding=\"async\" aria-describedby=\"caption-attachment-360370\" class=\"wp-image-360370 size-large\" src=\"http:\/\/www.diarioimagen.net\/wp-content\/uploads\/2018\/01\/PGR19-PORTAL-460x268.jpg\" alt=\"\" width=\"460\" height=\"268\" srcset=\"https:\/\/www.diarioimagen.net\/wp-content\/uploads\/2018\/01\/PGR19-PORTAL-460x268.jpg 460w, https:\/\/www.diarioimagen.net\/wp-content\/uploads\/2018\/01\/PGR19-PORTAL-240x140.jpg 240w, https:\/\/www.diarioimagen.net\/wp-content\/uploads\/2018\/01\/PGR19-PORTAL.jpg 480w\" sizes=\"auto, (max-width: 460px) 100vw, 460px\" \/><p id=\"caption-attachment-360370\" class=\"wp-caption-text\">La PGR no trabaja bajo ninguna presi\u00f3n ni act\u00faa conforme a los tiempos electorales, aclar\u00f3 el encargado del despacho, Alberto El\u00edas Beltr\u00e1n.<\/p><\/div>\n<p>&nbsp;<\/p>\n<p>En las investigaciones contra los ex gobernadores acusados de corrupci\u00f3n, la Procuradur\u00eda General de la Rep\u00fablica (PGR) no trabaja bajo ninguna presi\u00f3n ni act\u00faa conforme a los tiempos electorales, afirm\u00f3 el encargado del despacho, Alberto El\u00edas Beltr\u00e1n.<\/p>\n<p>Los trabajos de las indagatorias son exhaustivos, se analizan las pruebas y se integran los expedientes conforme a derecho para solicitar una extradici\u00f3n, como la que se alista contra el ex mandatario de Chihuahua, C\u00e9sar Duarte J\u00e1quez, dijo en entrevista.<\/p>\n<p>Prueba de ello, dijo, es la solidez con que fueron elaborados los expedientes contra ex gobernadores como Javier Duarte de Ochoa, de Veracruz, y Roberto Borge Angulo, de Quintana Roo, quienes ya fueron vinculados a procesos y los jueces decretaron la prisi\u00f3n preventiva para ambos.<\/p>\n<p>El\u00edas Beltr\u00e1n confirm\u00f3 que cuentan con 11 causas penales contra Duarte J\u00e1quez, de las cuales en tres casos ya tiene los expedientes listos para solicitar en los pr\u00f3ximos d\u00edas la extradici\u00f3n del ex mandatario, dos del fuero com\u00fan integradas por la Fiscal\u00eda General del Estado d e Chihuahua, y una federal, que lleva la Fiscal\u00eda Especializada para la Atenci\u00f3n de Delitos Electorales (Fepade).<\/p>\n<p>Explic\u00f3 que en ninguno de los tres casos se trata de delitos graves, por lo que se tienen que analizar muy bien las pruebas para evitar que la extradici\u00f3n que se solicite se retrase.<\/p>\n<p>Con las reservas que exige la situaci\u00f3n legal, el encargado de despacho dijo que en el caso de Duarte J\u00e1quez se tienen indicios seguros sobre su ubicaci\u00f3n, por lo que m\u00e1s que emitir una ficha roja en Interpol para la b\u00fasqueda, localizaci\u00f3n y detenci\u00f3n con fines de extradici\u00f3n, se har\u00e1 una solicitud de extradici\u00f3n directa.<\/p>\n<p>El funcionario federal detall\u00f3 que no se podr\u00eda predecir un plazo para el regreso de Duarte J\u00e1quez, ya que depende del pa\u00eds donde se realice el proceso de extradici\u00f3n, de la valoraci\u00f3n que hagan las autoridades de esa naci\u00f3n donde se lleve a cabo el proceso; sin embargo, insisti\u00f3 que los tres expedientes que soportar\u00e1n la solicitud son s\u00f3lidos y bien integrados.<\/p>\n<p>Coment\u00f3 que al igual que en otros casos, se dar\u00e1 un seguimiento cercano al proceso contra Duarte J\u00e1quez y agreg\u00f3 que esta solicitud de extradici\u00f3n de una entidad y estos expedientes o pesquisas no es el primer caso que llega a la PGR, son varios y en todos han salido adelante.<\/p>\n","protected":false},"excerpt":{"rendered":"<p>En las investigaciones contra los ex gobernadores acusados de corrupci\u00f3n, la Procuradur\u00eda General de la Rep\u00fablica (PGR) no trabaja bajo ninguna presi\u00f3n ni act\u00faa conforme a los tiempos electorales, afirm\u00f3 el encargado del despacho, Alberto El\u00edas Beltr\u00e1n.<\/p>\n","protected":false},"author":5,"featured_media":360370,"comment_status":"open","ping_status":"open","sticky":false,"template":"","format":"standard","meta":{"_monsterinsights_skip_tracking":false,"_monsterinsights_sitenote_active":false,"_monsterinsights_sitenote_note":"","_monsterinsights_sitenote_category":0,"footnotes":""},"categories":[7],"tags":[63919,69806,27029,69807,69805,43673,232,8142],"class_list":["post-360369","post","type-post","status-publish","format-standard","has-post-thumbnail","hentry","category-seguridad","tag-alberto-elias-beltran","tag-avier-duarte-de-ochoa","tag-cesar-duarte-jaquez","tag-de-veracruz","tag-ex-gobernadores","tag-nacional","tag-pgr","tag-roberto-borge-angulo"],"_links":{"self":[{"href":"https:\/\/www.diarioimagen.net\/index.php?rest_route=\/wp\/v2\/posts\/360369","targetHints":{"allow":["GET"]}}],"collection":[{"href":"https:\/\/www.diarioimagen.net\/index.php?rest_route=\/wp\/v2\/posts"}],"about":[{"href":"https:\/\/www.diarioimagen.net\/index.php?rest_route=\/wp\/v2\/types\/post"}],"author":[{"embeddable":true,"href":"https:\/\/www.diarioimagen.net\/index.php?rest_route=\/wp\/v2\/users\/5"}],"replies":[{"embeddable":true,"href":"https:\/\/www.diarioimagen.net\/index.php?rest_route=%2Fwp%2Fv2%2Fcomments&post=360369"}],"version-history":[{"count":0,"href":"https:\/\/www.diarioimagen.net\/index.php?rest_route=\/wp\/v2\/posts\/360369\/revisions"}],"wp:featuredmedia":[{"embeddable":true,"href":"https:\/\/www.diarioimagen.net\/index.php?rest_route=\/wp\/v2\/media\/360370"}],"wp:attachment":[{"href":"https:\/\/www.diarioimagen.net\/index.php?rest_route=%2Fwp%2Fv2%2Fmedia&parent=360369"}],"wp:term":[{"taxonomy":"category","embeddable":true,"href":"https:\/\/www.diarioimagen.net\/index.php?rest_route=%2Fwp%2Fv2%2Fcategories&post=360369"},{"taxonomy":"post_tag","embeddable":true,"href":"https:\/\/www.diarioimagen.net\/index.php?rest_route=%2Fwp%2Fv2%2Ftags&post=360369"}],"curies":[{"name":"wp","href":"https:\/\/api.w.org\/{rel}","templated":true}]}}