{"id":360388,"date":"2018-01-19T00:02:24","date_gmt":"2018-01-19T06:02:24","guid":{"rendered":"http:\/\/www.diarioimagen.net\/?p=360388"},"modified":"2018-01-19T03:17:07","modified_gmt":"2018-01-19T09:17:07","slug":"curso-online-desde-silicon-valley-para-lideres-emprendedores","status":"publish","type":"post","link":"https:\/\/www.diarioimagen.net\/?p=360388","title":{"rendered":"Curso <i>online<\/i> desde Silicon Valley\u00a0para l\u00edderes emprendedores"},"content":{"rendered":"<h2>\u201cHora 14\u201d<\/h2>\n<h5>Mauricio Conde Olivares<\/h5>\n<p>&nbsp;<\/p>\n<div id=\"attachment_360389\" style=\"width: 470px\" class=\"wp-caption aligncenter\"><a href=\"http:\/\/www.diarioimagen.net\/?attachment_id=360389\" rel=\"attachment wp-att-360389\"><img loading=\"lazy\" decoding=\"async\" aria-describedby=\"caption-attachment-360389\" class=\"size-large wp-image-360389\" src=\"http:\/\/www.diarioimagen.net\/wp-content\/uploads\/2018\/01\/mauricio-3288-460x259.jpg\" alt=\"\" width=\"460\" height=\"259\" srcset=\"https:\/\/www.diarioimagen.net\/wp-content\/uploads\/2018\/01\/mauricio-3288-460x259.jpg 460w, https:\/\/www.diarioimagen.net\/wp-content\/uploads\/2018\/01\/mauricio-3288-240x135.jpg 240w, https:\/\/www.diarioimagen.net\/wp-content\/uploads\/2018\/01\/mauricio-3288-235x132.jpg 235w, https:\/\/www.diarioimagen.net\/wp-content\/uploads\/2018\/01\/mauricio-3288-202x114.jpg 202w, https:\/\/www.diarioimagen.net\/wp-content\/uploads\/2018\/01\/mauricio-3288-350x196.jpg 350w, https:\/\/www.diarioimagen.net\/wp-content\/uploads\/2018\/01\/mauricio-3288-220x123.jpg 220w, https:\/\/www.diarioimagen.net\/wp-content\/uploads\/2018\/01\/mauricio-3288-237x132.jpg 237w, https:\/\/www.diarioimagen.net\/wp-content\/uploads\/2018\/01\/mauricio-3288.jpg 480w\" sizes=\"auto, (max-width: 460px) 100vw, 460px\" \/><\/a><p id=\"caption-attachment-360389\" class=\"wp-caption-text\">Las clases son impartidas en espa\u00f1ol con la metodolog\u00eda Live@Learning (clases en vivo), permitiendo interactuar con profesores y alumnos de diferentes pa\u00edses en tiempo real.<\/p><\/div>\n<p>&nbsp;<\/p>\n<p>El 2018 marcar\u00e1 una nueva era en la vida silvestre de la guacamaya roja (Ara Macao) ya que este a\u00f1o se duplicar\u00e1 la poblaci\u00f3n de esta especie, que habitaba las selvas de M\u00e9xico antes de la reintroducci\u00f3n, asegur\u00f3 Rodolfo Raigoza Figueras, director de Conservaci\u00f3n de Grupo Experiencias Xcaret.<\/p>\n<p>El especialista inform\u00f3 que las cifras de cierre de 2017 confirman que 235 ejemplares de guacamaya roja habitan con \u00e9xito en las selvas de Los Tuxtlas, en Veracruz; as\u00ed como en la regi\u00f3n de Palenque, en Chiapas, lo que revela que pronto se superar\u00e1 la cifra de 250 ejemplares que viv\u00edan en tales ecosistemas en abril de 2013, cuando comenz\u00f3 el proceso de reintroducci\u00f3n. Haber logrado incrementar la poblaci\u00f3n de la especie en un 97% constituye un gran logro, pero es resultado del trabajo de muchas personas e instancias involucradas, asegur\u00f3 el especialista.<\/p>\n<p>En tal sentido, Raigoza Figueras reconoci\u00f3 el apoyo del Instituto de Biolog\u00eda de la UNAM, de Acajungla A.C., el Ecoparque Aluxes, las reservas de Nanciyaga y La Otra Opci\u00f3n, as\u00ed como la Comisi\u00f3n Nacional de \u00c1reas Naturales Protegidas (CONANP), el Servicio de Pesca y Vida Silvestre de Estados Unidos (USFWS), Defenders of Wildlife y Bosque Antiguo A.C.<\/p>\n<p>El \u00e9xito de la reintroducci\u00f3n est\u00e1 sustentado en el programa de reproducci\u00f3n de la guacamaya roja, que inici\u00f3 Xcaret en 1994. Gracias\u00a0 a este programa es posible proveer de ejemplares, nacidos bajo cuidado humano, a las reservas de Chiapas y Veracruz, en coordinaci\u00f3n con las autoridades ambientales y particularmente con organizaciones de la sociedad civil. Adem\u00e1s de un intenso trabajo para garantizar las condiciones que permitan la supervivencia de los espec\u00edmenes en vida silvestre, se ha fomentado la conciencia de las comunidades locales para detener la captura y tr\u00e1fico il\u00edcito de la especie y, por el contrario, despertar orgullo en torno a la emblem\u00e1tica ave, que en el \u00e9poca prehisp\u00e1nica era considerada como una deidad asociada al sol. Raigoza Figueras asegur\u00f3 que Xcaret continuar\u00e1 donando espec\u00edmenes para sustentar el proyecto y alcanzar las metas establecidas en 2013.<\/p>\n<p>Xcaret (www.xcaret.com) es un\u00a0 parque dedicado a la recreaci\u00f3n tur\u00edstica sostenible, que desde 1990 mantiene buenas pr\u00e1cticas a favor del bienestar animal y la vida silvestre en M\u00e9xico. Es aliado de las autoridades federales en el resguardo y protecci\u00f3n de especies afectadas por varamientos, accidentes, destrucci\u00f3n de h\u00e1bitats y tr\u00e1fico ilegal. Sus programas de conservaci\u00f3n de la tortuga marina, los arrecifes de coral y la guacamaya roja tienen reconocimiento internacional.<\/p>\n<p>Por otra parte, ahora le comento algunos pasajes de reciente exposici\u00f3n sobre periodismo que hizo Andrea Vial, fundadora de la Escuela de Periodismo de la Universidad Alberto Hurtado, en Chile.<\/p>\n<p>En un mon\u00f3logo casi natural, no de memoria sino que de pura inspiraci\u00f3n, Vial se pregunt\u00f3: \u201c\u00bfPor d\u00f3nde se va a salvar el periodismo?\u201d. Y luego se respondi\u00f3, a s\u00ed misma: \u201cNo, no muere. Est\u00e1 m\u00e1s fortalecido que nunca porque es m\u00e1s necesario que nunca. El periodismo tiene que ser curador en este mundo tecnol\u00f3gico lleno de informaci\u00f3n, donde las audiencias pasan de ser pasivas a audiencias plenamente activas. Hoy es mucho m\u00e1s desafiante y fascinante nuestro rol\u201d.<\/p>\n<p>Vial enfatiz\u00f3 que debemos trabajar con pasi\u00f3n y curiosidad, teniendo siempre \u201cuna mirada esc\u00e9ptica de la realidad\u201d y con la responsabilidad de mirar las circunstancias \u201ccon nuestros propios ojos\u201d.<\/p>\n<p>Tambi\u00e9n explic\u00f3 que los periodistas, \u201clo que nosotros hacemos es entregar m\u00e1s y mejor informaci\u00f3n en t\u00e9rminos de, o lo que dijo el se\u00f1or es verdad, o es solo una opini\u00f3n, o solo es propaganda. Que la gente tenga herramientas para comprender la realidad y saber cu\u00e1ndo le mienten y cu\u00e1ndo no\u201d.<\/p>\n<p>Sin embargo, Andrea Vial cree que a\u00fan enfrentamos un gran problema: \u201cNo estamos formados para entender los datos e informaci\u00f3n estad\u00edstica. Hoy es un desaf\u00edo period\u00edstico ser capaces de entregar correctamente los datos. Las historias est\u00e1n ah\u00ed\u201d.<\/p>\n<p>Adem\u00e1s, plante\u00f3 otro desaf\u00edo, enfocado en las relaciones que los periodistas establecemos durante el reporteo. \u201cNuestras lealtades est\u00e1n con la gente, no con las \u00e9lites. Debemos tener una distancia cr\u00edtica con las fuentes\u201d. \u201cEl problema grave est\u00e1 en el conflicto de inter\u00e9s, cuando quedamos de \u00edntimos amigos con las fuentes\u201d.<\/p>\n<p>Entonces, Andrea Vial record\u00f3 una frase de la periodista inglesa Tina Brown que sirve como cierre y advertencia: \u201cNo tenemos amigos, tenemos contactos\u201d.<\/p>\n<p>Tambi\u00e9n le comento que desde Silicon Valley, remitieron la siguiente convocatoria pues\u00a0 con el prop\u00f3sito de continuar brindando acceso a Programas de Alta Formaci\u00f3n Internacional, doinGlobal y la Universidad de Salamanca (Espa\u00f1a) presentan una nueva edici\u00f3n de la Certificaci\u00f3n Profesional: Innovation Management.<\/p>\n<p>Es un programa con titulaci\u00f3n de reconocimiento internacional (avalado por la Comunidad Europea) que brinda acceso a procesos, mejores pr\u00e1cticas, herramientas y metodolog\u00edas que permiten adoptar nuevas estrategias relacionadas al dise\u00f1o, planificaci\u00f3n y gesti\u00f3n de la innovaci\u00f3n para el desarrollo de nuevos productos y servicios en organizaciones y empresas con proyecci\u00f3n internacional.<\/p>\n<p>Una propuesta acad\u00e9mica a la altura de las exigencias de la comunidad internacional, con el fin de dotar a los participantes del conocimiento y las habilidades necesarias para desarrollar procesos de innovaci\u00f3n en cualquier tipo de empresa u organizaci\u00f3n.<\/p>\n<p>Orientado a empresarios, emprendedores, ceos, gerentes, directores, asesores de entidades gubernamentales y no gubernamentales consultores, y profesionales especializados en innovaci\u00f3n, en distintos tipos de organizaciones.<\/p>\n<p>Participan expertos en innovaci\u00f3n de diferentes pa\u00edses: China, Colombia, Espa\u00f1a, M\u00e9xico, y Argentina, convirti\u00e9ndola en la mejor opci\u00f3n de Alta Formaci\u00f3n en Innovaci\u00f3n en idioma espa\u00f1ol.<\/p>\n<p>Con una duraci\u00f3n de 4 meses de cursado 100% Online (Anytime\/ Anywhere), este programa presenta una propuesta acad\u00e9mica de nivel internacional. Las clases son impartidas en espa\u00f1ol con la metodolog\u00eda Live@Learning (clases en vivo), permitiendo interactuar con profesores y alumnos de diferentes pa\u00edses en tiempo real, a trav\u00e9s de una webcam. Un Proceso de Aprendizaje novedoso e innovador, enriquecido con Conferencias en Vivo, Casos Pr\u00e1cticos, Foros de An\u00e1lisis y un Canal de Chat directo con profesores especialistas.<\/p>\n<p>doinGlobal&#x2122; es una organizaci\u00f3n orientada al desarrollo de L\u00edderes Globales. Una nueva generaci\u00f3n de profesionales que incorpora mejores pr\u00e1cticas compartiendo experiencias con expertos de todo el mundo.<\/p>\n<p>La Universidad de Salamanca, fundada en 1218, cumple 800 a\u00f1os en mayo de 2018, siendo la m\u00e1s antigua de Espa\u00f1a y del mundo hisp\u00e1nico, y la tercera m\u00e1s antigua de Europa, junto con las de Bolonia, Oxford y Par\u00eds (hoy La Sorbona). Su gran capacidad de atracci\u00f3n de alumnos encuentra su fundamento en las certificaciones, cr\u00e9ditos y t\u00edtulos que presenta, de validez en toda la Comunidad Europea, y con gran reconocimiento internacional.<\/p>\n<p>Est\u00e1 previsto el cierre de inscripciones el pr\u00f3ximo 8 de febrero y tienen 30% de descuento quienes se anoten antes del 25 de enero; empero lo anterior ser\u00e1 motivo de posterior an\u00e1lisis en otra entrega de <strong><em>Hora 14<\/em><\/strong>.<\/p>\n<p><em><a href=\"mailto:mauricioconde59@outlook.com\" target=\"_blank\" rel=\"noopener\">mauricioconde59@outlook.com<\/a><\/em><\/p>\n","protected":false},"excerpt":{"rendered":"<p><span style=\"color: #005497;\"><strong>Mauricio Conde Olivares<\/strong><\/span><\/p>\n","protected":false},"author":1,"featured_media":360389,"comment_status":"open","ping_status":"open","sticky":false,"template":"","format":"standard","meta":{"_monsterinsights_skip_tracking":false,"_monsterinsights_sitenote_active":false,"_monsterinsights_sitenote_note":"","_monsterinsights_sitenote_category":0,"footnotes":""},"categories":[35889],"tags":[43712,43674,44860],"class_list":["post-360388","post","type-post","status-publish","format-standard","has-post-thumbnail","hentry","category-mauricio-conde-olivares","tag-mauricio-conde-olivares","tag-opinion","tag-hora-14"],"_links":{"self":[{"href":"https:\/\/www.diarioimagen.net\/index.php?rest_route=\/wp\/v2\/posts\/360388","targetHints":{"allow":["GET"]}}],"collection":[{"href":"https:\/\/www.diarioimagen.net\/index.php?rest_route=\/wp\/v2\/posts"}],"about":[{"href":"https:\/\/www.diarioimagen.net\/index.php?rest_route=\/wp\/v2\/types\/post"}],"author":[{"embeddable":true,"href":"https:\/\/www.diarioimagen.net\/index.php?rest_route=\/wp\/v2\/users\/1"}],"replies":[{"embeddable":true,"href":"https:\/\/www.diarioimagen.net\/index.php?rest_route=%2Fwp%2Fv2%2Fcomments&post=360388"}],"version-history":[{"count":0,"href":"https:\/\/www.diarioimagen.net\/index.php?rest_route=\/wp\/v2\/posts\/360388\/revisions"}],"wp:featuredmedia":[{"embeddable":true,"href":"https:\/\/www.diarioimagen.net\/index.php?rest_route=\/wp\/v2\/media\/360389"}],"wp:attachment":[{"href":"https:\/\/www.diarioimagen.net\/index.php?rest_route=%2Fwp%2Fv2%2Fmedia&parent=360388"}],"wp:term":[{"taxonomy":"category","embeddable":true,"href":"https:\/\/www.diarioimagen.net\/index.php?rest_route=%2Fwp%2Fv2%2Fcategories&post=360388"},{"taxonomy":"post_tag","embeddable":true,"href":"https:\/\/www.diarioimagen.net\/index.php?rest_route=%2Fwp%2Fv2%2Ftags&post=360388"}],"curies":[{"name":"wp","href":"https:\/\/api.w.org\/{rel}","templated":true}]}}