{"id":360391,"date":"2018-01-19T00:01:12","date_gmt":"2018-01-19T06:01:12","guid":{"rendered":"http:\/\/www.diarioimagen.net\/?p=360391"},"modified":"2018-01-19T00:13:06","modified_gmt":"2018-01-19T06:13:06","slug":"querida-espana-es-la-carta-que-mexico-dirige-a-espana-para-invitar-a-los-turistas-a-conocer-los-atractivos-que-nuestro-pais-ofrece","status":"publish","type":"post","link":"https:\/\/www.diarioimagen.net\/?p=360391","title":{"rendered":"Querida Espa\u00f1a\u2026, es la \u201ccarta\u201d que M\u00e9xico dirige a Espa\u00f1a para invitar a los turistas a conocer los atractivos que nuestro pa\u00eds ofrece"},"content":{"rendered":"<h2>De cinco estrellas<\/h2>\n<h5>Victoria Gonz\u00e1lez Prado<\/h5>\n<p>&nbsp;<\/p>\n<ul>\n<li><em><strong>M\u00e9xico podr\u00eda ocupar el s\u00e9ptimo lugar del <\/strong><\/em><strong>ranking<\/strong><em><strong> mundial en captaci\u00f3n de turistas internacionales<\/strong><\/em><\/li>\n<li><em><strong>Aerom\u00e9xico\u00a0transport\u00f3, en 2017, m\u00e1s de 20 millones de pasajeros, un crecimiento de 4.9\u00a0por ciento,\u00a0en relaci\u00f3n\u00a0con el a\u00f1o anterior<\/strong><\/em><\/li>\n<li><em><strong>C\u00e9lida Puente, gerente de Marketing de <\/strong><\/em><strong>PriceTravel Holding<\/strong><em><strong>, busca reforzar las relaciones con sus socios comerciales, hoteleros, operadoras y otros<\/strong><\/em><\/li>\n<\/ul>\n<p>&nbsp;<\/p>\n<div id=\"attachment_360392\" style=\"width: 470px\" class=\"wp-caption aligncenter\"><a href=\"http:\/\/www.diarioimagen.net\/?attachment_id=360392\" rel=\"attachment wp-att-360392\"><img loading=\"lazy\" decoding=\"async\" aria-describedby=\"caption-attachment-360392\" class=\"size-large wp-image-360392\" src=\"http:\/\/www.diarioimagen.net\/wp-content\/uploads\/2018\/01\/turismo-3288-460x345.jpg\" alt=\"\" width=\"460\" height=\"345\" srcset=\"https:\/\/www.diarioimagen.net\/wp-content\/uploads\/2018\/01\/turismo-3288-460x345.jpg 460w, https:\/\/www.diarioimagen.net\/wp-content\/uploads\/2018\/01\/turismo-3288-240x180.jpg 240w, https:\/\/www.diarioimagen.net\/wp-content\/uploads\/2018\/01\/turismo-3288.jpg 700w\" sizes=\"auto, (max-width: 460px) 100vw, 460px\" \/><\/a><p id=\"caption-attachment-360392\" class=\"wp-caption-text\">Durante la inauguraci\u00f3n del stand de M\u00e9xico en la Fitur 2018.<\/p><\/div>\n<p>&nbsp;<\/p>\n<p><strong>Madrid, Espa\u00f1a<\/strong>.- <b>Enrique de la Madrid<\/b>, secretario de Turismo, luego de inaugurar el Pabell\u00f3n de M\u00e9xico, en IFEMA, acudi\u00f3 a la presentaci\u00f3n del video Querida Espa\u00f1a, \u201ccarta\u201d enviada por M\u00e9xico en la que invita a los espa\u00f1oles a conocer los atractivos que nuestro pa\u00eds ofrece. La \u201ccarta\u201d forma parte de la nueva estrategia internacional puesta en marcha desde el a\u00f1o pasado por el CPTM, para atraer m\u00e1s turismo a los destinos nacionales.<\/p>\n<p>Asimismo, el titular de la Sectur se refiri\u00f3\u00a0 el buen momento por el que atraviesa el turismo en M\u00e9xico y que se ve reflejado en cifras muy positivas al cierre del 2017, pues de acuerdo con estimaciones del Banco de M\u00e9xico (Banxico) y cifras de Datatur, al cierre de 2017 nuestro pa\u00eds alcanz\u00f3 39 millones de visitantes, es decir, un incremento de m\u00e1s de 50 por ciento, con relaci\u00f3n al mismo periodo de 2012, a\u00f1o en que arribaron al pa\u00eds 23.4 millones de turistas extranjeros.<\/p>\n<p><b>De la Madrid Cordero<\/b> consider\u00f3 que la captaci\u00f3n de divisas en M\u00e9xico podr\u00eda alcanzar los 21 mil 300 millones de d\u00f3lares, equivalente a un aumento de 54 por ciento, en relaci\u00f3n al mismo de 2012, cuando se obtuvieron 12 mil 700 millones de d\u00f3lares.<\/p>\n<p>Ante estas cifras positivas, estim\u00f3 que M\u00e9xico podr\u00eda escalar una posici\u00f3n m\u00e1s para y ubicarse en el s\u00e9ptimo lugar del ranking mundial en captaci\u00f3n de turistas internacionales, lo que confirmar\u00eda la tendencia de crecimiento de la actividad tur\u00edstica en nuestro pa\u00eds, pese a los fen\u00f3menos naturales registrados el a\u00f1o pasado y otros factores externos.<\/p>\n<p>Con respecto a la conectividad entre M\u00e9xico y Espa\u00f1a, expres\u00f3 que el tema es relevante para el intercambio tur\u00edstico entre ambas naciones, ejemplo de ello, es la proyecci\u00f3n del n\u00famero de asientos que se tienen para que m\u00e1s de 68 mil pasajeros de ese destino viajen a nuestro pa\u00eds durante 2018.<\/p>\n<p>De la Madrid Cordero explic\u00f3 que en los \u00faltimos a\u00f1os han desarrollado programas conjuntos las oficinas del Consejo de Promoci\u00f3n Tur\u00edstica de M\u00e9xico (CPTM) en Espa\u00f1a y la empresa ib\u00e9rica Globalia para impulsar el turismo durante la temporada de verano de los destinos de ambos pa\u00edses.<\/p>\n<p>De igual forma, dijo que en 2017 la llegada de turistas espa\u00f1oles a nuestro pa\u00eds creci\u00f3 respecto al a\u00f1o anterior. De enero a junio del a\u00f1o pasado se realizaron m\u00e1s de 129 vuelos directos por mes desde Espa\u00f1a, es decir, cuatro vuelos diarios aproximadamente. En 2021 se prev\u00e9 que lleguen 472 mil visitantes desde la naci\u00f3n ib\u00e9rica.<\/p>\n<p><b>Enrique de la Madrid<\/b>\u00a0 subray\u00f3 que 74 por ciento de los turistas espa\u00f1oles que visitan M\u00e9xico es de nivel educativo alto y el 93 por ciento corresponde a ingresos medio\/altos y altos; 34 por ciento se hospedan en hoteles de 5 estrellas y el 25 por ciento en hoteles de 4 estrellas, 51 por ciento tiene entre 35 y 54 a\u00f1os. El 42 por ciento son j\u00f3venes entre 15-34 a\u00f1os.<\/p>\n<p>Destac\u00f3 que el desempe\u00f1o del turismo por v\u00eda a\u00e9rea ha crecido 10.9 por ciento y sum\u00f3 13.8 millones de turistas en el periodo enero-septiembre del 2017. Comparado con el mismo periodo de 2012, el crecimiento es de 63.7 por ciento.<\/p>\n<p>\u201cA este buen desempe\u00f1o han contribuido el crecimiento en la conectividad y la apertura de nuevos vuelos; la conectividad a\u00e9rea ha registrado un gran dinamismo, ejemplo de ello es que en el periodo enero-octubre llegaron a los destinos del pa\u00eds cerca de 152 mil vuelos internacionales, lo que representa un crecimiento de 8.1 por ciento\u201d.<\/p>\n<p>\u2730\u2730\u2730\u2730\u2730 Por otra parte, en un comunicado emitido por la Secretar\u00eda de Turismo federal, dice que la presencia de M\u00e9xico en la Fitur 2018, representa para el gobierno de la Rep\u00fablica\u00a0la oportunidad de promover este\u00a0sector estrat\u00e9gico\u00a0y consolidar al turismo como uno de los principales motores de\u00a0la econom\u00eda, atrayendo\u00a0m\u00e1s turistas y\u00a0nuevas inversiones para el desarrollo de los destinos de M\u00e9xico.<\/p>\n<p>La conectividad a\u00e9rea ha sido fundamental para posicionar al pa\u00eds como un actor relevante en el flujo de turistas internacionales, en el que Aerom\u00e9xico como actor clave ha desempe\u00f1ado una labor\u00a0muy\u00a0importante al ser la \u00fanica aerol\u00ednea de M\u00e9xico con operaciones en tres continentes.<\/p>\n<p>Al respecto, la informaci\u00f3n emitida destaca que en 2017,\u00a0Aerom\u00e9xico\u00a0transport\u00f3 una cifra r\u00e9cord de m\u00e1s de 20 millones de pasajeros, un crecimiento de 4.9\u00a0por ciento\u00a0en relaci\u00f3n\u00a0con el a\u00f1o anterior,\u00a0de los cuales fueron 7 millones 472 mil\u00a0pasajeros internacionales.<\/p>\n<p>Con 12 vuelos semanales en la ruta Madrid-Ciudad de M\u00e9xico, en 2017, Aerom\u00e9xico aument\u00f3 un 13.9 por ciento el n\u00famero de pasajeros transportados, comparado con el mismo periodo de 2016.<\/p>\n<p>\u2730\u2730\u2730\u2730\u2730 Con la intenci\u00f3n de fortalecer relaciones de negocios a nivel internacional, <i>PriceTravel Holding<\/i>, representada por <b>C\u00e9lida Puente<\/b>, gerente de Marketing\u00a0 participa en la Fitur y se re\u00fane con socios comerciales, hoteleros, operadores terrestres y oficinas de turismo, entre otros.<\/p>\n<p>Cabe destacar que <i>Price Travel Holding<\/i> cuenta con gran diversidad de productos, y en esta plataforma de negocios lograr\u00e1 ampliar a\u00fan m\u00e1s su oferta de servicios a clientes y reforzar su posici\u00f3n de valor para proveedores, ya que al tener un modelo de negocios multicanal, logra atender a mercados clave para la industria de turismo nacional e internacional.<\/p>\n<p>As\u00ed, la agencia de viajes <i>online<\/i> y mayorista<b> <\/b>se posiciona como innovadora en M\u00e9xico y Latinoam\u00e9rica al ser Espa\u00f1a mercado clave ya que representa uno de los cinco pa\u00edses de Europa que m\u00e1s visitan M\u00e9xico.<\/p>\n<p><em><a href=\"mailto:victoriagprado@gmail.com\" target=\"_blank\" rel=\"noopener\">victoriagprado@gmail.com<\/a><\/em><br \/>\nTwitter: <a href=\"https:\/\/twitter.com\/victoriagprado\" target=\"_blank\" rel=\"noopener\">@victoriagprado<\/a><\/p>\n","protected":false},"excerpt":{"rendered":"<p><b>Enrique de la Madrid<\/b>, secretario de Turismo, luego de inaugurar el Pabell\u00f3n de M\u00e9xico, en IFEMA, acudi\u00f3 a la presentaci\u00f3n del video Querida Espa\u00f1a, \u201ccarta\u201d enviada por M\u00e9xico en la que invita a los espa\u00f1oles a conocer los atractivos que nuestro pa\u00eds ofrece. La \u201ccarta\u201d forma parte de la nueva estrategia internacional puesta en marcha desde el a\u00f1o pasado por el CPTM, para atraer m\u00e1s turismo a los destinos nacionales.<\/p>\n","protected":false},"author":1,"featured_media":360392,"comment_status":"open","ping_status":"open","sticky":false,"template":"","format":"standard","meta":{"_monsterinsights_skip_tracking":false,"_monsterinsights_sitenote_active":false,"_monsterinsights_sitenote_note":"","_monsterinsights_sitenote_category":0,"footnotes":""},"categories":[11],"tags":[107,43681,106],"class_list":["post-360391","post","type-post","status-publish","format-standard","has-post-thumbnail","hentry","category-turismo","tag-de-cinco-estrellas","tag-turismo","tag-victoria-gonzalez-prado"],"_links":{"self":[{"href":"https:\/\/www.diarioimagen.net\/index.php?rest_route=\/wp\/v2\/posts\/360391","targetHints":{"allow":["GET"]}}],"collection":[{"href":"https:\/\/www.diarioimagen.net\/index.php?rest_route=\/wp\/v2\/posts"}],"about":[{"href":"https:\/\/www.diarioimagen.net\/index.php?rest_route=\/wp\/v2\/types\/post"}],"author":[{"embeddable":true,"href":"https:\/\/www.diarioimagen.net\/index.php?rest_route=\/wp\/v2\/users\/1"}],"replies":[{"embeddable":true,"href":"https:\/\/www.diarioimagen.net\/index.php?rest_route=%2Fwp%2Fv2%2Fcomments&post=360391"}],"version-history":[{"count":0,"href":"https:\/\/www.diarioimagen.net\/index.php?rest_route=\/wp\/v2\/posts\/360391\/revisions"}],"wp:featuredmedia":[{"embeddable":true,"href":"https:\/\/www.diarioimagen.net\/index.php?rest_route=\/wp\/v2\/media\/360392"}],"wp:attachment":[{"href":"https:\/\/www.diarioimagen.net\/index.php?rest_route=%2Fwp%2Fv2%2Fmedia&parent=360391"}],"wp:term":[{"taxonomy":"category","embeddable":true,"href":"https:\/\/www.diarioimagen.net\/index.php?rest_route=%2Fwp%2Fv2%2Fcategories&post=360391"},{"taxonomy":"post_tag","embeddable":true,"href":"https:\/\/www.diarioimagen.net\/index.php?rest_route=%2Fwp%2Fv2%2Ftags&post=360391"}],"curies":[{"name":"wp","href":"https:\/\/api.w.org\/{rel}","templated":true}]}}