{"id":360426,"date":"2018-01-19T00:08:08","date_gmt":"2018-01-19T06:08:08","guid":{"rendered":"http:\/\/www.diarioimagen.net\/?p=360426"},"modified":"2018-01-19T03:36:53","modified_gmt":"2018-01-19T09:36:53","slug":"bulevar-sor-juana-ines-de-la-cruz-reconocido-por-la-cmic","status":"publish","type":"post","link":"https:\/\/www.diarioimagen.net\/?p=360426","title":{"rendered":"Bulevar \u201cSor Juana In\u00e9s de la Cruz\u201d, reconocido por la CMIC"},"content":{"rendered":"<ul>\n<li><strong><em>Por su innovaci\u00f3n y aporte social<\/em><\/strong><\/li>\n<\/ul>\n<p>&nbsp;<\/p>\n<div id=\"attachment_360521\" style=\"width: 470px\" class=\"wp-caption aligncenter\"><a href=\"http:\/\/www.diarioimagen.net\/?attachment_id=360521\" rel=\"attachment wp-att-360521\"><img loading=\"lazy\" decoding=\"async\" aria-describedby=\"caption-attachment-360521\" class=\"size-large wp-image-360521\" src=\"http:\/\/www.diarioimagen.net\/wp-content\/uploads\/2018\/01\/BULEVAR-SOR-JUANA-3288-460x259.jpg\" alt=\"\" width=\"460\" height=\"259\" srcset=\"https:\/\/www.diarioimagen.net\/wp-content\/uploads\/2018\/01\/BULEVAR-SOR-JUANA-3288-460x259.jpg 460w, https:\/\/www.diarioimagen.net\/wp-content\/uploads\/2018\/01\/BULEVAR-SOR-JUANA-3288-240x135.jpg 240w, https:\/\/www.diarioimagen.net\/wp-content\/uploads\/2018\/01\/BULEVAR-SOR-JUANA-3288-235x132.jpg 235w, https:\/\/www.diarioimagen.net\/wp-content\/uploads\/2018\/01\/BULEVAR-SOR-JUANA-3288-202x114.jpg 202w, https:\/\/www.diarioimagen.net\/wp-content\/uploads\/2018\/01\/BULEVAR-SOR-JUANA-3288-350x196.jpg 350w, https:\/\/www.diarioimagen.net\/wp-content\/uploads\/2018\/01\/BULEVAR-SOR-JUANA-3288-220x123.jpg 220w, https:\/\/www.diarioimagen.net\/wp-content\/uploads\/2018\/01\/BULEVAR-SOR-JUANA-3288-237x132.jpg 237w, https:\/\/www.diarioimagen.net\/wp-content\/uploads\/2018\/01\/BULEVAR-SOR-JUANA-3288.jpg 480w\" sizes=\"auto, (max-width: 460px) 100vw, 460px\" \/><\/a><p id=\"caption-attachment-360521\" class=\"wp-caption-text\">LA CMIC reconoci\u00f3 al bulevar \u201cSor Juana In\u00e9s de la Cruz\u201d, por ser una obra innovadora y de calidad.<\/p><\/div>\n<p>&nbsp;<\/p>\n<p><strong>Toluca, Estado de M\u00e9xico<\/strong>.- La C\u00e1mara Mexicana de la Industria de la Construcci\u00f3n (CMIC) reconoci\u00f3 al bulevar \u201cSor Juana In\u00e9s de la Cruz\u201d, por ser una obra innovadora, de calidad y gran aporte social para la zona metropolitana de la capital del Estado.<\/p>\n<p>El premio al \u201cConstructor Mexiquense 2017\u201d fue entregado por la CMIC a la Constructora Gisol, SA de CV, la cual se encarg\u00f3 de ejecutar la primera etapa de esta importante obra vial, que facilita la conexi\u00f3n entre los municipios de Toluca, Metepec y San Mateo Atenco. Tambi\u00e9n agiliza la conducci\u00f3n del caudal pluvial que cruza desde Cacalomac\u00e1n y que desemboca en el R\u00edo Lerma, lo que significa un gran aporte a la infraestructura de manejo de agua pluvial y residual.<\/p>\n<p>Al respecto, Germ\u00e1n Carniado, director general de la Junta de Caminos del Estado de M\u00e9xico, dijo que la obra implic\u00f3 un gran reto t\u00e9cnico, pues el entubamiento del canal San Isidro se realiz\u00f3 con procedimientos innovadores para la colocaci\u00f3n de cajones de concreto, de 16 toneladas promedio cada uno y para su colocaci\u00f3n utilizando gr\u00faas de 60 y 120 toneladas y excavadoras.<\/p>\n<p>Adem\u00e1s, se ejecutaron maniobras en terrenos inestables, rodeados de casas habitaci\u00f3n y cableado a\u00e9reo. Actualmente se construye la segunda etapa del mismo bulevar de dos cuerpos a cuatro carriles, con un avance de 65 por ciento.<\/p>\n<p>Esta etapa abarcar\u00e1 de la calle 16 de Septiembre, cruzando el Circuito Exterior Metropolitano, hasta la calle Chapultepec, en el municipio de San Mateo Atenco.<\/p>\n","protected":false},"excerpt":{"rendered":"<p>La C\u00e1mara Mexicana de la Industria de la Construcci\u00f3n (CMIC) reconoci\u00f3 al bulevar \u201cSor Juana In\u00e9s de la Cruz\u201d, por ser una obra innovadora, de calidad y gran aporte social para la zona metropolitana de la capital del Estado.<\/p>\n","protected":false},"author":3,"featured_media":360521,"comment_status":"open","ping_status":"open","sticky":false,"template":"","format":"standard","meta":{"_monsterinsights_skip_tracking":false,"_monsterinsights_sitenote_active":false,"_monsterinsights_sitenote_note":"","_monsterinsights_sitenote_category":0,"footnotes":""},"categories":[35155],"tags":[22765,43675,452],"class_list":["post-360426","post","type-post","status-publish","format-standard","has-post-thumbnail","hentry","category-estado-de-mexico-estado-de-mexico","tag-camara-mexicana-de-la-industria-de-la-construccion","tag-estado-de-mexico","tag-toluca"],"_links":{"self":[{"href":"https:\/\/www.diarioimagen.net\/index.php?rest_route=\/wp\/v2\/posts\/360426","targetHints":{"allow":["GET"]}}],"collection":[{"href":"https:\/\/www.diarioimagen.net\/index.php?rest_route=\/wp\/v2\/posts"}],"about":[{"href":"https:\/\/www.diarioimagen.net\/index.php?rest_route=\/wp\/v2\/types\/post"}],"author":[{"embeddable":true,"href":"https:\/\/www.diarioimagen.net\/index.php?rest_route=\/wp\/v2\/users\/3"}],"replies":[{"embeddable":true,"href":"https:\/\/www.diarioimagen.net\/index.php?rest_route=%2Fwp%2Fv2%2Fcomments&post=360426"}],"version-history":[{"count":0,"href":"https:\/\/www.diarioimagen.net\/index.php?rest_route=\/wp\/v2\/posts\/360426\/revisions"}],"wp:featuredmedia":[{"embeddable":true,"href":"https:\/\/www.diarioimagen.net\/index.php?rest_route=\/wp\/v2\/media\/360521"}],"wp:attachment":[{"href":"https:\/\/www.diarioimagen.net\/index.php?rest_route=%2Fwp%2Fv2%2Fmedia&parent=360426"}],"wp:term":[{"taxonomy":"category","embeddable":true,"href":"https:\/\/www.diarioimagen.net\/index.php?rest_route=%2Fwp%2Fv2%2Fcategories&post=360426"},{"taxonomy":"post_tag","embeddable":true,"href":"https:\/\/www.diarioimagen.net\/index.php?rest_route=%2Fwp%2Fv2%2Ftags&post=360426"}],"curies":[{"name":"wp","href":"https:\/\/api.w.org\/{rel}","templated":true}]}}