{"id":360440,"date":"2018-01-19T00:10:39","date_gmt":"2018-01-19T06:10:39","guid":{"rendered":"http:\/\/www.diarioimagen.net\/?p=360440"},"modified":"2018-01-19T03:44:49","modified_gmt":"2018-01-19T09:44:49","slug":"acusa-scjn-ahora-a-ex-alcaldesa-de-coacalco-laura-gonzalez","status":"publish","type":"post","link":"https:\/\/www.diarioimagen.net\/?p=360440","title":{"rendered":"Acusa SCJN, ahora, a ex alcaldesa de Coacalco, Laura Gonz\u00e1lez"},"content":{"rendered":"<ul>\n<li><strong><em>Por incumplir una sentencia de amparo<\/em><\/strong><\/li>\n<\/ul>\n<p>&nbsp;<\/p>\n<div id=\"attachment_360530\" style=\"width: 470px\" class=\"wp-caption aligncenter\"><a href=\"http:\/\/www.diarioimagen.net\/?attachment_id=360530\" rel=\"attachment wp-att-360530\"><img loading=\"lazy\" decoding=\"async\" aria-describedby=\"caption-attachment-360530\" class=\"size-large wp-image-360530\" src=\"http:\/\/www.diarioimagen.net\/wp-content\/uploads\/2018\/01\/SJCN-3288-460x259.jpg\" alt=\"\" width=\"460\" height=\"259\" srcset=\"https:\/\/www.diarioimagen.net\/wp-content\/uploads\/2018\/01\/SJCN-3288-460x259.jpg 460w, https:\/\/www.diarioimagen.net\/wp-content\/uploads\/2018\/01\/SJCN-3288-240x135.jpg 240w, https:\/\/www.diarioimagen.net\/wp-content\/uploads\/2018\/01\/SJCN-3288-235x132.jpg 235w, https:\/\/www.diarioimagen.net\/wp-content\/uploads\/2018\/01\/SJCN-3288-202x114.jpg 202w, https:\/\/www.diarioimagen.net\/wp-content\/uploads\/2018\/01\/SJCN-3288-350x196.jpg 350w, https:\/\/www.diarioimagen.net\/wp-content\/uploads\/2018\/01\/SJCN-3288-220x123.jpg 220w, https:\/\/www.diarioimagen.net\/wp-content\/uploads\/2018\/01\/SJCN-3288-237x132.jpg 237w, https:\/\/www.diarioimagen.net\/wp-content\/uploads\/2018\/01\/SJCN-3288.jpg 480w\" sizes=\"auto, (max-width: 460px) 100vw, 460px\" \/><\/a><p id=\"caption-attachment-360530\" class=\"wp-caption-text\">La SCJN va contra la ex alcaldesa sustituta de Coacalco, Laura Nallely Gonz\u00e1lez Garc\u00eda, por incumplir una sentencia de amparo.<\/p><\/div>\n<p>&nbsp;<\/p>\n<p>La Suprema Corte de Justicia de la Naci\u00f3n (SCJN) presentar\u00e1 acusaci\u00f3n penal por desacato contra la ex alcaldesa sustituta de Coacalco, Estado de M\u00e9xico, por incumplir una sentencia de amparo.<\/p>\n<p>Laura Nallely Gonz\u00e1lez Garc\u00eda, quien gobern\u00f3 Coacalco de marzo a diciembre de 2015, ser\u00e1 acusada por ignorar el amparo otorgado a Jorge de Murga \u00c1lvarez, quien tiene derecho a indemnizaci\u00f3n de 8.8 millones de pesos por la expropiaci\u00f3n ilegal de dos terrenos para la construcci\u00f3n de calles en la colonia San Francisco Coacalco.<\/p>\n<p>El pleno de la Corte tambi\u00e9n aprob\u00f3 ayer fincar un nuevo cargo por este delito a 13 ex regidores del municipio en el periodo 2013-2015, quienes desde el martes pasado ya hab\u00edan sido se\u00f1alados por el m\u00e1ximo tribunal para enfrentar una acusaci\u00f3n similar por otro desacato.<\/p>\n<p>El ministro, Jorge Pardo Rebolledo, inform\u00f3 en la sesi\u00f3n que el Cabildo encabezado por Gonz\u00e1lez Garc\u00eda solicit\u00f3 durante 2015 m\u00faltiples pr\u00f3rrogas, con el \u00fanico fin de evadir el cumplimiento del amparo, que tiene que ser v\u00eda pago en efectivo, porque los terrenos ya no pueden ser devueltos.<\/p>\n<p>Detall\u00f3 que no procede sancionar al Cabildo del periodo 2016-2018 por este caso, ya que ante la falta de recursos presupuestales est\u00e1 subastando inmuebles del municipio para juntar el dinero.<\/p>\n<p>El martes pasado, la Corte destituy\u00f3 y orden\u00f3 consignar al ahora ex alcalde pri\u00edsta Erwin Castel\u00e1n y todo el Cabildo de Coacalco por desacatar un amparo que ordena cumplir un laudo laboral por 4.1 millones de pesos.<\/p>\n<p>Por ese asunto, tambi\u00e9n ser\u00e1 procesado penalmente el ex alcalde y actual diputado federal, David S\u00e1nchez Isidoro, a quien Laura Gonz\u00e1lez reemplaz\u00f3 en marzo de 2015.<\/p>\n<p>Si bien el desacato no amerita prisi\u00f3n preventiva durante el proceso, una vez que los funcionarios sean declarados culpables, la pena m\u00ednima ser\u00e1 de cinco a\u00f1os de c\u00e1rcel.<\/p>\n<p>Los casos discutidos hoy son, por el momento, los \u00faltimos en una lista de incidentes de inejecuci\u00f3n que en tres sesiones resultaron en sanciones para un total de 54 funcionarios y ex funcionarios de los municipios de Para\u00edso, Tabasco; Tlacotepec, Puebla, y Coacalco.<\/p>\n","protected":false},"excerpt":{"rendered":"<p>La Suprema Corte de Justicia de la Naci\u00f3n (SCJN) presentar\u00e1 acusaci\u00f3n penal por desacato contra la ex alcaldesa sustituta de Coacalco, Estado de M\u00e9xico, por incumplir una sentencia de amparo.<\/p>\n","protected":false},"author":3,"featured_media":360530,"comment_status":"open","ping_status":"open","sticky":false,"template":"","format":"standard","meta":{"_monsterinsights_skip_tracking":false,"_monsterinsights_sitenote_active":false,"_monsterinsights_sitenote_note":"","_monsterinsights_sitenote_category":0,"footnotes":""},"categories":[5],"tags":[579,69839,2852,1584],"class_list":["post-360440","post","type-post","status-publish","format-standard","has-post-thumbnail","hentry","category-estado-de-mexico","tag-coacalco","tag-laura-nallely-gonzalez-garcia","tag-scjn","tag-suprema-corte-de-justicia-de-la-nacion"],"_links":{"self":[{"href":"https:\/\/www.diarioimagen.net\/index.php?rest_route=\/wp\/v2\/posts\/360440","targetHints":{"allow":["GET"]}}],"collection":[{"href":"https:\/\/www.diarioimagen.net\/index.php?rest_route=\/wp\/v2\/posts"}],"about":[{"href":"https:\/\/www.diarioimagen.net\/index.php?rest_route=\/wp\/v2\/types\/post"}],"author":[{"embeddable":true,"href":"https:\/\/www.diarioimagen.net\/index.php?rest_route=\/wp\/v2\/users\/3"}],"replies":[{"embeddable":true,"href":"https:\/\/www.diarioimagen.net\/index.php?rest_route=%2Fwp%2Fv2%2Fcomments&post=360440"}],"version-history":[{"count":0,"href":"https:\/\/www.diarioimagen.net\/index.php?rest_route=\/wp\/v2\/posts\/360440\/revisions"}],"wp:featuredmedia":[{"embeddable":true,"href":"https:\/\/www.diarioimagen.net\/index.php?rest_route=\/wp\/v2\/media\/360530"}],"wp:attachment":[{"href":"https:\/\/www.diarioimagen.net\/index.php?rest_route=%2Fwp%2Fv2%2Fmedia&parent=360440"}],"wp:term":[{"taxonomy":"category","embeddable":true,"href":"https:\/\/www.diarioimagen.net\/index.php?rest_route=%2Fwp%2Fv2%2Fcategories&post=360440"},{"taxonomy":"post_tag","embeddable":true,"href":"https:\/\/www.diarioimagen.net\/index.php?rest_route=%2Fwp%2Fv2%2Ftags&post=360440"}],"curies":[{"name":"wp","href":"https:\/\/api.w.org\/{rel}","templated":true}]}}