{"id":360481,"date":"2018-01-19T00:07:30","date_gmt":"2018-01-19T06:07:30","guid":{"rendered":"http:\/\/www.diarioimagen.net\/?p=360481"},"modified":"2018-01-19T03:53:36","modified_gmt":"2018-01-19T09:53:36","slug":"integrantes-del-cabildo-juvenil-de-metepec-ratifican-y-rinden-protesta","status":"publish","type":"post","link":"https:\/\/www.diarioimagen.net\/?p=360481","title":{"rendered":"Integrantes del Cabildo Juvenil de Metepec ratifican y rinden protesta"},"content":{"rendered":"<ul>\n<li><strong><em>Asamblea para atender las inquietudes y generar soluciones<\/em><\/strong><\/li>\n<\/ul>\n<p>&nbsp;<\/p>\n<div id=\"attachment_360538\" style=\"width: 470px\" class=\"wp-caption aligncenter\"><a href=\"http:\/\/www.diarioimagen.net\/?attachment_id=360538\" rel=\"attachment wp-att-360538\"><img loading=\"lazy\" decoding=\"async\" aria-describedby=\"caption-attachment-360538\" class=\"size-large wp-image-360538\" src=\"http:\/\/www.diarioimagen.net\/wp-content\/uploads\/2018\/01\/METEPEC-3288-1-460x259.jpg\" alt=\"\" width=\"460\" height=\"259\" srcset=\"https:\/\/www.diarioimagen.net\/wp-content\/uploads\/2018\/01\/METEPEC-3288-1-460x259.jpg 460w, https:\/\/www.diarioimagen.net\/wp-content\/uploads\/2018\/01\/METEPEC-3288-1-240x135.jpg 240w, https:\/\/www.diarioimagen.net\/wp-content\/uploads\/2018\/01\/METEPEC-3288-1-235x132.jpg 235w, https:\/\/www.diarioimagen.net\/wp-content\/uploads\/2018\/01\/METEPEC-3288-1-202x114.jpg 202w, https:\/\/www.diarioimagen.net\/wp-content\/uploads\/2018\/01\/METEPEC-3288-1-350x196.jpg 350w, https:\/\/www.diarioimagen.net\/wp-content\/uploads\/2018\/01\/METEPEC-3288-1-220x123.jpg 220w, https:\/\/www.diarioimagen.net\/wp-content\/uploads\/2018\/01\/METEPEC-3288-1-237x132.jpg 237w, https:\/\/www.diarioimagen.net\/wp-content\/uploads\/2018\/01\/METEPEC-3288-1.jpg 480w\" sizes=\"auto, (max-width: 460px) 100vw, 460px\" \/><\/a><p id=\"caption-attachment-360538\" class=\"wp-caption-text\">Integrantes del Cabildo Juvenil fueron ratificados y rindieron protesta ante el alcalde, David L\u00f3pez C\u00e1rdenas.<\/p><\/div>\n<p>&nbsp;<\/p>\n<p><strong>Metepec, Estado de M\u00e9xico<\/strong>.- Con la finalidad de dar continuidad a la pol\u00edtica de apertura e incluyente por parte de la administraci\u00f3n municipal de Metepec, en este caso, para brindar atenci\u00f3n oportuna a las y los j\u00f3venes del municipio, integrantes del Cabildo Juvenil fueron ratificados y rindieron protesta ante el alcalde David L\u00f3pez C\u00e1rdenas, durante la nonag\u00e9sima sesi\u00f3n ordinaria deliberativa del m\u00e1ximo \u00f3rgano de gobierno.<\/p>\n<p>La conformaci\u00f3n del cuerpo colegiado, propondr\u00e1 soluciones a las necesidades sociales, culturales y educativas de la juventud, fomentando la participaci\u00f3n pol\u00edtica, fungiendo como portavoz para coadyuvar con el gobierno municipal.<\/p>\n<p>El Cabildo Juvenil est\u00e1 integrado por universitarios que asumen la responsabilidad a trav\u00e9s de la figura de la presidenta, un s\u00edndico, 13 regidores propietarios e igual n\u00famero de suplentes, quienes son auxiliados por una Secretaria; atienden intereses juveniles en temas deportivos, educativos, c\u00edvicos, responsabilidades civiles, medio ambiente, empleo y seguridad, entre otros.<\/p>\n<p>David L\u00f3pez C\u00e1rdenas agradeci\u00f3 a las Comisiones edilicias unidas de Asuntos de la Juventud, Ciencia y Tecnolog\u00eda, y Participaci\u00f3n Ciudadana, presididas por los ediles Miguel Alonso Terr\u00f3n Villica\u00f1a y Mar\u00eda Aurora Zimbr\u00f3n Ovando, por ser parte fundamental en la organizaci\u00f3n de las actividades inherentes al Cabildo Juvenil.<\/p>\n<p><strong>###<br \/>\n<\/strong><\/p>\n<p><strong>Integrantes del <\/strong>Cabildo Juvenil fueron ratificados y rindieron protesta ante el alcalde, David L\u00f3pez C\u00e1rdenas.<\/p>\n","protected":false},"excerpt":{"rendered":"<p>Con la finalidad de dar continuidad a la pol\u00edtica de apertura e incluyente por parte de la administraci\u00f3n municipal de Metepec, en este caso, para brindar atenci\u00f3n oportuna a las y los j\u00f3venes del municipio, integrantes del Cabildo Juvenil fueron ratificados y rindieron protesta ante el alcalde David L\u00f3pez C\u00e1rdenas, durante la nonag\u00e9sima sesi\u00f3n ordinaria deliberativa del m\u00e1ximo \u00f3rgano de gobierno.<\/p>\n","protected":false},"author":3,"featured_media":360538,"comment_status":"open","ping_status":"open","sticky":false,"template":"","format":"standard","meta":{"_monsterinsights_skip_tracking":false,"_monsterinsights_sitenote_active":false,"_monsterinsights_sitenote_note":"","_monsterinsights_sitenote_category":0,"footnotes":""},"categories":[35155],"tags":[23030,43675,876,12784],"class_list":["post-360481","post","type-post","status-publish","format-standard","has-post-thumbnail","hentry","category-estado-de-mexico-estado-de-mexico","tag-cabildo","tag-estado-de-mexico","tag-metepec","tag-protesta"],"_links":{"self":[{"href":"https:\/\/www.diarioimagen.net\/index.php?rest_route=\/wp\/v2\/posts\/360481","targetHints":{"allow":["GET"]}}],"collection":[{"href":"https:\/\/www.diarioimagen.net\/index.php?rest_route=\/wp\/v2\/posts"}],"about":[{"href":"https:\/\/www.diarioimagen.net\/index.php?rest_route=\/wp\/v2\/types\/post"}],"author":[{"embeddable":true,"href":"https:\/\/www.diarioimagen.net\/index.php?rest_route=\/wp\/v2\/users\/3"}],"replies":[{"embeddable":true,"href":"https:\/\/www.diarioimagen.net\/index.php?rest_route=%2Fwp%2Fv2%2Fcomments&post=360481"}],"version-history":[{"count":0,"href":"https:\/\/www.diarioimagen.net\/index.php?rest_route=\/wp\/v2\/posts\/360481\/revisions"}],"wp:featuredmedia":[{"embeddable":true,"href":"https:\/\/www.diarioimagen.net\/index.php?rest_route=\/wp\/v2\/media\/360538"}],"wp:attachment":[{"href":"https:\/\/www.diarioimagen.net\/index.php?rest_route=%2Fwp%2Fv2%2Fmedia&parent=360481"}],"wp:term":[{"taxonomy":"category","embeddable":true,"href":"https:\/\/www.diarioimagen.net\/index.php?rest_route=%2Fwp%2Fv2%2Fcategories&post=360481"},{"taxonomy":"post_tag","embeddable":true,"href":"https:\/\/www.diarioimagen.net\/index.php?rest_route=%2Fwp%2Fv2%2Ftags&post=360481"}],"curies":[{"name":"wp","href":"https:\/\/api.w.org\/{rel}","templated":true}]}}