{"id":360574,"date":"2018-01-22T00:11:27","date_gmt":"2018-01-22T06:11:27","guid":{"rendered":"http:\/\/www.diarioimagen.net\/?p=360574"},"modified":"2018-01-22T01:02:24","modified_gmt":"2018-01-22T07:02:24","slug":"renuncia-gabriela-cuevas-al-pan-apoyara-a-morena","status":"publish","type":"post","link":"https:\/\/www.diarioimagen.net\/?p=360574","title":{"rendered":"Gabriela Cuevas deja al PAN; apoyar\u00e1 a AMLO"},"content":{"rendered":"<ul>\n<li><em><strong>Exig\u00eda una diputaci\u00f3n plurinominal<\/strong><\/em><\/li>\n<li><em><strong>El l\u00edder de Morena agradece la adhesi\u00f3n de la senadora<\/strong><\/em><\/li>\n<\/ul>\n<p>&nbsp;<\/p>\n<div id=\"attachment_360575\" style=\"width: 470px\" class=\"wp-caption aligncenter\"><img loading=\"lazy\" decoding=\"async\" aria-describedby=\"caption-attachment-360575\" class=\"wp-image-360575 size-large\" src=\"http:\/\/www.diarioimagen.net\/wp-content\/uploads\/2018\/01\/CUEVAS22-portal-460x268.jpg\" alt=\"\" width=\"460\" height=\"268\" srcset=\"https:\/\/www.diarioimagen.net\/wp-content\/uploads\/2018\/01\/CUEVAS22-portal-460x268.jpg 460w, https:\/\/www.diarioimagen.net\/wp-content\/uploads\/2018\/01\/CUEVAS22-portal-240x140.jpg 240w, https:\/\/www.diarioimagen.net\/wp-content\/uploads\/2018\/01\/CUEVAS22-portal.jpg 480w\" sizes=\"auto, (max-width: 460px) 100vw, 460px\" \/><p id=\"caption-attachment-360575\" class=\"wp-caption-text\">Gabriela Cuevas Barr\u00f3n renunci\u00f3 PAN para apoyar el proyecto de Andr\u00e9s Manuel L\u00f3pez Obrador en Morena.<\/p><\/div>\n<p>&nbsp;<\/p>\n<p>La senadora y presidente de la Comisi\u00f3n de Relaciones Exteriores en la C\u00e1mara alta, Gabriela Cuevas Barr\u00f3n, renunci\u00f3 al Partido Acci\u00f3n Nacional (PAN) para apoyar al Movimiento de Regeneraci\u00f3n Nacional (Morena).<\/p>\n<p>\u201cEste 2018 he decidido unirme al movimiento plural al que ha convocado el licenciado Andr\u00e9s Manuel L\u00f3pez Obrador. Mi prop\u00f3sito es persistir en la lucha por una democracia m\u00e1s justa y m\u00e1s libre en nuestro pa\u00eds\u201d, dijo Cuevas en un mensaje a medios .<\/p>\n<p>La senadora record\u00f3 que en el 2000 fue parte del movimiento que logr\u00f3 la alternancia en la Presidencia de la Rep\u00fablica, por lo que hoy es tiempo de reconciliaci\u00f3n libertades y pluralismo, por lo que a partir de este lunes ser\u00e1 senadora independiente.<\/p>\n<p>Cuevas Barr\u00f3n agradeci\u00f3 a la militancia panista el haber enfrentado juntos los retos de transformar al pa\u00eds, el mismo tiempo que agradeci\u00f3 a los ex presidentes nacionales del PAN su confianza.<\/p>\n<p>Se\u00f1al\u00f3 que hoy despu\u00e9s de 18 a\u00f1os de gobierno de alternancia tengo claro que no fue suficiente, no logramos construir los anhelos de inclusi\u00f3n, pluralismo y desarrollo. \u201cTenemos una deuda con millones de familias que no pueden esperar m\u00e1s, debemos acelerar las transformaciones y construir una verdadera transici\u00f3n\u201d, dijo. Con esta decisi\u00f3n, Cuevas Barr\u00f3n suena fuertemente para ser la candidata de Morena a la futura alcald\u00eda de Miguel Hidalgo, demarcaci\u00f3n que gobern\u00f3 como panista entre el a\u00f1o 2006 y 2009.<\/p>\n<p style=\"text-align: center;\"><strong>PAN no le dio diputaci\u00f3n <\/strong><strong>plurinominal<\/strong><\/p>\n<p>Por su parte, la dirigencia nacional del PAN, se\u00f1al\u00f3 que la salida de la senadora Gabriela Cuevas del partido, obedece a que no se le dio la diputaci\u00f3n federal por la v\u00eda plurinominal, como lo solicit\u00f3 al Comit\u00e9 Ejecutivo Nacional. Afirm\u00f3 en un comunicado, que como es del conocimiento de la militancia, en el PAN hay \u00f3rganos y plazos establecidos para estas decisiones y ser\u00e1 en ese marco que se definan las distintas candidaturas plurinominales.<\/p>\n<p>\u201cRespetamos su decisi\u00f3n. Es importante que la militancia y la ciudadan\u00eda tengan de su conocimiento que detr\u00e1s de esta determinaci\u00f3n est\u00e1 el hecho de que no se le pudo garantizar la posici\u00f3n plurinominal que exig\u00eda al partido, debido a que no son a\u00fan los tiempos para ello\u201d, indic\u00f3.<\/p>\n<p>El comit\u00e9 sostuvo que Acci\u00f3n Nacional se fortalece todos los d\u00edas con la llegada de cientos de mexicanos que quieren transformar a M\u00e9xico, sin pensar en \u201cel inter\u00e9s propio\u201d, sino en el bien com\u00fan de la naci\u00f3n.<\/p>\n<p style=\"text-align: center;\"><strong>Benepl\u00e1cito de AMLO<\/strong><\/p>\n<p>Andr\u00e9s Manuel L\u00f3pez Obrador salud\u00f3 que la senadora Gabriela Cuevas haya decidido dejar al PAN para sumarse al proyecto de Morena.<\/p>\n<p>Tambi\u00e9n aplaudi\u00f3 que Cuauht\u00e9moc Blanco, quien se perfila como candidato a gobernador de Morelos, haya decidido formar parte de la alianza \u201cJuntos Haremos Historia\u201d, integrada por Morena, PES y\u00a0 PT.<\/p>\n<p>\u201cBienvenidos Cuauht\u00e9moc Blanco y la senadora Gabriela Cuevas. La patria es primero. Juntos haremos historia\u201d, tuite\u00f3 el tabasque\u00f1o.<\/p>\n","protected":false},"excerpt":{"rendered":"<p>La senadora y presidente de la Comisi\u00f3n de Relaciones Exteriores en la C\u00e1mara alta, Gabriela Cuevas Barr\u00f3n, renunci\u00f3 al Partido Acci\u00f3n Nacional (PAN) para apoyar al Movimiento de Regeneraci\u00f3n Nacional (Morena).<\/p>\n","protected":false},"author":5,"featured_media":360575,"comment_status":"open","ping_status":"open","sticky":false,"template":"","format":"standard","meta":{"_monsterinsights_skip_tracking":false,"_monsterinsights_sitenote_active":false,"_monsterinsights_sitenote_note":"","_monsterinsights_sitenote_category":0,"footnotes":""},"categories":[3],"tags":[2545,1352,6185,69852,69903,20663,43673,91,982,69898,69853,13463],"class_list":["post-360574","post","type-post","status-publish","format-standard","has-post-thumbnail","hentry","category-nacional","tag-amlo","tag-andres-manuel-lopez-obrador","tag-campana","tag-gabriela-cuevas","tag-gabriela-cuevas-barron","tag-morena","tag-nacional","tag-pan","tag-partido-accion-nacional","tag-puerca","tag-relaciones-exteriores-en-la-camara","tag-renuncia"],"_links":{"self":[{"href":"https:\/\/www.diarioimagen.net\/index.php?rest_route=\/wp\/v2\/posts\/360574","targetHints":{"allow":["GET"]}}],"collection":[{"href":"https:\/\/www.diarioimagen.net\/index.php?rest_route=\/wp\/v2\/posts"}],"about":[{"href":"https:\/\/www.diarioimagen.net\/index.php?rest_route=\/wp\/v2\/types\/post"}],"author":[{"embeddable":true,"href":"https:\/\/www.diarioimagen.net\/index.php?rest_route=\/wp\/v2\/users\/5"}],"replies":[{"embeddable":true,"href":"https:\/\/www.diarioimagen.net\/index.php?rest_route=%2Fwp%2Fv2%2Fcomments&post=360574"}],"version-history":[{"count":0,"href":"https:\/\/www.diarioimagen.net\/index.php?rest_route=\/wp\/v2\/posts\/360574\/revisions"}],"wp:featuredmedia":[{"embeddable":true,"href":"https:\/\/www.diarioimagen.net\/index.php?rest_route=\/wp\/v2\/media\/360575"}],"wp:attachment":[{"href":"https:\/\/www.diarioimagen.net\/index.php?rest_route=%2Fwp%2Fv2%2Fmedia&parent=360574"}],"wp:term":[{"taxonomy":"category","embeddable":true,"href":"https:\/\/www.diarioimagen.net\/index.php?rest_route=%2Fwp%2Fv2%2Fcategories&post=360574"},{"taxonomy":"post_tag","embeddable":true,"href":"https:\/\/www.diarioimagen.net\/index.php?rest_route=%2Fwp%2Fv2%2Ftags&post=360574"}],"curies":[{"name":"wp","href":"https:\/\/api.w.org\/{rel}","templated":true}]}}