{"id":360625,"date":"2018-01-22T00:09:58","date_gmt":"2018-01-22T06:09:58","guid":{"rendered":"http:\/\/www.diarioimagen.net\/?p=360625"},"modified":"2018-01-22T22:12:41","modified_gmt":"2018-01-23T04:12:41","slug":"meade-se-compromete-a-subir-salario-a-maestros","status":"publish","type":"post","link":"https:\/\/www.diarioimagen.net\/?p=360625","title":{"rendered":"Meade se compromete a subir salario a maestros"},"content":{"rendered":"<ul>\n<li><em><strong>En respuesta al esfuerzo que hacen por M\u00e9xico<\/strong><\/em><\/li>\n<li><em><strong>Participa en un di\u00e1logo abierto con militantes de Nueva Alianza<\/strong><\/em><\/li>\n<\/ul>\n<h6>Jos\u00e9 Luis Monta\u00f1ez<\/h6>\n<p>&nbsp;<\/p>\n<div id=\"attachment_360710\" style=\"width: 470px\" class=\"wp-caption aligncenter\"><a href=\"http:\/\/www.diarioimagen.net\/?attachment_id=360710\" rel=\"attachment wp-att-360710\"><img loading=\"lazy\" decoding=\"async\" aria-describedby=\"caption-attachment-360710\" class=\"size-large wp-image-360710\" src=\"http:\/\/www.diarioimagen.net\/wp-content\/uploads\/2018\/01\/meade-3289-460x259.jpg\" alt=\"\" width=\"460\" height=\"259\" srcset=\"https:\/\/www.diarioimagen.net\/wp-content\/uploads\/2018\/01\/meade-3289-460x259.jpg 460w, https:\/\/www.diarioimagen.net\/wp-content\/uploads\/2018\/01\/meade-3289-240x135.jpg 240w, https:\/\/www.diarioimagen.net\/wp-content\/uploads\/2018\/01\/meade-3289-235x132.jpg 235w, https:\/\/www.diarioimagen.net\/wp-content\/uploads\/2018\/01\/meade-3289-202x114.jpg 202w, https:\/\/www.diarioimagen.net\/wp-content\/uploads\/2018\/01\/meade-3289-350x196.jpg 350w, https:\/\/www.diarioimagen.net\/wp-content\/uploads\/2018\/01\/meade-3289-220x123.jpg 220w, https:\/\/www.diarioimagen.net\/wp-content\/uploads\/2018\/01\/meade-3289-237x132.jpg 237w, https:\/\/www.diarioimagen.net\/wp-content\/uploads\/2018\/01\/meade-3289.jpg 480w\" sizes=\"auto, (max-width: 460px) 100vw, 460px\" \/><\/a><p id=\"caption-attachment-360710\" class=\"wp-caption-text\">Jos\u00e9 Antonio Meade se reuni\u00f3 en el Centro Internacional Acapulco con integrantes del partido Nueva Alianza.<\/p><\/div>\n<p>&nbsp;<\/p>\n<p>Jos\u00e9 Antonio Meade Kuribre\u00f1a, precandidato presidencial de la coalici\u00f3n PRI-Verde-Panal, a la Presidencia de la Rep\u00fablica, ofreci\u00f3 ante la militancia de Nueva Alianza un aumento al salario y prestaciones de todos los maestros del pa\u00eds, como respuesta al esfuerzo que hacen en favor del progreso de las familias mexicanas.<\/p>\n<p>En el Centro Internacional Acapulco, Meade destac\u00f3 la labor y el compromiso de los maestros mexicanos. Ante este esfuerzo, dijo, el compromiso del Estado y del que ser\u00e1 su gobierno deber\u00e1 ser \u201csignificativo y real\u201d, al igual que ser\u00e1 el incremento en los sueldos y prestaciones de este gremio.<\/p>\n<p>Meade Kuribre\u00f1a particip\u00f3 ayer en un di\u00e1logo abierto con militantes de Nueva Alianza, en donde abord\u00f3 distintos temas de su vida personal y familiar, de su trayectoria profesional, de su preparaci\u00f3n acad\u00e9mica, de su vida como servidor p\u00fablico y de su experiencia como el \u00fanico mexicano en haber ocupado cinco veces una secretar\u00eda de Estado.<\/p>\n<p>En un di\u00e1logo con militantes de este partido, provenientes de diferentes entidades como Guerrero, Puebla, Estado de M\u00e9xico, Tlaxcala y Morelos, el aspirante presidencial reconoci\u00f3 el compromiso y calidad en el servicio magisterial a favor del progreso del pa\u00eds y destac\u00f3 que cada maestro contribuye a mejorar la calidad de vida de las familias mexicanas.<\/p>\n<p>El precandidato pidi\u00f3 reivindicar el papel de los servidores p\u00fablicos que a diario se conducen con honestidad y vocaci\u00f3n. Destac\u00f3 su papel en las diferentes trincheras de la administraci\u00f3n y su capacidad para transformar la vida de las familias. \u201cPor eso tan importante que reivindiquemos al servicio p\u00fablico, que reivindiquemos a la pol\u00edtica y que reivindiquemos a los servidores p\u00fablicos, que no piensan en nada distinto que en c\u00f3mo transformar la vida de quienes ayudan\u201d, apunt\u00f3.<\/p>\n<p>Durante el encuentro titulado Di\u00e1logo de Ciudadano a Ciudadano, Meade Kuribre\u00f1a se refiri\u00f3 a la importancia de la educaci\u00f3n superior y su capacidad para mejorar la perspectivas de vida de quienes concluyen esta etapa. Record\u00f3 su paso por la Universidad Nacional Aut\u00f3noma de M\u00e9xico (UNAM), en donde curs\u00f3 la Licenciatura de Derecho y pudo formarse un criterio sobre el papel que desempe\u00f1a esta instituci\u00f3n a nivel nacional.<\/p>\n<p>\u201cEste pa\u00eds se va transformar empezando por cada uno de nosotros, por lo que hacemos en nuestra escuela, en nuestra comunidad, en nuestra ciudad, en nuestro estado y en nuestro pa\u00eds, por lo que hacemos en cada uno de los diferentes retos que tenemos, la seguridad, la pobreza, la corrupci\u00f3n, la impunidad. Todos exigen de nosotros poner lo mejor\u201d, dijo.\u00a0 Durante su estancia en Acapulco, Meade se reuni\u00f3 con empresarios y representantes de la clase pol\u00edtica del estado.<\/p>\n<p>Este lunes, Meade viajar\u00e1 a Durango, en donde se reunir\u00e1 con militantes de ese estado y encabezar\u00e1 el foro Puntos de Encuentro. Seguridad y Justicia, en donde analizar\u00e1, junto con especialistas en el tema, los retos que M\u00e9xico enfrenta y los planteamientos que ofrece en la materia.<\/p>\n","protected":false},"excerpt":{"rendered":"<p><span style=\"color: #005497;\">Jos\u00e9 Luis Monta\u00f1ez<\/span><br \/>\n<br \/>\nJos\u00e9 Antonio Meade Kuribre\u00f1a, precandidato presidencial de la coalici\u00f3n PRI-Verde-Panal, a la Presidencia de la Rep\u00fablica, ofreci\u00f3 ante la militancia de Nueva Alianza un aumento al salario y prestaciones de todos los maestros del pa\u00eds, como respuesta al esfuerzo que hacen en favor del progreso de las familias mexicanas.<\/p>\n","protected":false},"author":3,"featured_media":360710,"comment_status":"open","ping_status":"open","sticky":false,"template":"","format":"standard","meta":{"_monsterinsights_skip_tracking":false,"_monsterinsights_sitenote_active":false,"_monsterinsights_sitenote_note":"","_monsterinsights_sitenote_category":0,"footnotes":""},"categories":[3],"tags":[15135,26429,2574,43673,25713],"class_list":["post-360625","post","type-post","status-publish","format-standard","has-post-thumbnail","hentry","category-nacional","tag-compromiso","tag-jose-antonio-meade-kuribrena","tag-maestros","tag-nacional","tag-salario"],"_links":{"self":[{"href":"https:\/\/www.diarioimagen.net\/index.php?rest_route=\/wp\/v2\/posts\/360625","targetHints":{"allow":["GET"]}}],"collection":[{"href":"https:\/\/www.diarioimagen.net\/index.php?rest_route=\/wp\/v2\/posts"}],"about":[{"href":"https:\/\/www.diarioimagen.net\/index.php?rest_route=\/wp\/v2\/types\/post"}],"author":[{"embeddable":true,"href":"https:\/\/www.diarioimagen.net\/index.php?rest_route=\/wp\/v2\/users\/3"}],"replies":[{"embeddable":true,"href":"https:\/\/www.diarioimagen.net\/index.php?rest_route=%2Fwp%2Fv2%2Fcomments&post=360625"}],"version-history":[{"count":0,"href":"https:\/\/www.diarioimagen.net\/index.php?rest_route=\/wp\/v2\/posts\/360625\/revisions"}],"wp:featuredmedia":[{"embeddable":true,"href":"https:\/\/www.diarioimagen.net\/index.php?rest_route=\/wp\/v2\/media\/360710"}],"wp:attachment":[{"href":"https:\/\/www.diarioimagen.net\/index.php?rest_route=%2Fwp%2Fv2%2Fmedia&parent=360625"}],"wp:term":[{"taxonomy":"category","embeddable":true,"href":"https:\/\/www.diarioimagen.net\/index.php?rest_route=%2Fwp%2Fv2%2Fcategories&post=360625"},{"taxonomy":"post_tag","embeddable":true,"href":"https:\/\/www.diarioimagen.net\/index.php?rest_route=%2Fwp%2Fv2%2Ftags&post=360625"}],"curies":[{"name":"wp","href":"https:\/\/api.w.org\/{rel}","templated":true}]}}