{"id":360652,"date":"2018-01-22T00:08:55","date_gmt":"2018-01-22T06:08:55","guid":{"rendered":"http:\/\/www.diarioimagen.net\/?p=360652"},"modified":"2018-01-22T02:26:21","modified_gmt":"2018-01-22T08:26:21","slug":"la-policia-de-metepec-tiene-elementos-mejor-preparados","status":"publish","type":"post","link":"https:\/\/www.diarioimagen.net\/?p=360652","title":{"rendered":"La polic\u00eda de Metepec tiene elementos mejor preparados"},"content":{"rendered":"<ul>\n<li><strong><em>Capacitaci\u00f3n permanente<\/em><\/strong><\/li>\n<\/ul>\n<p>&nbsp;<\/p>\n<div id=\"attachment_360728\" style=\"width: 470px\" class=\"wp-caption aligncenter\"><a href=\"http:\/\/www.diarioimagen.net\/?attachment_id=360728\" rel=\"attachment wp-att-360728\"><img loading=\"lazy\" decoding=\"async\" aria-describedby=\"caption-attachment-360728\" class=\"size-large wp-image-360728\" src=\"http:\/\/www.diarioimagen.net\/wp-content\/uploads\/2018\/01\/METEPEC-3289-460x259.jpg\" alt=\"\" width=\"460\" height=\"259\" srcset=\"https:\/\/www.diarioimagen.net\/wp-content\/uploads\/2018\/01\/METEPEC-3289-460x259.jpg 460w, https:\/\/www.diarioimagen.net\/wp-content\/uploads\/2018\/01\/METEPEC-3289-240x135.jpg 240w, https:\/\/www.diarioimagen.net\/wp-content\/uploads\/2018\/01\/METEPEC-3289-235x132.jpg 235w, https:\/\/www.diarioimagen.net\/wp-content\/uploads\/2018\/01\/METEPEC-3289-202x114.jpg 202w, https:\/\/www.diarioimagen.net\/wp-content\/uploads\/2018\/01\/METEPEC-3289-350x196.jpg 350w, https:\/\/www.diarioimagen.net\/wp-content\/uploads\/2018\/01\/METEPEC-3289-220x123.jpg 220w, https:\/\/www.diarioimagen.net\/wp-content\/uploads\/2018\/01\/METEPEC-3289-237x132.jpg 237w, https:\/\/www.diarioimagen.net\/wp-content\/uploads\/2018\/01\/METEPEC-3289.jpg 480w\" sizes=\"auto, (max-width: 460px) 100vw, 460px\" \/><\/a><p id=\"caption-attachment-360728\" class=\"wp-caption-text\">El programa de mejora integral de la polic\u00eda de Metepec, incluye la actividad f\u00edsica y orientaci\u00f3n nutricional.<\/p><\/div>\n<p>&nbsp;<\/p>\n<p><strong>Metepec, Estado de M\u00e9xico<\/strong>.- \u00a0Adicional a la capacitaci\u00f3n permanente y evaluaci\u00f3n constante, el programa de mejora integral de la polic\u00eda de Metepec, incluye la actividad f\u00edsica y orientaci\u00f3n nutricional que redunda en condiciones \u00f3ptimas para la ejecuci\u00f3n eficaz de su tarea.<\/p>\n<p>Durante la realizaci\u00f3n de la Segunda Olimpiada Regional de Habilidades y Destrezas f\u00edsicas en la que se dieron cita en la Unidad Deportiva Mart\u00edn Alarc\u00f3n Hisojo m\u00e1s de 150 elementos de 10 corporaciones policiacas, incluyendo la Comisi\u00f3n Estatal de Seguridad Ciudadana, el titular de la Direcci\u00f3n de Seguridad P\u00fablica de Metepec, Jes\u00fas Alberto Ram\u00edrez Manzur, se\u00f1al\u00f3 que entre las medidas para fortalecer el trabajo de los elementos municipales, se labora en programas alternos que repercuten en su salud y bienestar, pues por la naturaleza de su acci\u00f3n, es indispensable mantener una buena condici\u00f3n f\u00edsica.<\/p>\n<p>Record\u00f3 que a trav\u00e9s del Programa Integral Reto, se han aplicado m\u00e1s de 300 evaluaciones de habilidad y destreza f\u00edsica e igual cantidad de consultas nutricionales, como medida de prevenci\u00f3n y control de de enfermedades relacionadas con el sobre pesos y obesidad en los elementos operativos, adem\u00e1s de la impartici\u00f3n de casi 600 horas de acondicionamiento f\u00edsico.<\/p>\n<p>Al inaugurar la competencia de gran exigencia para los polic\u00edas representantes de los municipios de Metepec, Toluca, Nezahualcoyotl, San Mateo Atenco, Chalco, Jilotepec. Almoloya de Ju\u00e1rez, Tlalnepantla, Lerma y de la CESC, el comisario Ram\u00edrez Manzur, Ram\u00edrez Manzur destac\u00f3 que para el gobierno que preside el alcalde David L\u00f3pez C\u00e1rdenas, la seguridad p\u00fablica representa una de las demandas m\u00e1s sentidas de la poblaci\u00f3n y en ella descansa la tranquilidad de la ciudadan\u00eda.<\/p>\n<p>\u201cContar con corporaciones fuertes y confiables, nos brinda la oportunidad de garantizar el bienestar de nuestra poblaci\u00f3n, por lo que toda inversi\u00f3n realizada en el \u00e1mbito de la seguridad p\u00fablica, nos ayuda a mantener un entorno pac\u00edfico en el que todos nos podamos desarrollar plenamente, por ello, buscamos que nuestros compa\u00f1eros cuenten con las herramientas necesarias para desempe\u00f1ar sus funciones de manera correcta y segura\u201d.<\/p>\n<p>Abund\u00f3 el especial \u00e9nfasis para cubrir los controles de confianza y en la actualizaci\u00f3n constante de estrategias de prevenci\u00f3n del delito, as\u00ed como incentivar a los polic\u00edas mediante el programa Reto.<\/p>\n<p>Recalc\u00f3 en la importancia que significa la realizaci\u00f3n de eventos conjuntos con las corporaciones de polic\u00eda de otros municipios, como en esta ocasi\u00f3n, dijo, donde se fomenta el desarrollo de habilidades y destrezas f\u00edsicas que les ayudan a mantenerse en forma, al tiempo que funciona como distracci\u00f3n y relajamiento, pero tambi\u00e9n como mecanismo de entendimiento y la generaci\u00f3n de lazos de compa\u00f1erismo y colaboraci\u00f3n entre todos.<\/p>\n","protected":false},"excerpt":{"rendered":"<p>Adicional a la capacitaci\u00f3n permanente y evaluaci\u00f3n constante, el programa de mejora integral de la polic\u00eda de Metepec, incluye la actividad f\u00edsica y orientaci\u00f3n nutricional que redunda en condiciones \u00f3ptimas para la ejecuci\u00f3n eficaz de su tarea.<\/p>\n","protected":false},"author":3,"featured_media":360728,"comment_status":"open","ping_status":"open","sticky":false,"template":"","format":"standard","meta":{"_monsterinsights_skip_tracking":false,"_monsterinsights_sitenote_active":false,"_monsterinsights_sitenote_note":"","_monsterinsights_sitenote_category":0,"footnotes":""},"categories":[35155],"tags":[67464,43675,876,69900],"class_list":["post-360652","post","type-post","status-publish","format-standard","has-post-thumbnail","hentry","category-estado-de-mexico-estado-de-mexico","tag-elementos","tag-estado-de-mexico","tag-metepec","tag-preparados"],"_links":{"self":[{"href":"https:\/\/www.diarioimagen.net\/index.php?rest_route=\/wp\/v2\/posts\/360652","targetHints":{"allow":["GET"]}}],"collection":[{"href":"https:\/\/www.diarioimagen.net\/index.php?rest_route=\/wp\/v2\/posts"}],"about":[{"href":"https:\/\/www.diarioimagen.net\/index.php?rest_route=\/wp\/v2\/types\/post"}],"author":[{"embeddable":true,"href":"https:\/\/www.diarioimagen.net\/index.php?rest_route=\/wp\/v2\/users\/3"}],"replies":[{"embeddable":true,"href":"https:\/\/www.diarioimagen.net\/index.php?rest_route=%2Fwp%2Fv2%2Fcomments&post=360652"}],"version-history":[{"count":0,"href":"https:\/\/www.diarioimagen.net\/index.php?rest_route=\/wp\/v2\/posts\/360652\/revisions"}],"wp:featuredmedia":[{"embeddable":true,"href":"https:\/\/www.diarioimagen.net\/index.php?rest_route=\/wp\/v2\/media\/360728"}],"wp:attachment":[{"href":"https:\/\/www.diarioimagen.net\/index.php?rest_route=%2Fwp%2Fv2%2Fmedia&parent=360652"}],"wp:term":[{"taxonomy":"category","embeddable":true,"href":"https:\/\/www.diarioimagen.net\/index.php?rest_route=%2Fwp%2Fv2%2Fcategories&post=360652"},{"taxonomy":"post_tag","embeddable":true,"href":"https:\/\/www.diarioimagen.net\/index.php?rest_route=%2Fwp%2Fv2%2Ftags&post=360652"}],"curies":[{"name":"wp","href":"https:\/\/api.w.org\/{rel}","templated":true}]}}