{"id":360655,"date":"2018-01-22T00:07:28","date_gmt":"2018-01-22T06:07:28","guid":{"rendered":"http:\/\/www.diarioimagen.net\/?p=360655"},"modified":"2018-01-22T02:27:50","modified_gmt":"2018-01-22T08:27:50","slug":"se-registra-david-parra-para-la-candidatura-de-naucalpan","status":"publish","type":"post","link":"https:\/\/www.diarioimagen.net\/?p=360655","title":{"rendered":"Se registra David Parra para la candidatura de Naucalpan"},"content":{"rendered":"<ul>\n<li><strong><em>Llamado a mantener la unidad<\/em><\/strong><\/li>\n<\/ul>\n<p>&nbsp;<\/p>\n<div id=\"attachment_360732\" style=\"width: 470px\" class=\"wp-caption aligncenter\"><a href=\"http:\/\/www.diarioimagen.net\/?attachment_id=360732\" rel=\"attachment wp-att-360732\"><img loading=\"lazy\" decoding=\"async\" aria-describedby=\"caption-attachment-360732\" class=\"size-large wp-image-360732\" src=\"http:\/\/www.diarioimagen.net\/wp-content\/uploads\/2018\/01\/parra-3289-460x259.jpg\" alt=\"\" width=\"460\" height=\"259\" srcset=\"https:\/\/www.diarioimagen.net\/wp-content\/uploads\/2018\/01\/parra-3289-460x259.jpg 460w, https:\/\/www.diarioimagen.net\/wp-content\/uploads\/2018\/01\/parra-3289-240x135.jpg 240w, https:\/\/www.diarioimagen.net\/wp-content\/uploads\/2018\/01\/parra-3289-235x132.jpg 235w, https:\/\/www.diarioimagen.net\/wp-content\/uploads\/2018\/01\/parra-3289-202x114.jpg 202w, https:\/\/www.diarioimagen.net\/wp-content\/uploads\/2018\/01\/parra-3289-350x196.jpg 350w, https:\/\/www.diarioimagen.net\/wp-content\/uploads\/2018\/01\/parra-3289-220x123.jpg 220w, https:\/\/www.diarioimagen.net\/wp-content\/uploads\/2018\/01\/parra-3289-237x132.jpg 237w, https:\/\/www.diarioimagen.net\/wp-content\/uploads\/2018\/01\/parra-3289.jpg 480w\" sizes=\"auto, (max-width: 460px) 100vw, 460px\" \/><\/a><p id=\"caption-attachment-360732\" class=\"wp-caption-text\">David Parra S\u00e1nchez se registr\u00f3 como precandidato del PRI a la presidencia municipal de Naucalpan.<\/p><\/div>\n<p>&nbsp;<\/p>\n<p><strong>Naucalpan, Estado de M\u00e9xico<\/strong>.- Ante poco m\u00e1s de 5 mil naucalpenses, el l\u00edder social David Parra S\u00e1nchez, se registr\u00f3 como precandidato del Partido Revolucionario Institucional (PRI) a la presidencia municipal de esta localidad, ante quienes asegur\u00f3 que para que el tricolor saque del gobierno\u00a0 al de Acci\u00f3n Nacional, es necesario mantener la unidad, pues ello es el fortalecimiento de ese instituto pol\u00edtico.<\/p>\n<p>Al grito de \u201c\u00a1Parra\u2026Parra\u2026Parra!\u201d, l\u00edderes sociales del municipio, de mercados, de asociaciones civiles, amas de casa, deportistas y sociedad en general, refrendaron su apoyo a Parra S\u00e1nchez a qui\u00e9n calificaron que es el hombre que necesita Naucalpan para devolver la tranquilidad y justicia social.<\/p>\n<p>Al hacer uso de la palabra, David Parra, calific\u00f3\u00a0 al gobernador del Estado de M\u00e9xico, Alfredo del Mazo Maza, \u201ccomo un aut\u00e9ntico dem\u00f3crata, al permitir la apertura del proceso interno de su partido, para la designaci\u00f3n de precandidatos a las 125 alcald\u00edas y Congreso mexiquense.\u201d<\/p>\n<p>Tal y como lo marcan los estatutos y reglas electorales, David Parra\u00a0 solicit\u00f3\u00a0 su formal registro para contender por el PRI a la renovaci\u00f3n del ayuntamiento, convoc\u00f3 a la militancia del tricolor a mantener la unidad y enfrentar con determinaci\u00f3n y compromiso la elecci\u00f3n pactada para el 1 de julio.<\/p>\n<p>El ahora aspirante a la candidatura del PRI a la alcald\u00eda municipal, llam\u00f3 a despertar la conciencia social de este \u201cpueblo de Naucalpan\u201d, que no cuenta con la atenci\u00f3n a sus demandas m\u00e1s elementales.<\/p>\n<p>Parra, S\u00e1nchez,\u00a0 sostuvo que hoy esta demarcaci\u00f3n se debate en la desesperanza y la precaria calidad de vida, en donde las diversas \u00e1reas de oportunidad, pr\u00e1cticamente se encuentran cerradas.<\/p>\n","protected":false},"excerpt":{"rendered":"<p>Ante poco m\u00e1s de 5 mil naucalpenses, el l\u00edder social David Parra S\u00e1nchez, se registr\u00f3 como precandidato del Partido Revolucionario Institucional (PRI) a la presidencia municipal de esta localidad, ante quienes asegur\u00f3 que para que el tricolor saque del gobierno  al de Acci\u00f3n Nacional, es necesario mantener la unidad, pues ello es el fortalecimiento de ese instituto pol\u00edtico.<\/p>\n","protected":false},"author":3,"featured_media":360732,"comment_status":"open","ping_status":"open","sticky":false,"template":"","format":"standard","meta":{"_monsterinsights_skip_tracking":false,"_monsterinsights_sitenote_active":false,"_monsterinsights_sitenote_note":"","_monsterinsights_sitenote_category":0,"footnotes":""},"categories":[35155],"tags":[6664,29035,43675,970],"class_list":["post-360655","post","type-post","status-publish","format-standard","has-post-thumbnail","hentry","category-estado-de-mexico-estado-de-mexico","tag-candidato","tag-david-parra-sanchez","tag-estado-de-mexico","tag-naucalpan"],"_links":{"self":[{"href":"https:\/\/www.diarioimagen.net\/index.php?rest_route=\/wp\/v2\/posts\/360655","targetHints":{"allow":["GET"]}}],"collection":[{"href":"https:\/\/www.diarioimagen.net\/index.php?rest_route=\/wp\/v2\/posts"}],"about":[{"href":"https:\/\/www.diarioimagen.net\/index.php?rest_route=\/wp\/v2\/types\/post"}],"author":[{"embeddable":true,"href":"https:\/\/www.diarioimagen.net\/index.php?rest_route=\/wp\/v2\/users\/3"}],"replies":[{"embeddable":true,"href":"https:\/\/www.diarioimagen.net\/index.php?rest_route=%2Fwp%2Fv2%2Fcomments&post=360655"}],"version-history":[{"count":0,"href":"https:\/\/www.diarioimagen.net\/index.php?rest_route=\/wp\/v2\/posts\/360655\/revisions"}],"wp:featuredmedia":[{"embeddable":true,"href":"https:\/\/www.diarioimagen.net\/index.php?rest_route=\/wp\/v2\/media\/360732"}],"wp:attachment":[{"href":"https:\/\/www.diarioimagen.net\/index.php?rest_route=%2Fwp%2Fv2%2Fmedia&parent=360655"}],"wp:term":[{"taxonomy":"category","embeddable":true,"href":"https:\/\/www.diarioimagen.net\/index.php?rest_route=%2Fwp%2Fv2%2Fcategories&post=360655"},{"taxonomy":"post_tag","embeddable":true,"href":"https:\/\/www.diarioimagen.net\/index.php?rest_route=%2Fwp%2Fv2%2Ftags&post=360655"}],"curies":[{"name":"wp","href":"https:\/\/api.w.org\/{rel}","templated":true}]}}