{"id":360770,"date":"2018-01-23T00:07:10","date_gmt":"2018-01-23T06:07:10","guid":{"rendered":"http:\/\/www.diarioimagen.net\/?p=360770"},"modified":"2018-01-23T22:46:46","modified_gmt":"2018-01-24T04:46:46","slug":"entrega-alfredo-del-mazo-incubadoras-con-tecnologia-de-punta","status":"publish","type":"post","link":"https:\/\/www.diarioimagen.net\/?p=360770","title":{"rendered":"Entregan incubadoras con tecnolog\u00eda de punta"},"content":{"rendered":"<ul>\n<li><strong><em>Para mejorar cuidados de reci\u00e9n nacidos<\/em><\/strong><\/li>\n<li><strong><em>Edomex, \u00fanica entidad con este tipo de equipo para servicio p\u00fablico<\/em><\/strong><\/li>\n<\/ul>\n<p>&nbsp;<\/p>\n<div id=\"attachment_360771\" style=\"width: 470px\" class=\"wp-caption aligncenter\"><img loading=\"lazy\" decoding=\"async\" aria-describedby=\"caption-attachment-360771\" class=\"size-large wp-image-360771\" src=\"http:\/\/www.diarioimagen.net\/wp-content\/uploads\/2018\/01\/DEL-MAZO23-OK-portal-460x268.jpg\" alt=\"\" width=\"460\" height=\"268\" srcset=\"https:\/\/www.diarioimagen.net\/wp-content\/uploads\/2018\/01\/DEL-MAZO23-OK-portal-460x268.jpg 460w, https:\/\/www.diarioimagen.net\/wp-content\/uploads\/2018\/01\/DEL-MAZO23-OK-portal-240x140.jpg 240w, https:\/\/www.diarioimagen.net\/wp-content\/uploads\/2018\/01\/DEL-MAZO23-OK-portal.jpg 480w\" sizes=\"auto, (max-width: 460px) 100vw, 460px\" \/><p id=\"caption-attachment-360771\" class=\"wp-caption-text\">Alfredo Del Mazo inaugur\u00f3 sala equipada con 14 incubadoras de \u00faltima generaci\u00f3n, en el Hospital M\u00f3nica Pretelini.<\/p><\/div>\n<p>&nbsp;<\/p>\n<p><strong>Toluca, Estado de M\u00e9xico<\/strong>.- El gobernador, Alfredo Del Mazo Maza, entreg\u00f3 la Ampliaci\u00f3n y Equipamiento del \u00c1rea Cr\u00edtica del Hospital Materno, \u201cM\u00f3nica Pretelini S\u00e1enz\u201d donde, con 14 incubadoras de \u00faltima generaci\u00f3n, se atender\u00e1n a beb\u00e9s con padecimientos no graves o que nacieron de forma prematura.<\/p>\n<p>Acompa\u00f1ado por Paulina Pe\u00f1a Pretelini, Cecilia y Ver\u00f3nica Pe\u00f1a Nieto, del secretario de Salud, Gabriel O\u2019Shea Cuevas, e integrantes del Patronato de este nosocomio, el gobernador Del Mazo cort\u00f3 el list\u00f3n inaugural de este lugar, con el que se aumenta la capacidad de atenci\u00f3n de esta cl\u00ednica, la cual, hasta el d\u00eda de hoy, contaba con 83 incubadoras tradicionales.<\/p>\n<p>Esta nueva \u00e1rea fue equipada con dos incubadoras radiantes modelo \u201cBabyleo TN500\u201d, las m\u00e1s modernas del mercado, donde los beb\u00e9s se encontrar\u00e1n en un\u00a0 medio confortable, desde el cual los especialistas podr\u00e1n monitorear sus signos vitales, su peso y estado general de salud, hasta que alcancen un desarrollo pleno.<\/p>\n<p>Tambi\u00e9n cuenta con ocho cunas t\u00e9rmicas modelo \u201cBabyterm 8004\u201d, que controlan las condiciones del medio en el que se encuentran los reci\u00e9n nacidos, como el nivel de ox\u00edgeno, de humedad o la temperatura, y cuatro incubadoras tradicionales, para completar 14 espacios.<\/p>\n<p>El mandatario mexiquense conoci\u00f3 el funcionamiento de estas incubadoras, cuya tecnolog\u00eda de punta permite proteger a los neonatos de una forma similar al vientre materno, adem\u00e1s de que con este equipo el Estado de M\u00e9xico se coloca a la vanguardia nacional, al ser la \u00fanica entidad en tenerlo a disposici\u00f3n para servicio p\u00fablico.<\/p>\n<p>El secretario de Salud, Gabriel\u00a0 O\u2019Shea, explic\u00f3 que otra funci\u00f3n del nuevo equipo es aumentar la eficacia de los tres quir\u00f3fanos que tiene este hospital para pacientes neonatos, pues dos se ocupaban para cuidados y monitoreo, y s\u00f3lo uno para cirug\u00edas.<\/p>\n<p>Agreg\u00f3 que con la habilitaci\u00f3n de este espacio, el Hospital M\u00f3nica Pretelini, donde se registran entre 25 y 30 partos al d\u00eda, se podr\u00e1n incrementar las\u00a0 cirug\u00edas diarias en cada quir\u00f3fano, para alcanzar cerca de 2 mil 555 intervenciones anuales.<\/p>\n<p>Para finalizar su visita a este hospital, el gobernador, junto con la hija y hermanas del presidente de M\u00e9xico, Enrique Pe\u00f1a, visit\u00f3 el m\u00f3dulo \u201cVoluntariado Las Monis\u201d,\u00a0 donde dialog\u00f3 con mujeres que, de manera altruista, brindan apoyo a los reci\u00e9n nacidos y a sus madres.<\/p>\n","protected":false},"excerpt":{"rendered":"<p>El gobernador, Alfredo Del Mazo Maza, entreg\u00f3 la Ampliaci\u00f3n y Equipamiento del \u00c1rea Cr\u00edtica del Hospital Materno, \u201cM\u00f3nica Pretelini S\u00e1enz\u201d donde, con 14 incubadoras de \u00faltima generaci\u00f3n, se atender\u00e1n a beb\u00e9s con padecimientos no graves o que nacieron de forma prematura.<\/p>\n","protected":false},"author":5,"featured_media":360771,"comment_status":"open","ping_status":"open","sticky":false,"template":"","format":"standard","meta":{"_monsterinsights_skip_tracking":false,"_monsterinsights_sitenote_active":false,"_monsterinsights_sitenote_note":"","_monsterinsights_sitenote_category":0,"footnotes":""},"categories":[5],"tags":[69910,43675,452,69911],"class_list":["post-360770","post","type-post","status-publish","format-standard","has-post-thumbnail","hentry","category-estado-de-mexico","tag-area-critica-del-hospital-materno","tag-estado-de-mexico","tag-toluca","tag-monica-pretelini-saenz"],"_links":{"self":[{"href":"https:\/\/www.diarioimagen.net\/index.php?rest_route=\/wp\/v2\/posts\/360770","targetHints":{"allow":["GET"]}}],"collection":[{"href":"https:\/\/www.diarioimagen.net\/index.php?rest_route=\/wp\/v2\/posts"}],"about":[{"href":"https:\/\/www.diarioimagen.net\/index.php?rest_route=\/wp\/v2\/types\/post"}],"author":[{"embeddable":true,"href":"https:\/\/www.diarioimagen.net\/index.php?rest_route=\/wp\/v2\/users\/5"}],"replies":[{"embeddable":true,"href":"https:\/\/www.diarioimagen.net\/index.php?rest_route=%2Fwp%2Fv2%2Fcomments&post=360770"}],"version-history":[{"count":0,"href":"https:\/\/www.diarioimagen.net\/index.php?rest_route=\/wp\/v2\/posts\/360770\/revisions"}],"wp:featuredmedia":[{"embeddable":true,"href":"https:\/\/www.diarioimagen.net\/index.php?rest_route=\/wp\/v2\/media\/360771"}],"wp:attachment":[{"href":"https:\/\/www.diarioimagen.net\/index.php?rest_route=%2Fwp%2Fv2%2Fmedia&parent=360770"}],"wp:term":[{"taxonomy":"category","embeddable":true,"href":"https:\/\/www.diarioimagen.net\/index.php?rest_route=%2Fwp%2Fv2%2Fcategories&post=360770"},{"taxonomy":"post_tag","embeddable":true,"href":"https:\/\/www.diarioimagen.net\/index.php?rest_route=%2Fwp%2Fv2%2Ftags&post=360770"}],"curies":[{"name":"wp","href":"https:\/\/api.w.org\/{rel}","templated":true}]}}