{"id":360809,"date":"2018-01-23T00:10:03","date_gmt":"2018-01-23T06:10:03","guid":{"rendered":"http:\/\/www.diarioimagen.net\/?p=360809"},"modified":"2018-01-23T03:36:56","modified_gmt":"2018-01-23T09:36:56","slug":"aumentan-capacidad-de-atencion-medica","status":"publish","type":"post","link":"https:\/\/www.diarioimagen.net\/?p=360809","title":{"rendered":"Aumentan capacidad de atenci\u00f3n m\u00e9dica"},"content":{"rendered":"<h2>Arco Norte<\/h2>\n<h5>Jos\u00e9 Luis Monta\u00f1ez Aguilar<\/h5>\n<p>&nbsp;<\/p>\n<p>Alfredo Del Mazo Maza entreg\u00f3 la Ampliaci\u00f3n y Equipamiento del \u00c1rea Cr\u00edtica del Hospital Materno, \u201cM\u00f3nica Pretelini S\u00e1enz\u201d donde, con 14 incubadoras de \u00faltima generaci\u00f3n, se atender\u00e1n a beb\u00e9s con padecimientos no graves o que nacieron de forma prematura.<\/p>\n<p>Con esto, se aumenta la capacidad de atenci\u00f3n de esta cl\u00ednica, la cual hasta el d\u00eda de ayer contaba con 83 incubadoras tradicionales.<\/p>\n<p>Esta nueva \u00e1rea fue equipada con dos incubadoras radiantes modelo \u201cBabyleo TN500\u201d, las m\u00e1s modernas del mercado, donde los beb\u00e9s se encontrar\u00e1n en un\u00a0 medio\u00a0 confortable, desde el cual los especialistas podr\u00e1n monitorear sus signos vitales, su peso y estado general de salud, hasta que alcancen un desarrollo pleno.<\/p>\n<p>Tambi\u00e9n cuenta con ocho cunas t\u00e9rmicas modelo \u201cBabyterm 8004\u201d,\u00a0 que controlan las condiciones del medio en el que se encuentran los reci\u00e9n nacidos, como el nivel de ox\u00edgeno, de humedad o la temperatura, y cuatro incubadoras tradicionales, para completar 14 espacios.<\/p>\n<p>El gobernador conoci\u00f3 el funcionamiento de estas incubadoras, cuya tecnolog\u00eda permite proteger a los neonatos de una forma similar al vientre materno, adem\u00e1s de que con este equipo el Estado de M\u00e9xico se coloca a la vanguardia nacional, al ser la \u00fanica entidad en tenerlo a disposici\u00f3n para servicio p\u00fablico.<\/p>\n<p style=\"text-align: center;\"><strong>Ventanillas de atenci\u00f3n para acceder a programas agropecuarios <\/strong><\/p>\n<p><a href=\"http:\/\/www.diarioimagen.net\/?attachment_id=360916\" rel=\"attachment wp-att-360916\"><img loading=\"lazy\" decoding=\"async\" class=\"aligncenter size-large wp-image-360916\" src=\"http:\/\/www.diarioimagen.net\/wp-content\/uploads\/2018\/01\/arco-3290-460x259.jpg\" alt=\"\" width=\"460\" height=\"259\" srcset=\"https:\/\/www.diarioimagen.net\/wp-content\/uploads\/2018\/01\/arco-3290-460x259.jpg 460w, https:\/\/www.diarioimagen.net\/wp-content\/uploads\/2018\/01\/arco-3290-240x135.jpg 240w, https:\/\/www.diarioimagen.net\/wp-content\/uploads\/2018\/01\/arco-3290-235x132.jpg 235w, https:\/\/www.diarioimagen.net\/wp-content\/uploads\/2018\/01\/arco-3290-202x114.jpg 202w, https:\/\/www.diarioimagen.net\/wp-content\/uploads\/2018\/01\/arco-3290-350x196.jpg 350w, https:\/\/www.diarioimagen.net\/wp-content\/uploads\/2018\/01\/arco-3290-220x123.jpg 220w, https:\/\/www.diarioimagen.net\/wp-content\/uploads\/2018\/01\/arco-3290-237x132.jpg 237w, https:\/\/www.diarioimagen.net\/wp-content\/uploads\/2018\/01\/arco-3290.jpg 480w\" sizes=\"auto, (max-width: 460px) 100vw, 460px\" \/><\/a><\/p>\n<p>El gobierno del Estado de M\u00e9xico anunci\u00f3 el arranque para la implementaci\u00f3n de los programas de apoyo a productores\u00a0agropecuarios en 2018, los cuales contribuir\u00e1n al impulso del desarrollo del agro mexiquense y a fortalecer el liderazgo de la entidad en la producci\u00f3n de flores, tuna, ovinos, trucha, carpa y ma\u00edz.<\/p>\n<p>El gobierno del Estado de M\u00e9xico, a trav\u00e9s de la Secretar\u00eda de Desarrollo Agropecuario (Sedagro) dio a conocer que las ventanillas de atenci\u00f3n se abrieron, en las 11 Delegaciones Regionales de esta dependencia estatal, en la jefatura de Distrito y Centros de Atenci\u00f3n al Desarrollo Rural (CADER) de la Delegaci\u00f3n Estatal de la Secretar\u00eda de Agricultura, Ganader\u00eda, Desarrollo Rural, Pesca y Alimentaci\u00f3n (Sagarpa).<\/p>\n<p><em><a href=\"mailto:montanezaguilar@gmail.com\" target=\"_blank\" rel=\"noopener noreferrer\">montanezaguilar@gmail.com<\/a><\/em><\/p>\n","protected":false},"excerpt":{"rendered":"<p><span style=\"color: #005497;\">Jos\u00e9 Luis Monta\u00f1ez Aguilar<\/span><br \/>\n<br \/>\nAlfredo Del Mazo Maza entreg\u00f3 la Ampliaci\u00f3n y Equipamiento del \u00c1rea Cr\u00edtica del Hospital Materno, \u201cM\u00f3nica Pretelini S\u00e1enz\u201d donde, con 14 incubadoras de \u00faltima generaci\u00f3n, se atender\u00e1n a beb\u00e9s con padecimientos no graves o que nacieron de forma prematura.<\/p>\n","protected":false},"author":3,"featured_media":360916,"comment_status":"open","ping_status":"open","sticky":false,"template":"","format":"standard","meta":{"_monsterinsights_skip_tracking":false,"_monsterinsights_sitenote_active":false,"_monsterinsights_sitenote_note":"","_monsterinsights_sitenote_category":0,"footnotes":""},"categories":[5],"tags":[13284,43704,43674],"class_list":["post-360809","post","type-post","status-publish","format-standard","has-post-thumbnail","hentry","category-estado-de-mexico","tag-arco-norte","tag-jose-luis-montanez-aguilar","tag-opinion"],"_links":{"self":[{"href":"https:\/\/www.diarioimagen.net\/index.php?rest_route=\/wp\/v2\/posts\/360809","targetHints":{"allow":["GET"]}}],"collection":[{"href":"https:\/\/www.diarioimagen.net\/index.php?rest_route=\/wp\/v2\/posts"}],"about":[{"href":"https:\/\/www.diarioimagen.net\/index.php?rest_route=\/wp\/v2\/types\/post"}],"author":[{"embeddable":true,"href":"https:\/\/www.diarioimagen.net\/index.php?rest_route=\/wp\/v2\/users\/3"}],"replies":[{"embeddable":true,"href":"https:\/\/www.diarioimagen.net\/index.php?rest_route=%2Fwp%2Fv2%2Fcomments&post=360809"}],"version-history":[{"count":0,"href":"https:\/\/www.diarioimagen.net\/index.php?rest_route=\/wp\/v2\/posts\/360809\/revisions"}],"wp:featuredmedia":[{"embeddable":true,"href":"https:\/\/www.diarioimagen.net\/index.php?rest_route=\/wp\/v2\/media\/360916"}],"wp:attachment":[{"href":"https:\/\/www.diarioimagen.net\/index.php?rest_route=%2Fwp%2Fv2%2Fmedia&parent=360809"}],"wp:term":[{"taxonomy":"category","embeddable":true,"href":"https:\/\/www.diarioimagen.net\/index.php?rest_route=%2Fwp%2Fv2%2Fcategories&post=360809"},{"taxonomy":"post_tag","embeddable":true,"href":"https:\/\/www.diarioimagen.net\/index.php?rest_route=%2Fwp%2Fv2%2Ftags&post=360809"}],"curies":[{"name":"wp","href":"https:\/\/api.w.org\/{rel}","templated":true}]}}