{"id":360829,"date":"2018-01-23T00:06:27","date_gmt":"2018-01-23T06:06:27","guid":{"rendered":"http:\/\/www.diarioimagen.net\/?p=360829"},"modified":"2018-01-23T22:46:28","modified_gmt":"2018-01-24T04:46:28","slug":"la-scjn-avala-ley-que-obliga-reconocer-derecho-de-replica","status":"publish","type":"post","link":"https:\/\/www.diarioimagen.net\/?p=360829","title":{"rendered":"La SCJN avala ley que obliga reconocer derecho de r\u00e9plica"},"content":{"rendered":"<ul>\n<li><strong><em>Con ocho votos a favor y dos en contra<\/em><\/strong><\/li>\n<\/ul>\n<p>&nbsp;<\/p>\n<div id=\"attachment_360962\" style=\"width: 470px\" class=\"wp-caption aligncenter\"><a href=\"http:\/\/www.diarioimagen.net\/?attachment_id=360962\" rel=\"attachment wp-att-360962\"><img loading=\"lazy\" decoding=\"async\" aria-describedby=\"caption-attachment-360962\" class=\"size-large wp-image-360962\" src=\"http:\/\/www.diarioimagen.net\/wp-content\/uploads\/2018\/01\/suprema-3290-460x259.jpg\" alt=\"\" width=\"460\" height=\"259\" srcset=\"https:\/\/www.diarioimagen.net\/wp-content\/uploads\/2018\/01\/suprema-3290-460x259.jpg 460w, https:\/\/www.diarioimagen.net\/wp-content\/uploads\/2018\/01\/suprema-3290-240x135.jpg 240w, https:\/\/www.diarioimagen.net\/wp-content\/uploads\/2018\/01\/suprema-3290-235x132.jpg 235w, https:\/\/www.diarioimagen.net\/wp-content\/uploads\/2018\/01\/suprema-3290-202x114.jpg 202w, https:\/\/www.diarioimagen.net\/wp-content\/uploads\/2018\/01\/suprema-3290-350x196.jpg 350w, https:\/\/www.diarioimagen.net\/wp-content\/uploads\/2018\/01\/suprema-3290-220x123.jpg 220w, https:\/\/www.diarioimagen.net\/wp-content\/uploads\/2018\/01\/suprema-3290-237x132.jpg 237w, https:\/\/www.diarioimagen.net\/wp-content\/uploads\/2018\/01\/suprema-3290.jpg 480w\" sizes=\"auto, (max-width: 460px) 100vw, 460px\" \/><\/a><p id=\"caption-attachment-360962\" class=\"wp-caption-text\">El pleno de la SCJN declar\u00f3 constitucional la ley en materia de derecho de r\u00e9plica, con ocho votos a favor y dos en contra.<\/p><\/div>\n<p>&nbsp;<\/p>\n<p>La Suprema Corte de Justicia de la Naci\u00f3n declar\u00f3 constitucional la ley que obliga a los medios de comunicaci\u00f3n a reconocer el derecho de r\u00e9plica, que tienen los ciudadanos para que se publiquen o difundan las aclaraciones que resulten pertinentes cuando se informen datos inexactos o falsos sobre su persona.<\/p>\n<p>El pleno de la Corte aprob\u00f3 con ocho votos a favor y dos en contra los art\u00edculos 2 y 3 del decreto por el que se expidi\u00f3 la Ley Reglamentaria del art\u00edculo sexto, p\u00e1rrafo primero, de la Constituci\u00f3n, en materia de derecho de r\u00e9plica, promulgado en noviembre de 2015.<\/p>\n<p>Dej\u00f3 pendiente la discusi\u00f3n del art\u00edculo 25 de la citada ley, en la que el ministro ponente, Javier Laynez Potisek, propuso declarar inconstitucional dicho precepto referente a los medios de pruebas que deben presentar las personas que resulten afectadas con informaci\u00f3n falsa e inexacta, porque dijo que los requisitos son desmedidos.<\/p>\n<p>El caso lleg\u00f3 al alto tribunal porque los partidos de la Revoluci\u00f3n Democr\u00e1tica y Morena, as\u00ed como la Comisi\u00f3n Nacional de Derechos Humanos (CNDH) interpusieron acciones de inconstitucionalidad en las que impugnaron diversos art\u00edculos de la citada ley.<\/p>\n<p>Laynez Potisek se\u00f1al\u00f3 que este asunto es de enorme relevancia porque guarda relaci\u00f3n con los criterios que viene emitiendo la Corte sobre temas de libertad de expresi\u00f3n y los derechos que se ven afectados o potencializados cuando un sujeto hace uso de este derecho.<\/p>\n<p>El ministro coment\u00f3 que la Corte ha reconocido que los medios de comunicaci\u00f3n tienen un papel central para la difusi\u00f3n de las ideas, pero tambi\u00e9n que los medios se encuentran en una posici\u00f3n de poder o de ventaja, respecto del com\u00fan de la ciudadan\u00eda para la difusi\u00f3n de los hechos o ideas.<\/p>\n<p>El derecho de r\u00e9plica, agreg\u00f3 Laynez Potisek, es un mecanismo de acceso a los medios y una herramienta para garantizar a los ciudadanos aunque sea de manera moment\u00e1nea y temporal, el acceso a ese mercado de ideas con objeto de difundir informaci\u00f3n que aclare o corrija una publicaci\u00f3n.<\/p>\n<p>\u201cEn ese sentido, el derecho de r\u00e9plica robustece el di\u00e1logo democr\u00e1tico, se trata entonces de poner sobre la palestra p\u00fablica, una versi\u00f3n que ha sido publicada o transmitida frente a una versi\u00f3n alternativa de un hecho aclaratorio en beneficio de la colectividad para que sea \u00e9sta la que juzgue o tenga mayores elementos para juzgar esta informaci\u00f3n\u201d.<\/p>\n","protected":false},"excerpt":{"rendered":"<p>La Suprema Corte de Justicia de la Naci\u00f3n declar\u00f3 constitucional la ley que obliga a los medios de comunicaci\u00f3n a reconocer el derecho de r\u00e9plica, que tienen los ciudadanos para que se publiquen o difundan las aclaraciones que resulten pertinentes cuando se informen datos inexactos o falsos sobre su persona.<\/p>\n","protected":false},"author":3,"featured_media":360962,"comment_status":"open","ping_status":"open","sticky":false,"template":"","format":"standard","meta":{"_monsterinsights_skip_tracking":false,"_monsterinsights_sitenote_active":false,"_monsterinsights_sitenote_note":"","_monsterinsights_sitenote_category":0,"footnotes":""},"categories":[3],"tags":[47840,4789,2852],"class_list":["post-360829","post","type-post","status-publish","format-standard","has-post-thumbnail","hentry","category-nacional","tag-derecho-de-replica","tag-ley","tag-scjn"],"_links":{"self":[{"href":"https:\/\/www.diarioimagen.net\/index.php?rest_route=\/wp\/v2\/posts\/360829","targetHints":{"allow":["GET"]}}],"collection":[{"href":"https:\/\/www.diarioimagen.net\/index.php?rest_route=\/wp\/v2\/posts"}],"about":[{"href":"https:\/\/www.diarioimagen.net\/index.php?rest_route=\/wp\/v2\/types\/post"}],"author":[{"embeddable":true,"href":"https:\/\/www.diarioimagen.net\/index.php?rest_route=\/wp\/v2\/users\/3"}],"replies":[{"embeddable":true,"href":"https:\/\/www.diarioimagen.net\/index.php?rest_route=%2Fwp%2Fv2%2Fcomments&post=360829"}],"version-history":[{"count":0,"href":"https:\/\/www.diarioimagen.net\/index.php?rest_route=\/wp\/v2\/posts\/360829\/revisions"}],"wp:featuredmedia":[{"embeddable":true,"href":"https:\/\/www.diarioimagen.net\/index.php?rest_route=\/wp\/v2\/media\/360962"}],"wp:attachment":[{"href":"https:\/\/www.diarioimagen.net\/index.php?rest_route=%2Fwp%2Fv2%2Fmedia&parent=360829"}],"wp:term":[{"taxonomy":"category","embeddable":true,"href":"https:\/\/www.diarioimagen.net\/index.php?rest_route=%2Fwp%2Fv2%2Fcategories&post=360829"},{"taxonomy":"post_tag","embeddable":true,"href":"https:\/\/www.diarioimagen.net\/index.php?rest_route=%2Fwp%2Fv2%2Ftags&post=360829"}],"curies":[{"name":"wp","href":"https:\/\/api.w.org\/{rel}","templated":true}]}}