{"id":360841,"date":"2018-01-23T00:06:19","date_gmt":"2018-01-23T06:06:19","guid":{"rendered":"http:\/\/www.diarioimagen.net\/?p=360841"},"modified":"2018-01-23T03:48:10","modified_gmt":"2018-01-23T09:48:10","slug":"en-huixquilucan-se-inscribe-el-tricolor-pablo-peralta","status":"publish","type":"post","link":"https:\/\/www.diarioimagen.net\/?p=360841","title":{"rendered":"En Huixquilucan se inscribe el tricolor Pablo Peralta"},"content":{"rendered":"<p><a href=\"http:\/\/www.diarioimagen.net\/?attachment_id=360937\" rel=\"attachment wp-att-360937\"><img loading=\"lazy\" decoding=\"async\" class=\"aligncenter size-large wp-image-360937\" src=\"http:\/\/www.diarioimagen.net\/wp-content\/uploads\/2018\/01\/HUIXQUILUCAN-3290-460x259.jpg\" alt=\"\" width=\"460\" height=\"259\" srcset=\"https:\/\/www.diarioimagen.net\/wp-content\/uploads\/2018\/01\/HUIXQUILUCAN-3290-460x259.jpg 460w, https:\/\/www.diarioimagen.net\/wp-content\/uploads\/2018\/01\/HUIXQUILUCAN-3290-240x135.jpg 240w, https:\/\/www.diarioimagen.net\/wp-content\/uploads\/2018\/01\/HUIXQUILUCAN-3290-235x132.jpg 235w, https:\/\/www.diarioimagen.net\/wp-content\/uploads\/2018\/01\/HUIXQUILUCAN-3290-202x114.jpg 202w, https:\/\/www.diarioimagen.net\/wp-content\/uploads\/2018\/01\/HUIXQUILUCAN-3290-350x196.jpg 350w, https:\/\/www.diarioimagen.net\/wp-content\/uploads\/2018\/01\/HUIXQUILUCAN-3290-220x123.jpg 220w, https:\/\/www.diarioimagen.net\/wp-content\/uploads\/2018\/01\/HUIXQUILUCAN-3290-237x132.jpg 237w, https:\/\/www.diarioimagen.net\/wp-content\/uploads\/2018\/01\/HUIXQUILUCAN-3290.jpg 480w\" sizes=\"auto, (max-width: 460px) 100vw, 460px\" \/><\/a><\/p>\n<p>&nbsp;<\/p>\n<p><strong>Huixquilucan, Estado de M\u00e9xico<\/strong><strong>.-<\/strong> Con gran \u00e1nimo, emoci\u00f3n, profundas ganas de seguir sirviendo a la gente, present\u00e9 mi registro como precandidato a presidente municipal en Huixquilucan, ante la comisi\u00f3n de procesos internos del PRI municipal, agradeciendo a\u00a0 los militantes que se dieron cita y me apoyaron en este importante evento, dijo Pablo Peralta.<\/p>\n<p>Asimismo sigamos como ahora en unidad, ya que es una de nuestras grandes fortalezas.<\/p>\n<p>&nbsp;<\/p>\n","protected":false},"excerpt":{"rendered":"<p>Con gran \u00e1nimo, emoci\u00f3n, profundas ganas de seguir sirviendo a la gente, present\u00e9 mi registro como precandidato a presidente municipal en Huixquilucan, ante la comisi\u00f3n de procesos internos del PRI municipal, agradeciendo a  los militantes que se dieron cita y me apoyaron en este importante evento, dijo Pablo Peralta.<\/p>\n","protected":false},"author":3,"featured_media":360937,"comment_status":"open","ping_status":"open","sticky":false,"template":"","format":"standard","meta":{"_monsterinsights_skip_tracking":false,"_monsterinsights_sitenote_active":false,"_monsterinsights_sitenote_note":"","_monsterinsights_sitenote_category":0,"footnotes":""},"categories":[35155],"tags":[43675,1097,53737],"class_list":["post-360841","post","type-post","status-publish","format-standard","has-post-thumbnail","hentry","category-estado-de-mexico-estado-de-mexico","tag-estado-de-mexico","tag-huixquilucan","tag-pablo-peralta-garcia"],"_links":{"self":[{"href":"https:\/\/www.diarioimagen.net\/index.php?rest_route=\/wp\/v2\/posts\/360841","targetHints":{"allow":["GET"]}}],"collection":[{"href":"https:\/\/www.diarioimagen.net\/index.php?rest_route=\/wp\/v2\/posts"}],"about":[{"href":"https:\/\/www.diarioimagen.net\/index.php?rest_route=\/wp\/v2\/types\/post"}],"author":[{"embeddable":true,"href":"https:\/\/www.diarioimagen.net\/index.php?rest_route=\/wp\/v2\/users\/3"}],"replies":[{"embeddable":true,"href":"https:\/\/www.diarioimagen.net\/index.php?rest_route=%2Fwp%2Fv2%2Fcomments&post=360841"}],"version-history":[{"count":0,"href":"https:\/\/www.diarioimagen.net\/index.php?rest_route=\/wp\/v2\/posts\/360841\/revisions"}],"wp:featuredmedia":[{"embeddable":true,"href":"https:\/\/www.diarioimagen.net\/index.php?rest_route=\/wp\/v2\/media\/360937"}],"wp:attachment":[{"href":"https:\/\/www.diarioimagen.net\/index.php?rest_route=%2Fwp%2Fv2%2Fmedia&parent=360841"}],"wp:term":[{"taxonomy":"category","embeddable":true,"href":"https:\/\/www.diarioimagen.net\/index.php?rest_route=%2Fwp%2Fv2%2Fcategories&post=360841"},{"taxonomy":"post_tag","embeddable":true,"href":"https:\/\/www.diarioimagen.net\/index.php?rest_route=%2Fwp%2Fv2%2Ftags&post=360841"}],"curies":[{"name":"wp","href":"https:\/\/api.w.org\/{rel}","templated":true}]}}