{"id":360845,"date":"2018-01-23T00:04:32","date_gmt":"2018-01-23T06:04:32","guid":{"rendered":"http:\/\/www.diarioimagen.net\/?p=360845"},"modified":"2018-01-23T03:50:48","modified_gmt":"2018-01-23T09:50:48","slug":"en-coacalco-se-prerregistra-david-sanchez-isidoro","status":"publish","type":"post","link":"https:\/\/www.diarioimagen.net\/?p=360845","title":{"rendered":"En Coacalco se prerregistra David S\u00e1nchez Isidoro"},"content":{"rendered":"<p><a href=\"http:\/\/www.diarioimagen.net\/?attachment_id=360943\" rel=\"attachment wp-att-360943\"><img loading=\"lazy\" decoding=\"async\" class=\"aligncenter size-large wp-image-360943\" src=\"http:\/\/www.diarioimagen.net\/wp-content\/uploads\/2018\/01\/COACALCO-3290-460x259.jpg\" alt=\"\" width=\"460\" height=\"259\" srcset=\"https:\/\/www.diarioimagen.net\/wp-content\/uploads\/2018\/01\/COACALCO-3290-460x259.jpg 460w, https:\/\/www.diarioimagen.net\/wp-content\/uploads\/2018\/01\/COACALCO-3290-240x135.jpg 240w, https:\/\/www.diarioimagen.net\/wp-content\/uploads\/2018\/01\/COACALCO-3290-235x132.jpg 235w, https:\/\/www.diarioimagen.net\/wp-content\/uploads\/2018\/01\/COACALCO-3290-202x114.jpg 202w, https:\/\/www.diarioimagen.net\/wp-content\/uploads\/2018\/01\/COACALCO-3290-350x196.jpg 350w, https:\/\/www.diarioimagen.net\/wp-content\/uploads\/2018\/01\/COACALCO-3290-220x123.jpg 220w, https:\/\/www.diarioimagen.net\/wp-content\/uploads\/2018\/01\/COACALCO-3290-237x132.jpg 237w, https:\/\/www.diarioimagen.net\/wp-content\/uploads\/2018\/01\/COACALCO-3290.jpg 480w\" sizes=\"auto, (max-width: 460px) 100vw, 460px\" \/><\/a><\/p>\n<p>&nbsp;<\/p>\n<p><strong>Coacalco, Estado de M\u00e9xico<\/strong><strong>.-<\/strong> El diputado, David S\u00e1nchez Isidoro, asisti\u00f3 a la sede del PRI local, como militante y present\u00f3 su registro a aspirante a la presidencia municipal de Coacalco.<\/p>\n<p>Al hacer uso de la palabra, dijo agradecer la confianza que\u00a0le da el partido tricolor y sobre todo el apoyo de los coacalquenses, que hoy le brindan, y les seguiremos haciendo las cosas a favor de los habitantes del lugar.<\/p>\n<p>&nbsp;<\/p>\n","protected":false},"excerpt":{"rendered":"<p>El diputado, David S\u00e1nchez Isidoro, asisti\u00f3 a la sede del PRI local, como militante y present\u00f3 su registro a aspirante a la presidencia municipal de Coacalco. <\/p>\n","protected":false},"author":3,"featured_media":360943,"comment_status":"open","ping_status":"open","sticky":false,"template":"","format":"standard","meta":{"_monsterinsights_skip_tracking":false,"_monsterinsights_sitenote_active":false,"_monsterinsights_sitenote_note":"","_monsterinsights_sitenote_category":0,"footnotes":""},"categories":[35155],"tags":[579,26134,43675],"class_list":["post-360845","post","type-post","status-publish","format-standard","has-post-thumbnail","hentry","category-estado-de-mexico-estado-de-mexico","tag-coacalco","tag-david-sanchez-isidoro","tag-estado-de-mexico"],"_links":{"self":[{"href":"https:\/\/www.diarioimagen.net\/index.php?rest_route=\/wp\/v2\/posts\/360845","targetHints":{"allow":["GET"]}}],"collection":[{"href":"https:\/\/www.diarioimagen.net\/index.php?rest_route=\/wp\/v2\/posts"}],"about":[{"href":"https:\/\/www.diarioimagen.net\/index.php?rest_route=\/wp\/v2\/types\/post"}],"author":[{"embeddable":true,"href":"https:\/\/www.diarioimagen.net\/index.php?rest_route=\/wp\/v2\/users\/3"}],"replies":[{"embeddable":true,"href":"https:\/\/www.diarioimagen.net\/index.php?rest_route=%2Fwp%2Fv2%2Fcomments&post=360845"}],"version-history":[{"count":0,"href":"https:\/\/www.diarioimagen.net\/index.php?rest_route=\/wp\/v2\/posts\/360845\/revisions"}],"wp:featuredmedia":[{"embeddable":true,"href":"https:\/\/www.diarioimagen.net\/index.php?rest_route=\/wp\/v2\/media\/360943"}],"wp:attachment":[{"href":"https:\/\/www.diarioimagen.net\/index.php?rest_route=%2Fwp%2Fv2%2Fmedia&parent=360845"}],"wp:term":[{"taxonomy":"category","embeddable":true,"href":"https:\/\/www.diarioimagen.net\/index.php?rest_route=%2Fwp%2Fv2%2Fcategories&post=360845"},{"taxonomy":"post_tag","embeddable":true,"href":"https:\/\/www.diarioimagen.net\/index.php?rest_route=%2Fwp%2Fv2%2Ftags&post=360845"}],"curies":[{"name":"wp","href":"https:\/\/api.w.org\/{rel}","templated":true}]}}