{"id":360888,"date":"2018-01-23T00:17:22","date_gmt":"2018-01-23T06:17:22","guid":{"rendered":"http:\/\/www.diarioimagen.net\/?p=360888"},"modified":"2018-01-30T00:23:40","modified_gmt":"2018-01-30T06:23:40","slug":"ineleaks-o-las-trampas-electorales","status":"publish","type":"post","link":"https:\/\/www.diarioimagen.net\/?p=360888","title":{"rendered":"\u201cINEleaks\u201d, o las trampas electorales"},"content":{"rendered":"<h2>Caleidoscopio<\/h2>\n<h5>Guillermina G\u00f3mora Ord\u00f3\u00f1ez<\/h5>\n<p>&nbsp;<\/p>\n<p>Todo parece indicar que se acab\u00f3 el encanto de las candidaturas independientes, la denuncia que present\u00f3 el periodista y aspirante a candidato presidencial por esta v\u00eda, <strong>Pedro Ferriz de Con<\/strong>, sobre la oferta que le hicieron del padr\u00f3n con un mill\u00f3n de credenciales de elector por 8 millones de pesos, es un golpe a la credibilidad de la figura ciudadana y de las pr\u00f3ximas elecciones.<\/p>\n<p>La trampa apareci\u00f3, el tr\u00e1fico de base de datos del <strong>Instituto Nacional Electoral<\/strong>, (<strong>INE<\/strong>) no es nuevo, lo preocupante, ahora, es que est\u00e1 detr\u00e1s de la colecta de firmas para los aspirantes ciudadanos.<\/p>\n<p><strong>Manuel J. Clouthier Carrillo,<\/strong> diputado independiente y que busca por esta opci\u00f3n, llegar al Senado, conden\u00f3 los hechos y advirti\u00f3 que esto \u201censucia la figura y\u00a0 este nuevo derecho\u201d. El sinaloense calific\u00f3 como \u201cmuy lamentable que la gente que aspira a una candidatura independiente haga lo mismo que los partidos pol\u00edticos. Si alguien viene a hacer trampa desde el proceso electoral, M\u00e9xico no lo necesita\u201d.<\/p>\n<p>En efecto, el pa\u00eds no necesita m\u00e1s corruptos;\u00a0 el <strong>INE<\/strong> y la <strong>Fiscal\u00eda Especializada para la Atenci\u00f3n de Delitos Electorales<\/strong> (<strong>Fepade<\/strong>) est\u00e1n obligados a esclarecer el caso antes del arranque de las campa\u00f1as (30 de marzo) y sobre todo, antes de las votaciones del pr\u00f3ximo 1 de julio.<\/p>\n<p>No hacerlo, confirmar\u00eda lo que dijo Ferriz de Con, al presentar su denuncia: \u201cSi el INE acepta registros de quienes han usado este mecanismo y mantiene este proceso de apoyos ciudadanos como \u00e9ste, las elecciones del pr\u00f3ximo julio carecer\u00e1n de certeza y legalidad, mal augurio para la democracia en nuestro pa\u00eds\u201d.<\/p>\n<p>S\u00ed, se pondr\u00eda en riesgo al sistema pol\u00edtico, pero desde ahora enfrentamos ya un problema de seguridad, nuestros datos est\u00e1n manos de grupos delincuenciales que tienen el padr\u00f3n electoral y lo venden al mejor postor c\u00f3mo lo hicieron en 2010 y 2012, en el barrio de Tepito, cuando lo evidenciaron los diarios <strong>El Universal y La Raz\u00f3n<\/strong>, respectivamente.<\/p>\n<p>El padr\u00f3n electoral se vend\u00eda por 15 mil pesos, en 2012, en forma digital con acceso directo a todo tipo de computadoras y ten\u00eda los logotipos del <strong>Partido Encuentro Social<\/strong> de Baja California, que\u00a0 hizo alianza en el 2003 con el Partido Convergencia para las elecciones locales.<\/p>\n<p>La presencia de los partidos en este negocio qued\u00f3 al descubierto y sigui\u00f3 en el 2013 cuando el <strong>Partido Convergencia<\/strong> (hoy Movimiento Ciudadano) estuvo involucrado en otra filtraci\u00f3n sobre la venta de bases de datos resguardadas por el IFE, a trav\u00e9s del portal \u201cbuscardatos.com\u201d, con sede en Suecia.<\/p>\n<p>Tres a\u00f1os despu\u00e9s (2016) reincidi\u00f3; un investigador de la empresa de seguridad MacKeeper, Chris Vickery, revel\u00f3 que la base de datos de la Lista Nominal de Electores \u2014con 93.4 millones de registros que incluyen datos personales como nombre y domicilio de los votantes mexicanos\u2014 estaba disponible en un servidor de internet de Amazon, sin contrase\u00f1as ni protecci\u00f3n. Se trataba de la copia entregada al partido <strong>Movimiento Ciudadano<\/strong>, su dirigente Dante Delgado, dijo que\u00a0 fue \u201cun asalto cibern\u00e9tico\u201d. Nada pas\u00f3, s\u00f3lo unas multas econ\u00f3micas, ni siquiera un ultim\u00e1tum, para quitarle el registro.<\/p>\n<p>Hoy,<strong> Lorenzo C\u00f3rdova, presidente consejero del INE<\/strong>, est\u00e1 ante una quinta filtraci\u00f3n de datos. La cuestionada credibilidad del \u00e1rbitro electoral, no s\u00f3lo pone en riesgo la democracia, sino la seguridad nacional. El castigo debe ir m\u00e1s all\u00e1 de anular el registro al responsable. A la c\u00e1rcel deben ir los traidores.<\/p>\n<p>&nbsp;<\/p>\n<p style=\"text-align: center;\"><b>VERICUENTOS<\/b><\/p>\n<p style=\"text-align: center;\"><strong>Gaby Cuevas, sobrevivencia <\/strong><\/p>\n<p><strong>La\u00a0 senadora independiente, Gabriela Cuevas, <\/strong>panista hasta el domingo pasado, respira con alivio, pues sus pecados azules fueron perdonados por \u201cEl Mes\u00edas\u201d de <strong>Morena, Andr\u00e9s Manuel L\u00f3pez Obrador. <\/strong>La absoluci\u00f3n le permitir\u00e1 obtener una candidatura a diputada federal que le negaron en el PAN. Cuevas buscar mantener la presidencia de la Uni\u00f3n Interparlamentaria, que asumi\u00f3 en octubre pasado en Rusia<strong>. \u00a1Viva el hueso!<\/strong><\/p>\n<p style=\"text-align: center;\"><strong>CDMX: Dos mujeres<\/strong><\/p>\n<p>Se confirm\u00f3 lo que aqu\u00ed le adelantamos hace una semana<strong>: Alejandra Barrales <\/strong>es la candidata de \u201cPor M\u00e9xico al Frente\u201d, que integran el PAN-PRD y Movimiento Ciudadano. Enfrentar\u00e1 a <strong>Claudia Sheinbaum<\/strong> de Morena-PT-PES, por la jefatura de gobierno de la Ciudad de M\u00e9xico. El oficio pol\u00edtico ser\u00e1 determinante; Barrales aventaja a su rival, ha sido diputada federal y presidenta de la Asamblea Legislativa del Distrito Federal, adem\u00e1s, senadora y l\u00edder nacional del PRD, donde teji\u00f3 fino con los panistas para lograr la alianza al 2018. Ya veremos si gana la ruda o la t\u00e9cnica <strong>\u00a1\u00d3rale!<\/strong><\/p>\n<p style=\"text-align: center;\"><strong>Fiscal anticorrupci\u00f3n<br \/>\n<\/strong><\/p>\n<p>Los pri\u00edstas van con todo para sacar adelante el nombramiento del fiscal Anticorrupci\u00f3n en el Congreso. El <strong>coordinador de los senadores del tricolor, Emilio Gamboa<\/strong>, afirm\u00f3 que trabajar\u00e1n en la consolidaci\u00f3n del Sistema Nacional Anticorrupci\u00f3n (SNA) para reafirmar su compromiso con M\u00e9xico. <strong>\u00a1Vientos!<\/strong><\/p>\n<p><a href=\"mailto:guillegomora@hotmail.com\" target=\"_blank\" rel=\"noopener noreferrer\"><i>guillegomora@hotmail.com<br \/>\n<\/i><\/a><a href=\"https:\/\/twitter.com\/guillegomora?lang=es\" target=\"_blank\" rel=\"noopener noreferrer\"><i>@guillegomora<\/i><\/a><\/p>\n","protected":false},"excerpt":{"rendered":"<p><span style=\"color: #005497;\"><strong>Guillermina G\u00f3mora Ord\u00f3\u00f1ez<\/strong><\/span><\/p>\n","protected":false},"author":3,"featured_media":0,"comment_status":"open","ping_status":"open","sticky":false,"template":"","format":"standard","meta":{"_monsterinsights_skip_tracking":false,"_monsterinsights_sitenote_active":false,"_monsterinsights_sitenote_note":"","_monsterinsights_sitenote_category":0,"footnotes":""},"categories":[58361],"tags":[58362,58363,43674],"class_list":["post-360888","post","type-post","status-publish","format-standard","hentry","category-guillermina-gomora-ordonez","tag-caleidoscopio","tag-guillermina-gomora-ordonez","tag-opinion"],"_links":{"self":[{"href":"https:\/\/www.diarioimagen.net\/index.php?rest_route=\/wp\/v2\/posts\/360888","targetHints":{"allow":["GET"]}}],"collection":[{"href":"https:\/\/www.diarioimagen.net\/index.php?rest_route=\/wp\/v2\/posts"}],"about":[{"href":"https:\/\/www.diarioimagen.net\/index.php?rest_route=\/wp\/v2\/types\/post"}],"author":[{"embeddable":true,"href":"https:\/\/www.diarioimagen.net\/index.php?rest_route=\/wp\/v2\/users\/3"}],"replies":[{"embeddable":true,"href":"https:\/\/www.diarioimagen.net\/index.php?rest_route=%2Fwp%2Fv2%2Fcomments&post=360888"}],"version-history":[{"count":0,"href":"https:\/\/www.diarioimagen.net\/index.php?rest_route=\/wp\/v2\/posts\/360888\/revisions"}],"wp:attachment":[{"href":"https:\/\/www.diarioimagen.net\/index.php?rest_route=%2Fwp%2Fv2%2Fmedia&parent=360888"}],"wp:term":[{"taxonomy":"category","embeddable":true,"href":"https:\/\/www.diarioimagen.net\/index.php?rest_route=%2Fwp%2Fv2%2Fcategories&post=360888"},{"taxonomy":"post_tag","embeddable":true,"href":"https:\/\/www.diarioimagen.net\/index.php?rest_route=%2Fwp%2Fv2%2Ftags&post=360888"}],"curies":[{"name":"wp","href":"https:\/\/api.w.org\/{rel}","templated":true}]}}