{"id":361072,"date":"2018-01-24T00:08:43","date_gmt":"2018-01-24T06:08:43","guid":{"rendered":"http:\/\/www.diarioimagen.net\/?p=361072"},"modified":"2018-01-24T02:38:58","modified_gmt":"2018-01-24T08:38:58","slug":"registra-el-pri-en-cuautitlan-a-aldo-ledezma-reyna","status":"publish","type":"post","link":"https:\/\/www.diarioimagen.net\/?p=361072","title":{"rendered":"Registra el PRI en Cuautitl\u00e1n a Aldo Ledezma Reyna"},"content":{"rendered":"<p><a href=\"http:\/\/www.diarioimagen.net\/?attachment_id=361124\" rel=\"attachment wp-att-361124\"><img loading=\"lazy\" decoding=\"async\" class=\"aligncenter size-large wp-image-361124\" src=\"http:\/\/www.diarioimagen.net\/wp-content\/uploads\/2018\/01\/CUAUTITLAN-3291-460x259.jpg\" alt=\"\" width=\"460\" height=\"259\" srcset=\"https:\/\/www.diarioimagen.net\/wp-content\/uploads\/2018\/01\/CUAUTITLAN-3291-460x259.jpg 460w, https:\/\/www.diarioimagen.net\/wp-content\/uploads\/2018\/01\/CUAUTITLAN-3291-240x135.jpg 240w, https:\/\/www.diarioimagen.net\/wp-content\/uploads\/2018\/01\/CUAUTITLAN-3291-235x132.jpg 235w, https:\/\/www.diarioimagen.net\/wp-content\/uploads\/2018\/01\/CUAUTITLAN-3291-202x114.jpg 202w, https:\/\/www.diarioimagen.net\/wp-content\/uploads\/2018\/01\/CUAUTITLAN-3291-350x196.jpg 350w, https:\/\/www.diarioimagen.net\/wp-content\/uploads\/2018\/01\/CUAUTITLAN-3291-220x123.jpg 220w, https:\/\/www.diarioimagen.net\/wp-content\/uploads\/2018\/01\/CUAUTITLAN-3291-237x132.jpg 237w, https:\/\/www.diarioimagen.net\/wp-content\/uploads\/2018\/01\/CUAUTITLAN-3291.jpg 480w\" sizes=\"auto, (max-width: 460px) 100vw, 460px\" \/><\/a><\/p>\n<p>&nbsp;<\/p>\n<p><strong>Cuautitl\u00e1n, Estado de M\u00e9xico.- <\/strong>Con el apoyo de todos los sectores de la sociedad, as\u00ed como de la estructura y organizaciones del Partido Revolucionario Institucional, se registr\u00f3 Aldo Ledezma Reyna como precandidato a la presidencia municipal de Cuautitl\u00e1n M\u00e9xico, convirti\u00e9ndose as\u00ed en el virtual candidato de unidad para el pri\u00edsmo.<\/p>\n<p>Lo acompa\u00f1aron en este acto la primera pri\u00edsta de la ciudad, Lupita Fern\u00e1ndez S\u00e1nchez y el diputado local, Francisco Javier Fern\u00e1ndez Clamont, as\u00ed como Jes\u00fas Reyes Gallardo, presidente del PRI local.<\/p>\n","protected":false},"excerpt":{"rendered":"<p>Con el apoyo de todos los sectores de la sociedad, as\u00ed como de la estructura y organizaciones del Partido Revolucionario Institucional, se registr\u00f3 Aldo Ledezma Reyna como precandidato a la presidencia municipal de Cuautitl\u00e1n M\u00e9xico, convirti\u00e9ndose as\u00ed en el virtual candidato de unidad para el pri\u00edsmo.<\/p>\n","protected":false},"author":3,"featured_media":361124,"comment_status":"open","ping_status":"open","sticky":false,"template":"","format":"standard","meta":{"_monsterinsights_skip_tracking":false,"_monsterinsights_sitenote_active":false,"_monsterinsights_sitenote_note":"","_monsterinsights_sitenote_category":0,"footnotes":""},"categories":[35155],"tags":[70005,681,43675],"class_list":["post-361072","post","type-post","status-publish","format-standard","has-post-thumbnail","hentry","category-estado-de-mexico-estado-de-mexico","tag-aldo-ledezma-reyna","tag-cuautitlan","tag-estado-de-mexico"],"_links":{"self":[{"href":"https:\/\/www.diarioimagen.net\/index.php?rest_route=\/wp\/v2\/posts\/361072","targetHints":{"allow":["GET"]}}],"collection":[{"href":"https:\/\/www.diarioimagen.net\/index.php?rest_route=\/wp\/v2\/posts"}],"about":[{"href":"https:\/\/www.diarioimagen.net\/index.php?rest_route=\/wp\/v2\/types\/post"}],"author":[{"embeddable":true,"href":"https:\/\/www.diarioimagen.net\/index.php?rest_route=\/wp\/v2\/users\/3"}],"replies":[{"embeddable":true,"href":"https:\/\/www.diarioimagen.net\/index.php?rest_route=%2Fwp%2Fv2%2Fcomments&post=361072"}],"version-history":[{"count":0,"href":"https:\/\/www.diarioimagen.net\/index.php?rest_route=\/wp\/v2\/posts\/361072\/revisions"}],"wp:featuredmedia":[{"embeddable":true,"href":"https:\/\/www.diarioimagen.net\/index.php?rest_route=\/wp\/v2\/media\/361124"}],"wp:attachment":[{"href":"https:\/\/www.diarioimagen.net\/index.php?rest_route=%2Fwp%2Fv2%2Fmedia&parent=361072"}],"wp:term":[{"taxonomy":"category","embeddable":true,"href":"https:\/\/www.diarioimagen.net\/index.php?rest_route=%2Fwp%2Fv2%2Fcategories&post=361072"},{"taxonomy":"post_tag","embeddable":true,"href":"https:\/\/www.diarioimagen.net\/index.php?rest_route=%2Fwp%2Fv2%2Ftags&post=361072"}],"curies":[{"name":"wp","href":"https:\/\/api.w.org\/{rel}","templated":true}]}}