{"id":361076,"date":"2018-01-24T00:06:04","date_gmt":"2018-01-24T06:06:04","guid":{"rendered":"http:\/\/www.diarioimagen.net\/?p=361076"},"modified":"2018-01-24T02:42:07","modified_gmt":"2018-01-24T08:42:07","slug":"nuestra-prioridad-es-cuidar-de-las-mujeres-comisario-rogelio-hernandez","status":"publish","type":"post","link":"https:\/\/www.diarioimagen.net\/?p=361076","title":{"rendered":"Nuestra prioridad es cuidar de las mujeres: comisario Rogelio Hern\u00e1ndez"},"content":{"rendered":"<ul>\n<li><strong><em>Operativos en Tultitl\u00e1n<\/em><\/strong><\/li>\n<\/ul>\n<p>&nbsp;<\/p>\n<p><a href=\"http:\/\/www.diarioimagen.net\/?attachment_id=361131\" rel=\"attachment wp-att-361131\"><img loading=\"lazy\" decoding=\"async\" class=\"aligncenter size-large wp-image-361131\" src=\"http:\/\/www.diarioimagen.net\/wp-content\/uploads\/2018\/01\/TULTITLAN-3291-460x356.jpg\" alt=\"\" width=\"460\" height=\"356\" srcset=\"https:\/\/www.diarioimagen.net\/wp-content\/uploads\/2018\/01\/TULTITLAN-3291-460x356.jpg 460w, https:\/\/www.diarioimagen.net\/wp-content\/uploads\/2018\/01\/TULTITLAN-3291-240x185.jpg 240w, https:\/\/www.diarioimagen.net\/wp-content\/uploads\/2018\/01\/TULTITLAN-3291.jpg 700w\" sizes=\"auto, (max-width: 460px) 100vw, 460px\" \/><\/a><\/p>\n<p>&nbsp;<\/p>\n<p><strong>Tultitl\u00e1n, Estado de M\u00e9xico<\/strong>.- El gobierno local, encabezado el presidente municipal, Jorge Ad\u00e1n Barr\u00f3n Elizalde y a trav\u00e9s de la Comisar\u00eda de Seguridad P\u00fablica, se preocupa por proteger a los ni\u00f1os y mujeres tultitlenses contra la violencia.<\/p>\n<p>El comisario de Seguridad P\u00fablica, Rogelio Hern\u00e1ndez de la Mata, mencion\u00f3 que su objetivo es proporcionar mayor seguridad a las mujeres tultitlenses para que no sufran de violencia y desaparici\u00f3n, porque ellas son parte\u00a0 importante de nuestra demarcaci\u00f3n.<\/p>\n<p>Cabe destacar que en uno de los operativos que realiza cotidianamente la Comisi\u00f3n de Seguridad P\u00fablica, Vialidad y Protecci\u00f3n Civil, en la ma\u00f1ana del\u00a0 17 de enero del a\u00f1o en curso se recibi\u00f3 una alerta con respecto a la desaparici\u00f3n de una se\u00f1ora de nombre Mar\u00eda \u201cN\u201d, de 41 a\u00f1os de edad. Se hizo contacto con la se\u00f1ora Ernestina \u201cN\u201d, madre de la mujer desaparecida, diciendo no saber nada de su hija desde el 30 de noviembre de 2017.\u00a0 El pasado 18 de enero, Seguridad P\u00fablica realiz\u00f3 las labores de b\u00fasqueda y difusi\u00f3n correspondientes, logrando la recuperaci\u00f3n de la se\u00f1ora Mar\u00eda \u201cN\u201d, quien se encontraba en un albergue ubicado en la colonia Nezahualc\u00f3yotl.<\/p>\n<p>La mujer encontrada fue llevada a su domicilio y reintegrada a su familia. Cabe mencionar que la se\u00f1ora sufre de esquizofrenia y p\u00e9rdida del conocimiento. Seguridad P\u00fablica reiter\u00f3 que seguir\u00e1 realizando este tipo de operativos con base en llamadas de emergencia, por lo que se invita a todas las mujeres tultitlenses a no tener miedo y denunciar cualquier acto de violencia o agresi\u00f3n, bajo el principio de que la mujer es quien da la vida: si le haces da\u00f1o, da\u00f1as al mundo.<\/p>\n","protected":false},"excerpt":{"rendered":"<p>El gobierno local, encabezado el presidente municipal, Jorge Ad\u00e1n Barr\u00f3n Elizalde y a trav\u00e9s de la Comisar\u00eda de Seguridad P\u00fablica, se preocupa por proteger a los ni\u00f1os y mujeres tultitlenses contra la violencia.<\/p>\n","protected":false},"author":3,"featured_media":361131,"comment_status":"open","ping_status":"open","sticky":false,"template":"","format":"standard","meta":{"_monsterinsights_skip_tracking":false,"_monsterinsights_sitenote_active":false,"_monsterinsights_sitenote_note":"","_monsterinsights_sitenote_category":0,"footnotes":""},"categories":[35155],"tags":[68302,43675,1921,578],"class_list":["post-361076","post","type-post","status-publish","format-standard","has-post-thumbnail","hentry","category-estado-de-mexico-estado-de-mexico","tag-cuidar","tag-estado-de-mexico","tag-mujeres","tag-tultitlan"],"_links":{"self":[{"href":"https:\/\/www.diarioimagen.net\/index.php?rest_route=\/wp\/v2\/posts\/361076","targetHints":{"allow":["GET"]}}],"collection":[{"href":"https:\/\/www.diarioimagen.net\/index.php?rest_route=\/wp\/v2\/posts"}],"about":[{"href":"https:\/\/www.diarioimagen.net\/index.php?rest_route=\/wp\/v2\/types\/post"}],"author":[{"embeddable":true,"href":"https:\/\/www.diarioimagen.net\/index.php?rest_route=\/wp\/v2\/users\/3"}],"replies":[{"embeddable":true,"href":"https:\/\/www.diarioimagen.net\/index.php?rest_route=%2Fwp%2Fv2%2Fcomments&post=361076"}],"version-history":[{"count":0,"href":"https:\/\/www.diarioimagen.net\/index.php?rest_route=\/wp\/v2\/posts\/361076\/revisions"}],"wp:featuredmedia":[{"embeddable":true,"href":"https:\/\/www.diarioimagen.net\/index.php?rest_route=\/wp\/v2\/media\/361131"}],"wp:attachment":[{"href":"https:\/\/www.diarioimagen.net\/index.php?rest_route=%2Fwp%2Fv2%2Fmedia&parent=361076"}],"wp:term":[{"taxonomy":"category","embeddable":true,"href":"https:\/\/www.diarioimagen.net\/index.php?rest_route=%2Fwp%2Fv2%2Fcategories&post=361076"},{"taxonomy":"post_tag","embeddable":true,"href":"https:\/\/www.diarioimagen.net\/index.php?rest_route=%2Fwp%2Fv2%2Ftags&post=361076"}],"curies":[{"name":"wp","href":"https:\/\/api.w.org\/{rel}","templated":true}]}}