{"id":361081,"date":"2018-01-24T00:05:55","date_gmt":"2018-01-24T06:05:55","guid":{"rendered":"http:\/\/www.diarioimagen.net\/?p=361081"},"modified":"2018-01-24T02:56:36","modified_gmt":"2018-01-24T08:56:36","slug":"transportistas-del-valle-de-mexico-denuncian-desaparicion-de-unidades","status":"publish","type":"post","link":"https:\/\/www.diarioimagen.net\/?p=361081","title":{"rendered":"Transportistas del Valle de M\u00e9xico denuncian desaparici\u00f3n de unidades"},"content":{"rendered":"<ul>\n<li><strong><em>Liberadas del corral\u00f3n con documentos falsos<\/em><\/strong><\/li>\n<\/ul>\n<p>&nbsp;<\/p>\n<div id=\"attachment_361154\" style=\"width: 470px\" class=\"wp-caption aligncenter\"><a href=\"http:\/\/www.diarioimagen.net\/?attachment_id=361154\" rel=\"attachment wp-att-361154\"><img loading=\"lazy\" decoding=\"async\" aria-describedby=\"caption-attachment-361154\" class=\"size-large wp-image-361154\" src=\"http:\/\/www.diarioimagen.net\/wp-content\/uploads\/2018\/01\/transportistas-3291-460x259.jpg\" alt=\"\" width=\"460\" height=\"259\" srcset=\"https:\/\/www.diarioimagen.net\/wp-content\/uploads\/2018\/01\/transportistas-3291-460x259.jpg 460w, https:\/\/www.diarioimagen.net\/wp-content\/uploads\/2018\/01\/transportistas-3291-240x135.jpg 240w, https:\/\/www.diarioimagen.net\/wp-content\/uploads\/2018\/01\/transportistas-3291-235x132.jpg 235w, https:\/\/www.diarioimagen.net\/wp-content\/uploads\/2018\/01\/transportistas-3291-202x114.jpg 202w, https:\/\/www.diarioimagen.net\/wp-content\/uploads\/2018\/01\/transportistas-3291-350x196.jpg 350w, https:\/\/www.diarioimagen.net\/wp-content\/uploads\/2018\/01\/transportistas-3291-220x123.jpg 220w, https:\/\/www.diarioimagen.net\/wp-content\/uploads\/2018\/01\/transportistas-3291-237x132.jpg 237w, https:\/\/www.diarioimagen.net\/wp-content\/uploads\/2018\/01\/transportistas-3291.jpg 480w\" sizes=\"auto, (max-width: 460px) 100vw, 460px\" \/><\/a><p id=\"caption-attachment-361154\" class=\"wp-caption-text\">Choferes del servicio de transporte p\u00fablico denuncian misteriosa desaparici\u00f3n de unidades en corralones.<\/p><\/div>\n<p>&nbsp;<\/p>\n<p><strong>Naucalpan, Estado de M\u00e9xico<\/strong>.- Sin respuesta de autoridades de la Secretar\u00eda de Movilidad del Valle de M\u00e9xico, en torno a la \u201cmisteriosa desaparici\u00f3n de unidades del servicio p\u00fablico\u201d, los due\u00f1os y choferes de veh\u00edculos, denunciaron mediante un escrito que se aclaren los robos de sus unidades.<\/p>\n<p>Pidieron el apoyo del gobernador Alfredo Del Mazo Maza, para tratar de aclarar la misteriosa desaparici\u00f3n de las unidades Toyota modelo 2018, placas 02387E, concesionadas en la empresa denominada Propietarios, Operadores y Autotransportistas, Ruta 07 y Nissan, Urvan, modelo 2014 oncesionada en la empresa denominada Transportes El Capul\u00edn, Ruta 58, S.A. de C.V., la efectuaron ante el\u00a0 mandatario estatal, las se\u00f1oras Mar\u00eda Elena Cid Garc\u00eda y Blanca Estela P\u00e9rez Vargas, propietarias .<\/p>\n<p>Comentan las demandantes, que sus unidades fueron primeramente\u00a0 retenidas en operativo llevado a cabo por personas\u00a0 de la Secretar\u00eda de Movilidad en el Valle de M\u00e9xico, quienes ordenan que dichas camionetas del transporte fueran llevadas a un corral\u00f3n de la zona, de donde m\u00e1s tarde son liberadas con documentaci\u00f3n ap\u00f3crifa, y firmada por el ex subsecretario Isaac Cansino Reguera, quien para entonces ten\u00eda ya m\u00e1s de un mes de \u201cno estar en funciones\u201d.<\/p>\n<p>Para intentar resolver este asunto por robo de unidades del servicio p\u00fablico de pasajeros, los demandantes han solicitado audiencia con Francisco Luis Quintero Pereda, subsecretario de Movilidad mexiquense, pero este funcionario no los atiende esquivando su responsabilidad.<\/p>\n","protected":false},"excerpt":{"rendered":"<p>Sin respuesta de autoridades de la Secretar\u00eda de Movilidad del Valle de M\u00e9xico, en torno a la \u201cmisteriosa desaparici\u00f3n de unidades del servicio p\u00fablico\u201d, los due\u00f1os y choferes de veh\u00edculos, denunciaron mediante un escrito que se aclaren los robos de sus unidades. <\/p>\n","protected":false},"author":3,"featured_media":361154,"comment_status":"open","ping_status":"open","sticky":false,"template":"","format":"standard","meta":{"_monsterinsights_skip_tracking":false,"_monsterinsights_sitenote_active":false,"_monsterinsights_sitenote_note":"","_monsterinsights_sitenote_category":0,"footnotes":""},"categories":[35155],"tags":[43675,970,70008],"class_list":["post-361081","post","type-post","status-publish","format-standard","has-post-thumbnail","hentry","category-estado-de-mexico-estado-de-mexico","tag-estado-de-mexico","tag-naucalpan","tag-secretaria-de-movilidad-del-valle-de-mexico"],"_links":{"self":[{"href":"https:\/\/www.diarioimagen.net\/index.php?rest_route=\/wp\/v2\/posts\/361081","targetHints":{"allow":["GET"]}}],"collection":[{"href":"https:\/\/www.diarioimagen.net\/index.php?rest_route=\/wp\/v2\/posts"}],"about":[{"href":"https:\/\/www.diarioimagen.net\/index.php?rest_route=\/wp\/v2\/types\/post"}],"author":[{"embeddable":true,"href":"https:\/\/www.diarioimagen.net\/index.php?rest_route=\/wp\/v2\/users\/3"}],"replies":[{"embeddable":true,"href":"https:\/\/www.diarioimagen.net\/index.php?rest_route=%2Fwp%2Fv2%2Fcomments&post=361081"}],"version-history":[{"count":0,"href":"https:\/\/www.diarioimagen.net\/index.php?rest_route=\/wp\/v2\/posts\/361081\/revisions"}],"wp:featuredmedia":[{"embeddable":true,"href":"https:\/\/www.diarioimagen.net\/index.php?rest_route=\/wp\/v2\/media\/361154"}],"wp:attachment":[{"href":"https:\/\/www.diarioimagen.net\/index.php?rest_route=%2Fwp%2Fv2%2Fmedia&parent=361081"}],"wp:term":[{"taxonomy":"category","embeddable":true,"href":"https:\/\/www.diarioimagen.net\/index.php?rest_route=%2Fwp%2Fv2%2Fcategories&post=361081"},{"taxonomy":"post_tag","embeddable":true,"href":"https:\/\/www.diarioimagen.net\/index.php?rest_route=%2Fwp%2Fv2%2Ftags&post=361081"}],"curies":[{"name":"wp","href":"https:\/\/api.w.org\/{rel}","templated":true}]}}