{"id":361276,"date":"2018-01-25T00:06:07","date_gmt":"2018-01-25T06:06:07","guid":{"rendered":"http:\/\/www.diarioimagen.net\/?p=361276"},"modified":"2018-01-25T04:14:39","modified_gmt":"2018-01-25T10:14:39","slug":"gobierno-de-atizapan-realiza-una-jornada-intensiva-de-trabajo","status":"publish","type":"post","link":"https:\/\/www.diarioimagen.net\/?p=361276","title":{"rendered":"Gobierno de Atizap\u00e1n realiza una jornada intensiva de trabajo"},"content":{"rendered":"<p><a href=\"http:\/\/www.diarioimagen.net\/?attachment_id=361360\" rel=\"attachment wp-att-361360\"><img loading=\"lazy\" decoding=\"async\" class=\"aligncenter size-large wp-image-361360\" src=\"http:\/\/www.diarioimagen.net\/wp-content\/uploads\/2018\/01\/ATIZAPAN-3292-460x259.jpg\" alt=\"\" width=\"460\" height=\"259\" srcset=\"https:\/\/www.diarioimagen.net\/wp-content\/uploads\/2018\/01\/ATIZAPAN-3292-460x259.jpg 460w, https:\/\/www.diarioimagen.net\/wp-content\/uploads\/2018\/01\/ATIZAPAN-3292-240x135.jpg 240w, https:\/\/www.diarioimagen.net\/wp-content\/uploads\/2018\/01\/ATIZAPAN-3292-235x132.jpg 235w, https:\/\/www.diarioimagen.net\/wp-content\/uploads\/2018\/01\/ATIZAPAN-3292-202x114.jpg 202w, https:\/\/www.diarioimagen.net\/wp-content\/uploads\/2018\/01\/ATIZAPAN-3292-350x196.jpg 350w, https:\/\/www.diarioimagen.net\/wp-content\/uploads\/2018\/01\/ATIZAPAN-3292-220x123.jpg 220w, https:\/\/www.diarioimagen.net\/wp-content\/uploads\/2018\/01\/ATIZAPAN-3292-237x132.jpg 237w, https:\/\/www.diarioimagen.net\/wp-content\/uploads\/2018\/01\/ATIZAPAN-3292.jpg 480w\" sizes=\"auto, (max-width: 460px) 100vw, 460px\" \/><\/a><\/p>\n<p>&nbsp;<\/p>\n<p><strong>Atizap\u00e1n, Estado de M\u00e9xico<\/strong><strong>.<\/strong>-Por instrucciones de la presidenta municipal, Ana Balderas, se llev\u00f3 a cabo la jornada de trabajo intensiva en la que participaron las diferentes direcciones operativas que conforman la presente administraci\u00f3n.<\/p>\n<p>En dicha jornada particip\u00f3 personal de Obras P\u00fablicas, SAPASA, Servicios P\u00fablicos y la Direcci\u00f3n de Gobierno, realizaron trabajos de desazolve, bacheo, pinta de juegos, poda de \u00e1rboles y limpieza de ca\u00f1adas, con la finalidad de\u00a0 brindar un Atizap\u00e1n m\u00e1s digno.<\/p>\n","protected":false},"excerpt":{"rendered":"<p>Por instrucciones de la presidenta municipal, Ana Balderas, se llev\u00f3 a cabo la jornada de trabajo intensiva en la que participaron las diferentes direcciones operativas que conforman la presente administraci\u00f3n.<\/p>\n","protected":false},"author":3,"featured_media":361360,"comment_status":"open","ping_status":"open","sticky":false,"template":"","format":"standard","meta":{"_monsterinsights_skip_tracking":false,"_monsterinsights_sitenote_active":false,"_monsterinsights_sitenote_note":"","_monsterinsights_sitenote_category":0,"footnotes":""},"categories":[35155],"tags":[969,43675,70062,8961],"class_list":["post-361276","post","type-post","status-publish","format-standard","has-post-thumbnail","hentry","category-estado-de-mexico-estado-de-mexico","tag-atizapan","tag-estado-de-mexico","tag-intensiva","tag-trabajo"],"_links":{"self":[{"href":"https:\/\/www.diarioimagen.net\/index.php?rest_route=\/wp\/v2\/posts\/361276","targetHints":{"allow":["GET"]}}],"collection":[{"href":"https:\/\/www.diarioimagen.net\/index.php?rest_route=\/wp\/v2\/posts"}],"about":[{"href":"https:\/\/www.diarioimagen.net\/index.php?rest_route=\/wp\/v2\/types\/post"}],"author":[{"embeddable":true,"href":"https:\/\/www.diarioimagen.net\/index.php?rest_route=\/wp\/v2\/users\/3"}],"replies":[{"embeddable":true,"href":"https:\/\/www.diarioimagen.net\/index.php?rest_route=%2Fwp%2Fv2%2Fcomments&post=361276"}],"version-history":[{"count":0,"href":"https:\/\/www.diarioimagen.net\/index.php?rest_route=\/wp\/v2\/posts\/361276\/revisions"}],"wp:featuredmedia":[{"embeddable":true,"href":"https:\/\/www.diarioimagen.net\/index.php?rest_route=\/wp\/v2\/media\/361360"}],"wp:attachment":[{"href":"https:\/\/www.diarioimagen.net\/index.php?rest_route=%2Fwp%2Fv2%2Fmedia&parent=361276"}],"wp:term":[{"taxonomy":"category","embeddable":true,"href":"https:\/\/www.diarioimagen.net\/index.php?rest_route=%2Fwp%2Fv2%2Fcategories&post=361276"},{"taxonomy":"post_tag","embeddable":true,"href":"https:\/\/www.diarioimagen.net\/index.php?rest_route=%2Fwp%2Fv2%2Ftags&post=361276"}],"curies":[{"name":"wp","href":"https:\/\/api.w.org\/{rel}","templated":true}]}}