{"id":361442,"date":"2018-01-26T00:07:33","date_gmt":"2018-01-26T06:07:33","guid":{"rendered":"http:\/\/www.diarioimagen.net\/?p=361442"},"modified":"2018-01-28T22:47:28","modified_gmt":"2018-01-29T04:47:28","slug":"sera-edomex-centro-logistico-mas-importante-del-pais-adm","status":"publish","type":"post","link":"https:\/\/www.diarioimagen.net\/?p=361442","title":{"rendered":"Ser\u00e1 Edomex centro log\u00edstico m\u00e1s importante del pa\u00eds: ADM"},"content":{"rendered":"<ul>\n<li><em><strong>Con infraestructura fuerte, inversi\u00f3n y empleo<\/strong><\/em><\/li>\n<li><em><strong>Apostar\u00e1 por el fortalecimiento en materia de comunicaciones<\/strong><\/em><\/li>\n<\/ul>\n<p>&nbsp;<\/p>\n<div id=\"attachment_361509\" style=\"width: 470px\" class=\"wp-caption aligncenter\"><a href=\"http:\/\/www.diarioimagen.net\/?attachment_id=361509\" rel=\"attachment wp-att-361509\"><img loading=\"lazy\" decoding=\"async\" aria-describedby=\"caption-attachment-361509\" class=\"size-large wp-image-361509\" src=\"http:\/\/www.diarioimagen.net\/wp-content\/uploads\/2018\/01\/DEL-MAZO-3293-460x259.jpg\" alt=\"\" width=\"460\" height=\"259\" srcset=\"https:\/\/www.diarioimagen.net\/wp-content\/uploads\/2018\/01\/DEL-MAZO-3293-460x259.jpg 460w, https:\/\/www.diarioimagen.net\/wp-content\/uploads\/2018\/01\/DEL-MAZO-3293-240x135.jpg 240w, https:\/\/www.diarioimagen.net\/wp-content\/uploads\/2018\/01\/DEL-MAZO-3293-235x132.jpg 235w, https:\/\/www.diarioimagen.net\/wp-content\/uploads\/2018\/01\/DEL-MAZO-3293-202x114.jpg 202w, https:\/\/www.diarioimagen.net\/wp-content\/uploads\/2018\/01\/DEL-MAZO-3293-350x196.jpg 350w, https:\/\/www.diarioimagen.net\/wp-content\/uploads\/2018\/01\/DEL-MAZO-3293-220x123.jpg 220w, https:\/\/www.diarioimagen.net\/wp-content\/uploads\/2018\/01\/DEL-MAZO-3293-237x132.jpg 237w, https:\/\/www.diarioimagen.net\/wp-content\/uploads\/2018\/01\/DEL-MAZO-3293.jpg 480w\" sizes=\"auto, (max-width: 460px) 100vw, 460px\" \/><\/a><p id=\"caption-attachment-361509\" class=\"wp-caption-text\">Alfredo Del Mazo acompa\u00f1\u00f3 al presidente Enrique Pe\u00f1a Nieto a la entrega de la ampliaci\u00f3n del Arco Norte, en su tramo Atlacomulco-Jilotepec.<\/p><\/div>\n<p>&nbsp;<\/p>\n<p><strong>Acambay, Estado de M\u00e9xico<\/strong>.- El Estado de M\u00e9xico se consolidar\u00e1 como el centro log\u00edstico del pa\u00eds, a trav\u00e9s del fortalecimiento de la infraestructura en comunicaciones y apost\u00e1ndole a la competitividad, para tener una econom\u00eda moderna y atraer m\u00e1s inversiones que beneficien a las familias mexiquenses con la creaci\u00f3n de m\u00e1s empleos, se\u00f1al\u00f3 el gobernador Alfredo Del Mazo Maza.<\/p>\n<p>Durante la entrega de la ampliaci\u00f3n de la autopista Arco Norte, en su tramo Atlacomulco-Jilotepec, encabezada por el presidente Enrique Pe\u00f1a Nieto, el gobernador mexiquense destac\u00f3 que en 2018, en la entidad se continuar\u00e1 con la expansi\u00f3n de la red carretera.<\/p>\n<p>\u201cPara consolidarnos como una econom\u00eda moderna, los mexiquenses tenemos una estrategia clara, atraer inversiones en sectores innovadores, alentando la competitividad empresarial y la productividad laboral.<\/p>\n<p>\u201cEn materia de competitividad, nuestra principal estrategia es hacer del Estado de M\u00e9xico el centro log\u00edstico del pa\u00eds\u201d, expres\u00f3.<\/p>\n<p>El mandatario estatal indic\u00f3 que la realizaci\u00f3n de obras en infraestructura carretera permite que la econom\u00eda del Estado de M\u00e9xico sea una de las m\u00e1s fuertes y competitivas del pa\u00eds.<\/p>\n<p>Adem\u00e1s de seguir siendo l\u00edder en el rubro de infraestructura carretera y comunicaciones, as\u00ed como hacer de M\u00e9xico y la entidad mexiquense, potencias econ\u00f3micas a nivel mundial.<\/p>\n<p>\u201cCon la ampliaci\u00f3n del Arco Norte en su tramo Jilotepec-Atlacomulco, los mexiquenses iniciamos el 2018 con resultados fuertes. La ampliaci\u00f3n del Arco Norte nos permitir\u00e1 consolidar un corredor carretero que detonar\u00e1 el desarrollo integral de la regi\u00f3n, conect\u00e1ndola con el resto del pa\u00eds\u201d, apunt\u00f3.<\/p>\n<p>Del Mazo Maza afirm\u00f3 que el apostar\u00a0 por el fortalecimiento de la infraestructura es indispensable para generar un crecimiento econ\u00f3mico sostenido, que a su vez permita tener mayores oportunidades de empleos que fortalezcan los ingresos de las familias mexiquenses, para que tengan mayor bienestar y calidad de vida.<\/p>\n<p>El gobernador del Estado de M\u00e9xico agradeci\u00f3 el respaldo del gobierno de la Rep\u00fablica, para llevar a cabo este tipo de obras, las cuales se suman a la construcci\u00f3n del Tren Interurbano Toluca-M\u00e9xico, el Nuevo Aeropuerto Internacional de M\u00e9xico, las autopistas Toluca-Naucalpan, Toluca-Zit\u00e1cuaro y Tenango-Ixtapan, as\u00ed como el Eje Metropolitano Siervo de la Naci\u00f3n.<\/p>\n<p>\u201cEstas obras son parte de nuestra estrategia para hacer que el Estado de M\u00e9xico sea la entidad m\u00e1s competitiva y mejor conectada del pa\u00eds, para mantener el crecimiento econ\u00f3mico y fortalecer nuestra capacidad para generar empleos\u201d.<\/p>\n<p>Respecto a la ampliaci\u00f3n del Arco Norte, el mandatario estatal asever\u00f3 que esta autopista traer\u00e1 mayor conectividad entre el Estado de M\u00e9xico con las zonas econ\u00f3micas m\u00e1s importantes y de mayor crecimiento en el pa\u00eds.<\/p>\n","protected":false},"excerpt":{"rendered":"<p>El Estado de M\u00e9xico se consolidar\u00e1 como el centro log\u00edstico del pa\u00eds, a trav\u00e9s del fortalecimiento de la infraestructura en comunicaciones y apost\u00e1ndole a la competitividad, para tener una econom\u00eda moderna y atraer m\u00e1s inversiones que beneficien a las familias mexiquenses con la creaci\u00f3n de m\u00e1s empleos, se\u00f1al\u00f3 el gobernador Alfredo Del Mazo Maza.<\/p>\n","protected":false},"author":3,"featured_media":361509,"comment_status":"open","ping_status":"open","sticky":false,"template":"","format":"standard","meta":{"_monsterinsights_skip_tracking":false,"_monsterinsights_sitenote_active":false,"_monsterinsights_sitenote_note":"","_monsterinsights_sitenote_category":0,"footnotes":""},"categories":[5],"tags":[53070,70099,13572,43675,70100],"class_list":["post-361442","post","type-post","status-publish","format-standard","has-post-thumbnail","hentry","category-estado-de-mexico","tag-acambay","tag-adm","tag-control","tag-estado-de-mexico","tag-importante"],"_links":{"self":[{"href":"https:\/\/www.diarioimagen.net\/index.php?rest_route=\/wp\/v2\/posts\/361442","targetHints":{"allow":["GET"]}}],"collection":[{"href":"https:\/\/www.diarioimagen.net\/index.php?rest_route=\/wp\/v2\/posts"}],"about":[{"href":"https:\/\/www.diarioimagen.net\/index.php?rest_route=\/wp\/v2\/types\/post"}],"author":[{"embeddable":true,"href":"https:\/\/www.diarioimagen.net\/index.php?rest_route=\/wp\/v2\/users\/3"}],"replies":[{"embeddable":true,"href":"https:\/\/www.diarioimagen.net\/index.php?rest_route=%2Fwp%2Fv2%2Fcomments&post=361442"}],"version-history":[{"count":0,"href":"https:\/\/www.diarioimagen.net\/index.php?rest_route=\/wp\/v2\/posts\/361442\/revisions"}],"wp:featuredmedia":[{"embeddable":true,"href":"https:\/\/www.diarioimagen.net\/index.php?rest_route=\/wp\/v2\/media\/361509"}],"wp:attachment":[{"href":"https:\/\/www.diarioimagen.net\/index.php?rest_route=%2Fwp%2Fv2%2Fmedia&parent=361442"}],"wp:term":[{"taxonomy":"category","embeddable":true,"href":"https:\/\/www.diarioimagen.net\/index.php?rest_route=%2Fwp%2Fv2%2Fcategories&post=361442"},{"taxonomy":"post_tag","embeddable":true,"href":"https:\/\/www.diarioimagen.net\/index.php?rest_route=%2Fwp%2Fv2%2Ftags&post=361442"}],"curies":[{"name":"wp","href":"https:\/\/api.w.org\/{rel}","templated":true}]}}