{"id":361446,"date":"2018-01-26T00:10:59","date_gmt":"2018-01-26T06:10:59","guid":{"rendered":"http:\/\/www.diarioimagen.net\/?p=361446"},"modified":"2018-01-26T01:04:35","modified_gmt":"2018-01-26T07:04:35","slug":"continuara-expansion-de-la-red-carretera","status":"publish","type":"post","link":"https:\/\/www.diarioimagen.net\/?p=361446","title":{"rendered":"Continuar\u00e1 expansi\u00f3n de la red carretera"},"content":{"rendered":"<h2>Arco Norte<\/h2>\n<h5>Jos\u00e9 Luis Monta\u00f1ez Aguilar<\/h5>\n<p>&nbsp;<\/p>\n<p>Para tener una econom\u00eda moderna y atraer m\u00e1s inversiones que beneficien a las familias mexiquenses con la creaci\u00f3n de m\u00e1s empleos, el Estado de M\u00e9xico se consolidar\u00e1 como el centro log\u00edstico m\u00e1s importante del pa\u00eds, con el fortalecimiento de la infraestructura en comunicaciones y apost\u00e1ndole a la competitividad,\u00a0 mencion\u00f3 el gobernador Alfredo Del Mazo.<\/p>\n<p>El mandatario estatal destac\u00f3 que en 2018, en la entidad se continuar\u00e1 con la expansi\u00f3n de la red carretera.<\/p>\n<p>Se\u00f1al\u00f3 que la realizaci\u00f3n de obras en infraestructura carretera permiten que la econom\u00eda del Estado de M\u00e9xico sea una de las m\u00e1s fuertes y competitivas del pa\u00eds.<\/p>\n<p>Adem\u00e1s de seguir siendo l\u00edder en el tema de infraestructura carretera y comunicaciones, as\u00ed como hacer de M\u00e9xico y la entidad mexiquense, potencias econ\u00f3micas a nivel mundial.<\/p>\n<p>El gobernador afirm\u00f3 que el apostar\u00a0 por el fortalecimiento de la infraestructura es indispensable para generar un crecimiento econ\u00f3mico sostenido, que a su vez permita tener mayores oportunidades de empleos que fortalezcan los ingresos de las familias mexiquenses, para que tengan mayor bienestar y calidad de vida.<\/p>\n<p style=\"text-align: center;\"><strong>Eval\u00faan avances de alerta de g\u00e9nero<\/strong><\/p>\n<p><a href=\"http:\/\/www.diarioimagen.net\/?attachment_id=361516\" rel=\"attachment wp-att-361516\"><img loading=\"lazy\" decoding=\"async\" class=\"aligncenter size-large wp-image-361516\" src=\"http:\/\/www.diarioimagen.net\/wp-content\/uploads\/2018\/01\/arco-3293-460x259.jpg\" alt=\"\" width=\"460\" height=\"259\" srcset=\"https:\/\/www.diarioimagen.net\/wp-content\/uploads\/2018\/01\/arco-3293-460x259.jpg 460w, https:\/\/www.diarioimagen.net\/wp-content\/uploads\/2018\/01\/arco-3293-240x135.jpg 240w, https:\/\/www.diarioimagen.net\/wp-content\/uploads\/2018\/01\/arco-3293-235x132.jpg 235w, https:\/\/www.diarioimagen.net\/wp-content\/uploads\/2018\/01\/arco-3293-202x114.jpg 202w, https:\/\/www.diarioimagen.net\/wp-content\/uploads\/2018\/01\/arco-3293-350x196.jpg 350w, https:\/\/www.diarioimagen.net\/wp-content\/uploads\/2018\/01\/arco-3293-220x123.jpg 220w, https:\/\/www.diarioimagen.net\/wp-content\/uploads\/2018\/01\/arco-3293-237x132.jpg 237w, https:\/\/www.diarioimagen.net\/wp-content\/uploads\/2018\/01\/arco-3293.jpg 480w\" sizes=\"auto, (max-width: 460px) 100vw, 460px\" \/><\/a><\/p>\n<p>Las dependencias estatales y municipales que integran la Mesa Interinstitucional de Atenci\u00f3n a la Alerta de G\u00e9nero, evaluaron los avances de la declaratoria con base en los datos del Secretariado Ejecutivo del Sistema Nacional de Seguridad P\u00fablica (SESNSP).<\/p>\n<p>De acuerdo con las cifras, el Estado de M\u00e9xico ocupa el lugar 20 a nivel nacional en incidencia de feminicidios.<\/p>\n<p>En su informe, el SESNSP detall\u00f3 que al cierre del 2017 en la entidad se iniciaron 57 carpetas de investigaci\u00f3n por feminicidio, una tasa de 0.64 casos por cada 100 mil mujeres, lo que ubica al Estado de M\u00e9xico por debajo de la media nacional, que fue de 1.06.<\/p>\n<p>El SESNSP tambi\u00e9n report\u00f3 que la tasa de homicidios dolosos de mujeres fue 3.4 casos por cada 100 mil mujeres, lo que ubica a la entidad mexiquense en el lugar 14, tambi\u00e9n por debajo de la media nacional, que fue de 4.1.<\/p>\n<p><em><a href=\"mailto:montanezaguilar@gmail.com\" target=\"_blank\" rel=\"noopener noreferrer\">montanezaguilar@gmail.com<\/a><\/em><\/p>\n","protected":false},"excerpt":{"rendered":"<p><span style=\"color: #005497;\">Jos\u00e9 Luis Monta\u00f1ez Aguilar<\/span><br \/>\n<br \/>\nPara tener una econom\u00eda moderna y atraer m\u00e1s inversiones que beneficien a las familias mexiquenses con la creaci\u00f3n de m\u00e1s empleos, el Estado de M\u00e9xico se consolidar\u00e1 como el centro log\u00edstico m\u00e1s importante del pa\u00eds, con el fortalecimiento de la infraestructura en comunicaciones y apost\u00e1ndole a la competitividad,  mencion\u00f3 el gobernador Alfredo Del Mazo.<\/p>\n","protected":false},"author":3,"featured_media":361516,"comment_status":"open","ping_status":"open","sticky":false,"template":"","format":"standard","meta":{"_monsterinsights_skip_tracking":false,"_monsterinsights_sitenote_active":false,"_monsterinsights_sitenote_note":"","_monsterinsights_sitenote_category":0,"footnotes":""},"categories":[5],"tags":[13284,43704,43674],"class_list":["post-361446","post","type-post","status-publish","format-standard","has-post-thumbnail","hentry","category-estado-de-mexico","tag-arco-norte","tag-jose-luis-montanez-aguilar","tag-opinion"],"_links":{"self":[{"href":"https:\/\/www.diarioimagen.net\/index.php?rest_route=\/wp\/v2\/posts\/361446","targetHints":{"allow":["GET"]}}],"collection":[{"href":"https:\/\/www.diarioimagen.net\/index.php?rest_route=\/wp\/v2\/posts"}],"about":[{"href":"https:\/\/www.diarioimagen.net\/index.php?rest_route=\/wp\/v2\/types\/post"}],"author":[{"embeddable":true,"href":"https:\/\/www.diarioimagen.net\/index.php?rest_route=\/wp\/v2\/users\/3"}],"replies":[{"embeddable":true,"href":"https:\/\/www.diarioimagen.net\/index.php?rest_route=%2Fwp%2Fv2%2Fcomments&post=361446"}],"version-history":[{"count":0,"href":"https:\/\/www.diarioimagen.net\/index.php?rest_route=\/wp\/v2\/posts\/361446\/revisions"}],"wp:featuredmedia":[{"embeddable":true,"href":"https:\/\/www.diarioimagen.net\/index.php?rest_route=\/wp\/v2\/media\/361516"}],"wp:attachment":[{"href":"https:\/\/www.diarioimagen.net\/index.php?rest_route=%2Fwp%2Fv2%2Fmedia&parent=361446"}],"wp:term":[{"taxonomy":"category","embeddable":true,"href":"https:\/\/www.diarioimagen.net\/index.php?rest_route=%2Fwp%2Fv2%2Fcategories&post=361446"},{"taxonomy":"post_tag","embeddable":true,"href":"https:\/\/www.diarioimagen.net\/index.php?rest_route=%2Fwp%2Fv2%2Ftags&post=361446"}],"curies":[{"name":"wp","href":"https:\/\/api.w.org\/{rel}","templated":true}]}}