{"id":361482,"date":"2018-01-26T00:09:36","date_gmt":"2018-01-26T06:09:36","guid":{"rendered":"http:\/\/www.diarioimagen.net\/?p=361482"},"modified":"2018-01-26T01:27:00","modified_gmt":"2018-01-26T07:27:00","slug":"informe-de-uaem-sera-ejercicio-de-trascendencia-democratica-barrera","status":"publish","type":"post","link":"https:\/\/www.diarioimagen.net\/?p=361482","title":{"rendered":"Informe de UAEM ser\u00e1 ejercicio de trascendencia democr\u00e1tica: Barrera"},"content":{"rendered":"<ul>\n<li><strong><em>El pr\u00f3ximo 3 de marzo<\/em><\/strong><\/li>\n<\/ul>\n<p>&nbsp;<\/p>\n<div id=\"attachment_361549\" style=\"width: 470px\" class=\"wp-caption aligncenter\"><a href=\"http:\/\/www.diarioimagen.net\/?attachment_id=361549\" rel=\"attachment wp-att-361549\"><img loading=\"lazy\" decoding=\"async\" aria-describedby=\"caption-attachment-361549\" class=\"size-large wp-image-361549\" src=\"http:\/\/www.diarioimagen.net\/wp-content\/uploads\/2018\/01\/UAEM-3293-460x259.jpg\" alt=\"\" width=\"460\" height=\"259\" srcset=\"https:\/\/www.diarioimagen.net\/wp-content\/uploads\/2018\/01\/UAEM-3293-460x259.jpg 460w, https:\/\/www.diarioimagen.net\/wp-content\/uploads\/2018\/01\/UAEM-3293-240x135.jpg 240w, https:\/\/www.diarioimagen.net\/wp-content\/uploads\/2018\/01\/UAEM-3293-235x132.jpg 235w, https:\/\/www.diarioimagen.net\/wp-content\/uploads\/2018\/01\/UAEM-3293-202x114.jpg 202w, https:\/\/www.diarioimagen.net\/wp-content\/uploads\/2018\/01\/UAEM-3293-350x196.jpg 350w, https:\/\/www.diarioimagen.net\/wp-content\/uploads\/2018\/01\/UAEM-3293-220x123.jpg 220w, https:\/\/www.diarioimagen.net\/wp-content\/uploads\/2018\/01\/UAEM-3293-237x132.jpg 237w, https:\/\/www.diarioimagen.net\/wp-content\/uploads\/2018\/01\/UAEM-3293.jpg 480w\" sizes=\"auto, (max-width: 460px) 100vw, 460px\" \/><\/a><p id=\"caption-attachment-361549\" class=\"wp-caption-text\">El pr\u00f3ximo 3 de marzo, indic\u00f3 el rector Alfredo Barrera Baca, hablaremos ante la comunidad que nos eligi\u00f3, sobre nuestras obras y nuestros hechos.<\/p><\/div>\n<p>&nbsp;<\/p>\n<p><strong>Toluca, Estado de M\u00e9xico<\/strong>.\u2013 25 de enero de 2018. El primer informe anual de actividades de la administraci\u00f3n 2017-2021 de la Universidad Aut\u00f3noma del Estado de M\u00e9xico ser\u00e1 un ejercicio de trascendencia democr\u00e1tica, que validar\u00e1 la autonom\u00eda dentro y fuera de la instituci\u00f3n, afirm\u00f3 el rector Alfredo Barrera Baca.<\/p>\n<p>Al acudir al cuarto informe de actividades de la directora de la Facultad de Humanidades, Hilda Fern\u00e1ndez Rojas, el rector destac\u00f3 que la Aut\u00f3noma mexiquense cuenta con un marco legal que \u201cnos obligamos a transparentar de forma p\u00fablica el manejo de los recursos que la sociedad nos entrega y, por ende, respaldados por evidencias s\u00f3lidas\u201d.<\/p>\n<p>El pr\u00f3ximo 3 de marzo, indic\u00f3, hablaremos ante la comunidad que nos eligi\u00f3, sobre nuestras obras y nuestros hechos, daremos a conocer a los universitarios los avances y retrocesos del proyecto educativo del que todos somos responsables. Ofreceremos la evidencia que posibilitar\u00e1 que la comunidad UAEM eval\u00fae la actividad cotidiana de la instituci\u00f3n.<\/p>\n<p>Por otra parte, sostuvo que la Facultad de Humanidades es una comunidad plural, como lo demuestra la diversidad de disciplinas en las que forma profesionistas. \u201cAqu\u00ed se incubaron academias que con el paso de los a\u00f1os habr\u00edan de transformarse en escuelas y facultades, como Antropolog\u00eda, Turismo, Geograf\u00eda y Ciencias de la Conducta\u201d.<\/p>\n<p>En su informe, Hilda Fern\u00e1ndez Rojas enfatiz\u00f3 que la Facultad de Humanidades fue unos de los espacios acad\u00e9micos que propusieron la entrega del Doctorado Honoris Causa a la poeta Dolores Castro Varela y al fil\u00f3sofo Andr\u00e9 Comte-Sponville.<\/p>\n<p>Subray\u00f3 que el Consejo Nacional de Ciencia y Tecnolog\u00eda (CONACyT) reacredit\u00f3 la maestr\u00eda y el doctorado en Humanidades por los siguientes cuatro a\u00f1os; adem\u00e1s, dijo, durante el a\u00f1o reciente se presentaron 23 libros, se realizaron 25 conferencias, 18 coloquios, cuatro foros de debate, as\u00ed como jornadas acad\u00e9micas, seminarios y festivales culturales.<\/p>\n<p>Cabe destacar que el rector entreg\u00f3 a la comunidad de la Facultad de Humanidades 20 computadoras, 15 laptops, seis pintarrones, 150 pupitres y una silla de ruedas.<\/p>\n","protected":false},"excerpt":{"rendered":"<p>25 de enero de 2018. El primer informe anual de actividades de la administraci\u00f3n 2017-2021 de la Universidad Aut\u00f3noma del Estado de M\u00e9xico ser\u00e1 un ejercicio de trascendencia democr\u00e1tica, que validar\u00e1 la autonom\u00eda dentro y fuera de la instituci\u00f3n, afirm\u00f3 el rector Alfredo Barrera Baca.<\/p>\n","protected":false},"author":3,"featured_media":361549,"comment_status":"open","ping_status":"open","sticky":false,"template":"","format":"standard","meta":{"_monsterinsights_skip_tracking":false,"_monsterinsights_sitenote_active":false,"_monsterinsights_sitenote_note":"","_monsterinsights_sitenote_category":0,"footnotes":""},"categories":[35155],"tags":[58572,43675,452,1490],"class_list":["post-361482","post","type-post","status-publish","format-standard","has-post-thumbnail","hentry","category-estado-de-mexico-estado-de-mexico","tag-alfredo-barrera-baca","tag-estado-de-mexico","tag-toluca","tag-universidad-autonoma-del-estado-de-mexico"],"_links":{"self":[{"href":"https:\/\/www.diarioimagen.net\/index.php?rest_route=\/wp\/v2\/posts\/361482","targetHints":{"allow":["GET"]}}],"collection":[{"href":"https:\/\/www.diarioimagen.net\/index.php?rest_route=\/wp\/v2\/posts"}],"about":[{"href":"https:\/\/www.diarioimagen.net\/index.php?rest_route=\/wp\/v2\/types\/post"}],"author":[{"embeddable":true,"href":"https:\/\/www.diarioimagen.net\/index.php?rest_route=\/wp\/v2\/users\/3"}],"replies":[{"embeddable":true,"href":"https:\/\/www.diarioimagen.net\/index.php?rest_route=%2Fwp%2Fv2%2Fcomments&post=361482"}],"version-history":[{"count":0,"href":"https:\/\/www.diarioimagen.net\/index.php?rest_route=\/wp\/v2\/posts\/361482\/revisions"}],"wp:featuredmedia":[{"embeddable":true,"href":"https:\/\/www.diarioimagen.net\/index.php?rest_route=\/wp\/v2\/media\/361549"}],"wp:attachment":[{"href":"https:\/\/www.diarioimagen.net\/index.php?rest_route=%2Fwp%2Fv2%2Fmedia&parent=361482"}],"wp:term":[{"taxonomy":"category","embeddable":true,"href":"https:\/\/www.diarioimagen.net\/index.php?rest_route=%2Fwp%2Fv2%2Fcategories&post=361482"},{"taxonomy":"post_tag","embeddable":true,"href":"https:\/\/www.diarioimagen.net\/index.php?rest_route=%2Fwp%2Fv2%2Ftags&post=361482"}],"curies":[{"name":"wp","href":"https:\/\/api.w.org\/{rel}","templated":true}]}}