{"id":361615,"date":"2018-01-29T00:07:03","date_gmt":"2018-01-29T06:07:03","guid":{"rendered":"http:\/\/www.diarioimagen.net\/?p=361615"},"modified":"2018-01-29T22:28:39","modified_gmt":"2018-01-30T04:28:39","slug":"otorgaran-creditos-de-hasta-250-mil-a-negocios-en-zonas-rurales-del-edomex","status":"publish","type":"post","link":"https:\/\/www.diarioimagen.net\/?p=361615","title":{"rendered":"Cr\u00e9ditos de hasta 250 mil a negocios en zonas rurales"},"content":{"rendered":"<ul>\n<li><em><strong>Convenio con Financiera Nacional<\/strong><\/em><\/li>\n<li><em><strong>Apoyo en comunidades de menos de 50 mil habitantes<\/strong><\/em><\/li>\n<\/ul>\n<p>&nbsp;<\/p>\n<div id=\"attachment_361616\" style=\"width: 470px\" class=\"wp-caption aligncenter\"><img loading=\"lazy\" decoding=\"async\" aria-describedby=\"caption-attachment-361616\" class=\"size-large wp-image-361616\" src=\"http:\/\/www.diarioimagen.net\/wp-content\/uploads\/2018\/01\/DEL-MAZO29-portal-460x268.png\" alt=\"\" width=\"460\" height=\"268\" srcset=\"https:\/\/www.diarioimagen.net\/wp-content\/uploads\/2018\/01\/DEL-MAZO29-portal-460x268.png 460w, https:\/\/www.diarioimagen.net\/wp-content\/uploads\/2018\/01\/DEL-MAZO29-portal-240x140.png 240w, https:\/\/www.diarioimagen.net\/wp-content\/uploads\/2018\/01\/DEL-MAZO29-portal.png 480w\" sizes=\"auto, (max-width: 460px) 100vw, 460px\" \/><p id=\"caption-attachment-361616\" class=\"wp-caption-text\">Alfredo Del Mazo firm\u00f3 un convenio con Financiera Nacional de Desarrollo Agropecuario, Rural, Forestal y Pesquero.<\/p><\/div>\n<p>&nbsp;<\/p>\n<p><strong>Jiquipilco, Estado de M\u00e9xico<\/strong>.- El gobernador, Alfredo Del Mazo Maza, y el titular de Financiera Nacional de Desarrollo Agropecuario, Rural, Forestal y Pesquero, Mario Zamora Gast\u00e9lum, firmaron un convenio de colaboraci\u00f3n para entregar cr\u00e9ditos de hasta 250 mil pesos, a proyectos productivos, peque\u00f1as empresas y negocios, en comunidades de menos de 50 mil habitantes.<\/p>\n<p>\u201cEl convenio que firmamos el d\u00eda de hoy, es un paso, es un paso porque como bien lo escucharon ustedes, les va a permitir tener cr\u00e9ditos para proyectos productivos que tienen que ver con el campo, pero que tambi\u00e9n pueden ser el negocio que ustedes quieran emprender\u201d.<\/p>\n<p>En la entrega de incentivos agropecuarios, que recibieron m\u00e1s de 3 mil 300 productores mexiquenses, el\u00a0 Ejecutivo estatal destac\u00f3 que este acuerdo, es una oportunidad para impulsar la econom\u00eda de las familias de localidades rurales, pues tiene una tasa de inter\u00e9s del siete por ciento anual, para hombres, y 6.5 por ciento en los solicitados por mujeres.<\/p>\n<p>\u201cQu\u00e9 bueno que sea un cr\u00e9dito barato, que bueno que sea un cr\u00e9dito que cobra nada m\u00e1s el 7 por ciento para hombres, y qu\u00e9 mejor que cobren menos para mujeres, porque las mujeres, como dijo Mario, son m\u00e1s cumplidoras\u201d, afirm\u00f3.<\/p>\n<p>En Jiquipilco, Del Mazo Maza destac\u00f3 que este tipo de acciones, aunadas a otros apoyos del Gobierno estatal, como el Seguro Agr\u00edcola Catastr\u00f3fico, contribuyen a que la entidad mexiquense sea l\u00edder en producci\u00f3n de flores, acu\u00edcola y de ovinos, as\u00ed como en el cultivo\u00a0 de haba, flores, durazno, tuna o ma\u00edz.<\/p>\n<p>Refiri\u00f3 tambi\u00e9n que en la actual administraci\u00f3n se han destinado 244 millones de pesos, en incentivos agr\u00edcolas para apoyo de m\u00e1s de a 18 mil 500 productores personas dedicadas al campo.<\/p>\n<p>El mandatario estatal y el director de Financiera Nacional tambi\u00e9n entregaron apoyos a agricultores de 13 municipios de esta regi\u00f3n, quienes recibieron insumos para impulsar\u00a0 proyectos de comercializaci\u00f3n de carne de conejo, cr\u00eda de ovinos o porcinos, as\u00ed como tractores, tinacos y paquetes av\u00edcolas.<\/p>\n<p>Adem\u00e1s, otorgaron \u00f3rdenes de pago del Seguro Agr\u00edcola Catastr\u00f3fico, en apoyo a campesinos que perdieron sus cosechas de ma\u00edz, debido a contingencias climatol\u00f3gicas y el mandatario estatal reiter\u00f3 que el Estado de M\u00e9xico extender\u00e1 este programa para asegurar las cosechas de aguacate.<\/p>\n","protected":false},"excerpt":{"rendered":"<p>En apoyo al campo mexiquense, el Gobernador Alfredo Del Mazo Maza y el titular de Financiera Nacional de Desarrollo Agropecuario, Rural, Forestal y Pesquero, Mario Zamora Gast\u00e9lum, firmaron un convenio de colaboraci\u00f3n para entregar cr\u00e9ditos de hasta 250 mil pesos, a proyectos productivos, peque\u00f1as empresas y negocios, en comunidades de menos de 50 mil habitantes.<\/p>\n","protected":false},"author":5,"featured_media":361616,"comment_status":"open","ping_status":"open","sticky":false,"template":"","format":"standard","meta":{"_monsterinsights_skip_tracking":false,"_monsterinsights_sitenote_active":false,"_monsterinsights_sitenote_note":"","_monsterinsights_sitenote_category":0,"footnotes":""},"categories":[5],"tags":[70113,2505,68,43675,6773,70115,70114],"class_list":["post-361615","post","type-post","status-publish","format-standard","has-post-thumbnail","hentry","category-estado-de-mexico","tag-250-mil-a-negocios","tag-alfredo-del-mazo-maza","tag-edomex","tag-estado-de-mexico","tag-jiquipilco","tag-mario-zamora-gastelum","tag-zonas-rurales"],"_links":{"self":[{"href":"https:\/\/www.diarioimagen.net\/index.php?rest_route=\/wp\/v2\/posts\/361615","targetHints":{"allow":["GET"]}}],"collection":[{"href":"https:\/\/www.diarioimagen.net\/index.php?rest_route=\/wp\/v2\/posts"}],"about":[{"href":"https:\/\/www.diarioimagen.net\/index.php?rest_route=\/wp\/v2\/types\/post"}],"author":[{"embeddable":true,"href":"https:\/\/www.diarioimagen.net\/index.php?rest_route=\/wp\/v2\/users\/5"}],"replies":[{"embeddable":true,"href":"https:\/\/www.diarioimagen.net\/index.php?rest_route=%2Fwp%2Fv2%2Fcomments&post=361615"}],"version-history":[{"count":0,"href":"https:\/\/www.diarioimagen.net\/index.php?rest_route=\/wp\/v2\/posts\/361615\/revisions"}],"wp:featuredmedia":[{"embeddable":true,"href":"https:\/\/www.diarioimagen.net\/index.php?rest_route=\/wp\/v2\/media\/361616"}],"wp:attachment":[{"href":"https:\/\/www.diarioimagen.net\/index.php?rest_route=%2Fwp%2Fv2%2Fmedia&parent=361615"}],"wp:term":[{"taxonomy":"category","embeddable":true,"href":"https:\/\/www.diarioimagen.net\/index.php?rest_route=%2Fwp%2Fv2%2Fcategories&post=361615"},{"taxonomy":"post_tag","embeddable":true,"href":"https:\/\/www.diarioimagen.net\/index.php?rest_route=%2Fwp%2Fv2%2Ftags&post=361615"}],"curies":[{"name":"wp","href":"https:\/\/api.w.org\/{rel}","templated":true}]}}