{"id":361625,"date":"2018-01-29T00:10:48","date_gmt":"2018-01-29T06:10:48","guid":{"rendered":"http:\/\/www.diarioimagen.net\/?p=361625"},"modified":"2018-01-29T22:48:34","modified_gmt":"2018-01-30T04:48:34","slug":"concluyen-equipos-negociadores-sexta-ronda-de-tlcan","status":"publish","type":"post","link":"https:\/\/www.diarioimagen.net\/?p=361625","title":{"rendered":"Concluyen negociadores la sexta ronda del TLCAN"},"content":{"rendered":"<ul>\n<li><strong><em>Se espera que EU ratifique continuar di\u00e1logo<\/em><\/strong><\/li>\n<\/ul>\n<p>&nbsp;<\/p>\n<div id=\"attachment_361626\" style=\"width: 470px\" class=\"wp-caption aligncenter\"><img loading=\"lazy\" decoding=\"async\" aria-describedby=\"caption-attachment-361626\" class=\"wp-image-361626 size-large\" src=\"http:\/\/www.diarioimagen.net\/wp-content\/uploads\/2018\/01\/TLC29-PORTAL-460x268.png\" alt=\"\" width=\"460\" height=\"268\" srcset=\"https:\/\/www.diarioimagen.net\/wp-content\/uploads\/2018\/01\/TLC29-PORTAL-460x268.png 460w, https:\/\/www.diarioimagen.net\/wp-content\/uploads\/2018\/01\/TLC29-PORTAL-240x140.png 240w, https:\/\/www.diarioimagen.net\/wp-content\/uploads\/2018\/01\/TLC29-PORTAL.png 480w\" sizes=\"auto, (max-width: 460px) 100vw, 460px\" \/><p id=\"caption-attachment-361626\" class=\"wp-caption-text\">Se espera que este lunes el representante comercial de EU, Robert Lighthizer, ratifique la continuidad de la mesa de di\u00e1logo.<\/p><\/div>\n<p>&nbsp;<\/p>\n<p>Concluyeron los equipos t\u00e9cnicos negociadores del Tratado de Libre Comercio de Am\u00e9rica del Norte (TLCAN) la sexta ronda con la esperanza de que este lunes el representante comercial estadunidense, Robert Lighthizer, ratifique la continuidad de la mesa de di\u00e1logo.<\/p>\n<p>Luego de una semana de cauteloso optimismo por parte de los negociadores t\u00e9cnicos, reforzado por la presencia de agricultores y legisladores estadunidenses, que pidieron la continuidad del acuerdo, la sexta ronda est\u00e1 por definir el futuro del pacto.<\/p>\n<p>Este lunes los ministros comerciales de Canad\u00e1, Chrystia Freeland, de Estados Unidos, Robert Lighthizer, y de M\u00e9xico, Ildefonso Guajardo, se reunir\u00e1n con sus respectivos equipos negociadores y sostendr\u00e1n encuentros bilaterales para luego dar a conocer la declaraci\u00f3n conjunta.<\/p>\n<p>A\u00fan est\u00e1 por definirse si los tres dar\u00e1n un mensaje conjunto con la prensa o cada uno por separado.<\/p>\n<p>Esta ronda ha sido considerada como \u201ccr\u00edtica y decisiva\u201d para el futuro de las negociaciones.<\/p>\n<p>Lo primero que se espera conocer ma\u00f1ana por parte de los jefes de misi\u00f3n es si las rondas se extienden m\u00e1s all\u00e1 de la s\u00e9ptima, prevista como la \u00faltima.<\/p>\n<p>Hasta ahora algunos funcionarios cercanos a los equipos negociadores han dicho que la pr\u00f3xima ronda ser\u00eda en Ciudad de M\u00e9xico y luego una m\u00e1s en Washington en los pr\u00f3ximos dos meses.<\/p>\n<p>Sin embargo, en cada propuesta y contrapropuesta est\u00e1 presente la posibilidad de que la administraci\u00f3n de Donald Trump decida iniciar el proceso de salida, que durar\u00eda seis meses y que debe ser ratificado por el Congreso.<\/p>\n<p>Mientras tanto, se espera que ma\u00f1ana en la declaraci\u00f3n conjunta Freeland, Guajardo y Lighthizer anuncien los cap\u00edtulos que lograron cerrarse en esta ronda, como el de anticorrupci\u00f3n y comercio digital.<\/p>\n<p>En los temas m\u00e1s controversiales que se abordaron en los seis d\u00edas de trabajos, como reglas de origen para el sector automotriz, cl\u00e1usula de terminaci\u00f3n y mecanismos de resoluci\u00f3n de controversias, Canad\u00e1 y M\u00e9xico presentaron sus contrapropuestas a las demandas estadunidenses, mismas que al parecer no fueron rechazadas de inmediato por los negociadores estadunidenses.<\/p>\n<p>Caracterizada por presentar posturas m\u00e1s \u201cflexibles\u201d por parte de los negociadores canadienses y mexicanos, esta sexta ronda de Montreal se perfila como una de las m\u00e1s propositivas de las que se han realizado hasta el momento.<\/p>\n<p style=\"text-align: center;\"><strong>Negociaci\u00f3n podr\u00eda extenderse hasta 2019: <em>TWP<\/em><\/strong><\/p>\n<p>Por otra parte, el peri\u00f3dico \u201cThe Washigton Post\u201d, se\u00f1al\u00f3 que las negociaciones para modernizar el Tratado de Libre Comercio de Am\u00e9rica del Norte (TLCAN) podr\u00edan extenderse m\u00e1s all\u00e1 de marzo y llegar hasta 2019,.<\/p>\n<p>Seg\u00fan el peri\u00f3dico, un funcionario estadunidense, quien pidi\u00f3 el anonimato, indic\u00f3 que \u201cno ser\u00eda sorprendente si las negociaciones contin\u00faan\u201d m\u00e1s all\u00e1 de marzo.<\/p>\n<p>Un portavoz canadiense dijo que Canad\u00e1 siempre ha rechazado la idea de poner una fecha l\u00edmite, mientras que un vocero mexicano no quiso realizar comentarios al respecto, se\u00f1ala \u201cTheWashigton Post\u201d.<\/p>\n<p>El diario asegura que muchos observadores prev\u00e9n que despu\u00e9s de marzo se anuncie una pausa en las negociaciones, la cual dejar\u00eda los temas m\u00e1s dif\u00edciles para despu\u00e9s de las elecciones presidenciales en M\u00e9xico, que se celebrar\u00e1n el 1 de julio, previo a lo cual se asegurar\u00eda un acuerdo sobre partes menos controvertidas junto con una hoja de ruta para llegar a un texto completo.<\/p>\n<p>&nbsp;<\/p>\n","protected":false},"excerpt":{"rendered":"<p>Concluyeron los equipos t\u00e9cnicos negociadores del Tratado de Libre Comercio de Am\u00e9rica del Norte (TLCAN) la sexta ronda con la esperanza de que este lunes el representante comercial estadunidense, Robert Lighthizer, ratifique la continuidad de la mesa de di\u00e1logo.<\/p>\n","protected":false},"author":5,"featured_media":361626,"comment_status":"open","ping_status":"open","sticky":false,"template":"","format":"standard","meta":{"_monsterinsights_skip_tracking":false,"_monsterinsights_sitenote_active":false,"_monsterinsights_sitenote_note":"","_monsterinsights_sitenote_category":0,"footnotes":""},"categories":[8],"tags":[46371,431,70123,70124,177,43678,44,70121,70122,64908,2167],"class_list":["post-361625","post","type-post","status-publish","format-standard","has-post-thumbnail","hentry","category-finanzas","tag-acuerdo","tag-canada","tag-chrystia-freeland","tag-de-estados-unidos","tag-estados-unidos","tag-finanzas","tag-mexico","tag-negociadores","tag-robert-lighthizer","tag-tlcam","tag-tlcan"],"_links":{"self":[{"href":"https:\/\/www.diarioimagen.net\/index.php?rest_route=\/wp\/v2\/posts\/361625","targetHints":{"allow":["GET"]}}],"collection":[{"href":"https:\/\/www.diarioimagen.net\/index.php?rest_route=\/wp\/v2\/posts"}],"about":[{"href":"https:\/\/www.diarioimagen.net\/index.php?rest_route=\/wp\/v2\/types\/post"}],"author":[{"embeddable":true,"href":"https:\/\/www.diarioimagen.net\/index.php?rest_route=\/wp\/v2\/users\/5"}],"replies":[{"embeddable":true,"href":"https:\/\/www.diarioimagen.net\/index.php?rest_route=%2Fwp%2Fv2%2Fcomments&post=361625"}],"version-history":[{"count":0,"href":"https:\/\/www.diarioimagen.net\/index.php?rest_route=\/wp\/v2\/posts\/361625\/revisions"}],"wp:featuredmedia":[{"embeddable":true,"href":"https:\/\/www.diarioimagen.net\/index.php?rest_route=\/wp\/v2\/media\/361626"}],"wp:attachment":[{"href":"https:\/\/www.diarioimagen.net\/index.php?rest_route=%2Fwp%2Fv2%2Fmedia&parent=361625"}],"wp:term":[{"taxonomy":"category","embeddable":true,"href":"https:\/\/www.diarioimagen.net\/index.php?rest_route=%2Fwp%2Fv2%2Fcategories&post=361625"},{"taxonomy":"post_tag","embeddable":true,"href":"https:\/\/www.diarioimagen.net\/index.php?rest_route=%2Fwp%2Fv2%2Ftags&post=361625"}],"curies":[{"name":"wp","href":"https:\/\/api.w.org\/{rel}","templated":true}]}}