{"id":361654,"date":"2018-01-29T00:08:49","date_gmt":"2018-01-29T06:08:49","guid":{"rendered":"http:\/\/www.diarioimagen.net\/?p=361654"},"modified":"2018-01-28T23:57:49","modified_gmt":"2018-01-29T05:57:49","slug":"los-angeles-azules-presentan-un-show-completamente-renovado","status":"publish","type":"post","link":"https:\/\/www.diarioimagen.net\/?p=361654","title":{"rendered":"Los \u00c1ngeles Azules presentan un  <em>show<\/em> completamente renovado"},"content":{"rendered":"<ul>\n<li><em><strong>Gracias al rotundo \u00e9xito con el reciente lanzamiento de su disco \u201cDe Plaza en Plaza\u201d, regresaron una vez m\u00e1s al escenario del Auditorio Nacional, con su cumbia a ritmo sinf\u00f3nico<\/strong><\/em><\/li>\n<\/ul>\n<h6>Asael Grande<\/h6>\n<p>&nbsp;<\/p>\n<div id=\"attachment_361655\" style=\"width: 470px\" class=\"wp-caption aligncenter\"><img loading=\"lazy\" decoding=\"async\" aria-describedby=\"caption-attachment-361655\" class=\"size-large wp-image-361655\" src=\"http:\/\/www.diarioimagen.net\/wp-content\/uploads\/2018\/01\/los-angeles-azules-1-PORTAL-460x268.png\" alt=\"\" width=\"460\" height=\"268\" srcset=\"https:\/\/www.diarioimagen.net\/wp-content\/uploads\/2018\/01\/los-angeles-azules-1-PORTAL-460x268.png 460w, https:\/\/www.diarioimagen.net\/wp-content\/uploads\/2018\/01\/los-angeles-azules-1-PORTAL-240x140.png 240w, https:\/\/www.diarioimagen.net\/wp-content\/uploads\/2018\/01\/los-angeles-azules-1-PORTAL.png 480w\" sizes=\"auto, (max-width: 460px) 100vw, 460px\" \/><p id=\"caption-attachment-361655\" class=\"wp-caption-text\">Yahir interpret\u00f3 \u201cEntrega de amor\u201d dos veces, a petici\u00f3n del p\u00fablico.<em>(Fotos Lul\u00fa Urdapilleta\/Ocesa)<\/em><\/p><\/div>\n<p>&nbsp;<\/p>\n<p>Originarios <em>de<\/em> Iztapalapa y de ah\u00ed para el mundo, los m\u00e1ximos representantes del sonido de la cumbia hecha en M\u00e9xico, Los \u00c1ngeles Azules no paran, y gracias al rotundo \u00e9xito con el reciente lanzamiento de su disco \u201cDe Plaza en Plaza\u201d, regresaron una vez m\u00e1s al escenario del Auditorio Nacional con su cumbia a ritmo sinf\u00f3nico en un show completamente renovado y en el que tuvieron como invitados de lujo como Yahir, Gilberto \u201cGil\u201d Cerezo (vocalista de Kinky), y Jay de la Cueva (Fobia, Moderatto).<\/p>\n<p>En punto de las 8:30 de la noche, las luces del recinto de Reforma se apagaron, para darle la bienvenida a los hermanos Mej\u00eda Avante (El\u00edas \u201cEl Doc\u201d, Jorge, Alfredo, Jos\u00e9 Hilario \u201cPepe\u201d, Cristina y Guadalupe, quienes adem\u00e1s de sus m\u00fasicos, los acompa\u00f1aron una Orquesta Sinf\u00f3nica con la que ofrecieron sus temas que los han colocado como \u00edconos de la m\u00fasica popular de los \u00faltimos tiempos: <em>Entrega de amor, Cumbia pa\u2019gozar, Mi \u00fanico amor, La cumbia picosa, A la cumbiamba, Toma que toma, La cumbia coqueta, La cumbia de la tostadita<\/em>, fueron los temas que sonaron durante la primera parte del concierto de Los \u00c1ngeles Azules, quienes han acumulado m\u00e1s de un mill\u00f3n de seguidores en el interior de la Rep\u00fablica y parte de Estados Unidos y Am\u00e9rica Latina: \u201cc\u00f3mo est\u00e1n los de arriba, y los de abajo, c\u00f3mo est\u00e1n?, un aplauso a la gente que nos viene a ver, de Costa Rica, alg\u00fan extranjero m\u00e1s?, de Venezuela, gracias por estar esta noche\u201d, fueron las palabras de bienvenida de \u2018El Doc\u2019, quien a todo momento anim\u00f3 a la gente a bailar y a hacer la cl\u00e1sica \u2018ola\u2019 entre el p\u00fablico.<\/p>\n<div id=\"attachment_361656\" style=\"width: 326px\" class=\"wp-caption alignleft\"><img loading=\"lazy\" decoding=\"async\" aria-describedby=\"caption-attachment-361656\" class=\" wp-image-361656\" src=\"http:\/\/www.diarioimagen.net\/wp-content\/uploads\/2018\/01\/los-angeles-azules-2-PORTAL-460x268.png\" alt=\"\" width=\"316\" height=\"179\" srcset=\"https:\/\/www.diarioimagen.net\/wp-content\/uploads\/2018\/01\/los-angeles-azules-2-PORTAL-480x270.png 480w, https:\/\/www.diarioimagen.net\/wp-content\/uploads\/2018\/01\/los-angeles-azules-2-PORTAL-235x132.png 235w, https:\/\/www.diarioimagen.net\/wp-content\/uploads\/2018\/01\/los-angeles-azules-2-PORTAL-202x114.png 202w\" sizes=\"auto, (max-width: 316px) 100vw, 316px\" \/><p id=\"caption-attachment-361656\" class=\"wp-caption-text\">Los \u00c1ngeles Azules llamaron al escenario a Jay de la Cueva, con quien cantaron el gran \u00e9xito 17 a\u00f1os.<\/p><\/div>\n<p>Para benepl\u00e1cito del p\u00fablico que llen\u00f3 el Coloso de Reforma y se puso a bailar los pasos de la cumbia, la segunda parte del concierto continu\u00f3 con el acompa\u00f1amiento de la orquesta sinf\u00f3nica en canciones como <em>El list\u00f3n de tu pelo, Juventud, Hermoso beb\u00e9, 20 Rosas, y C\u00f3mo te voy a olvidar,<\/em> tema que Los \u00c1ngeles Azules tocaron con el acompa\u00f1amiento vocal de Gil Cerezo, integrante del grupo Kinky: \u201cun gusto para poder trabajar para el gusto de Los \u00c1ngeles Azules\u201d, dijo Gilberto \u201cGil\u201d Cerezo.<\/p>\n<p>Despu\u00e9s de <em>Me haces falta t\u00fa, La cumbia del acorde\u00f3n, Amor de amores, y Mi ni\u00f1a mujer,<\/em> el siguiente invitado de la noche, el cantante Yahir, interpret\u00f3 junto a Los \u00c1ngeles Azules, la canci\u00f3n <em>Entrega de amor<\/em>, que son\u00f3 dos veces a petici\u00f3n del p\u00fablico.<\/p>\n<p>La recta final del concierto lleno de m\u00fasica, baile y canto lleg\u00f3 con <em>La cumbia del infinito, Las maravillas de la vida, Por tu amor, Mi cantar, La cumbia de la cadenita, Mis sentimientos, Hay amor,<\/em> y <em>17 a\u00f1os<\/em>, que Los \u00c1ngeles Azules cantaron con la compa\u00f1\u00eda en la guitarra y voz, del rockero Jay de la Cueva.<\/p>\n","protected":false},"excerpt":{"rendered":"<p>Originarios de Iztapalapa y de ah\u00ed para el mundo, los m\u00e1ximos representantes del sonido de la cumbia hecha en M\u00e9xico, Los \u00c1ngeles Azules no paran, y gracias al rotundo \u00e9xito con el reciente lanzamiento de su disco \u201cDe Plaza en Plaza\u201d, regresaron una vez m\u00e1s al escenario del Auditorio Nacional con su cumbia a ritmo sinf\u00f3nico en un show completamente renovado y en el que tuvieron como invitados de lujo como Yahir, Gilberto \u201cGil\u201d Cerezo (vocalista de Kinky), y Jay de la Cueva (Fobia, Moderatto).<\/p>\n","protected":false},"author":5,"featured_media":361655,"comment_status":"open","ping_status":"open","sticky":false,"template":"","format":"standard","meta":{"_monsterinsights_skip_tracking":false,"_monsterinsights_sitenote_active":false,"_monsterinsights_sitenote_note":"","_monsterinsights_sitenote_category":0,"footnotes":""},"categories":[12],"tags":[54838,43682,70152,30165,26417,1883,1565],"class_list":["post-361654","post","type-post","status-publish","format-standard","has-post-thumbnail","hentry","category-espectaculos","tag-de-plaza-en-plaza","tag-espectaculos","tag-gilberto-gil-cerezo","tag-jay-de-la-cueva","tag-los-angeles-azules","tag-show","tag-yahir"],"_links":{"self":[{"href":"https:\/\/www.diarioimagen.net\/index.php?rest_route=\/wp\/v2\/posts\/361654","targetHints":{"allow":["GET"]}}],"collection":[{"href":"https:\/\/www.diarioimagen.net\/index.php?rest_route=\/wp\/v2\/posts"}],"about":[{"href":"https:\/\/www.diarioimagen.net\/index.php?rest_route=\/wp\/v2\/types\/post"}],"author":[{"embeddable":true,"href":"https:\/\/www.diarioimagen.net\/index.php?rest_route=\/wp\/v2\/users\/5"}],"replies":[{"embeddable":true,"href":"https:\/\/www.diarioimagen.net\/index.php?rest_route=%2Fwp%2Fv2%2Fcomments&post=361654"}],"version-history":[{"count":0,"href":"https:\/\/www.diarioimagen.net\/index.php?rest_route=\/wp\/v2\/posts\/361654\/revisions"}],"wp:featuredmedia":[{"embeddable":true,"href":"https:\/\/www.diarioimagen.net\/index.php?rest_route=\/wp\/v2\/media\/361655"}],"wp:attachment":[{"href":"https:\/\/www.diarioimagen.net\/index.php?rest_route=%2Fwp%2Fv2%2Fmedia&parent=361654"}],"wp:term":[{"taxonomy":"category","embeddable":true,"href":"https:\/\/www.diarioimagen.net\/index.php?rest_route=%2Fwp%2Fv2%2Fcategories&post=361654"},{"taxonomy":"post_tag","embeddable":true,"href":"https:\/\/www.diarioimagen.net\/index.php?rest_route=%2Fwp%2Fv2%2Ftags&post=361654"}],"curies":[{"name":"wp","href":"https:\/\/api.w.org\/{rel}","templated":true}]}}