{"id":361678,"date":"2018-01-29T00:09:44","date_gmt":"2018-01-29T06:09:44","guid":{"rendered":"http:\/\/www.diarioimagen.net\/?p=361678"},"modified":"2018-01-29T02:22:28","modified_gmt":"2018-01-29T08:22:28","slug":"creditos-para-mas-proyectos-productivos","status":"publish","type":"post","link":"https:\/\/www.diarioimagen.net\/?p=361678","title":{"rendered":"Cr\u00e9ditos para m\u00e1s proyectos productivos"},"content":{"rendered":"<h2>Arco Norte<\/h2>\n<h5>Jos\u00e9 Luis Monta\u00f1ez Aguilar<\/h5>\n<p>&nbsp;<\/p>\n<p>En apoyo al campo mexiquense, el gobierno del Estado de M\u00e9xico firm\u00f3 un convenio de colaboraci\u00f3n con Financiera Nacional de Desarrollo Agropecuario, Rural, Forestal y Pesquero, para entregar cr\u00e9ditos de hasta 250 mil pesos, a proyectos productivos, peque\u00f1as empresas y negocios, en comunidades de menos de 50 mil habitantes.<\/p>\n<p>El gobernador, Alfredo Del Mazo, dijo que este acuerdo, es una oportunidad para impulsar la econom\u00eda de las familias de localidades rurales, pues tiene una tasa de inter\u00e9s del siete por ciento anual, para hombres, y 6.5 por ciento en los solicitados por mujeres.<\/p>\n<p>Destac\u00f3 que este tipo de acciones, aunadas a otros apoyos del gobierno estatal, como el Seguro Agr\u00edcola Catastr\u00f3fico, contribuyen a que el Estado de M\u00e9xico sea l\u00edder en producci\u00f3n de flores, acu\u00edcola y de ovinos, as\u00ed como en el cultivo\u00a0 de haba, flores, durazno, tuna o ma\u00edz.<\/p>\n<p>Dijo que en la actual administraci\u00f3n se han destinado 244 millones de pesos, en incentivos agr\u00edcolas para apoyo de m\u00e1s de a 18 mil 500 productores personas dedicadas al campo.<\/p>\n<p style=\"text-align: center;\"><strong>Cuenta Edomex con equipo de \u00faltima generaci\u00f3n para medir contaminantes vehiculares<\/strong><\/p>\n<p><a href=\"http:\/\/www.diarioimagen.net\/?attachment_id=361769\" rel=\"attachment wp-att-361769\"><img loading=\"lazy\" decoding=\"async\" class=\"aligncenter size-large wp-image-361769\" src=\"http:\/\/www.diarioimagen.net\/wp-content\/uploads\/2018\/01\/arco-3294-460x259.jpg\" alt=\"\" width=\"460\" height=\"259\" srcset=\"https:\/\/www.diarioimagen.net\/wp-content\/uploads\/2018\/01\/arco-3294-460x259.jpg 460w, https:\/\/www.diarioimagen.net\/wp-content\/uploads\/2018\/01\/arco-3294-240x135.jpg 240w, https:\/\/www.diarioimagen.net\/wp-content\/uploads\/2018\/01\/arco-3294-235x132.jpg 235w, https:\/\/www.diarioimagen.net\/wp-content\/uploads\/2018\/01\/arco-3294-202x114.jpg 202w, https:\/\/www.diarioimagen.net\/wp-content\/uploads\/2018\/01\/arco-3294-350x196.jpg 350w, https:\/\/www.diarioimagen.net\/wp-content\/uploads\/2018\/01\/arco-3294-220x123.jpg 220w, https:\/\/www.diarioimagen.net\/wp-content\/uploads\/2018\/01\/arco-3294-237x132.jpg 237w, https:\/\/www.diarioimagen.net\/wp-content\/uploads\/2018\/01\/arco-3294.jpg 480w\" sizes=\"auto, (max-width: 460px) 100vw, 460px\" \/><\/a><\/p>\n<p>El Estado de M\u00e9xico es la primera entidad en contar con sensores remotos de \u00faltima generaci\u00f3n para medir la emisi\u00f3n de contaminantes de los veh\u00edculos que transitan en territorio mexiquense, con capacidad para monitorear 5 mil autos diariamente.<\/p>\n<p>En ese sentido, la Secretar\u00eda del Medio Ambiente del Estado de M\u00e9xico ofreci\u00f3 una demostraci\u00f3n de la campa\u00f1a \u201cSensor Remoto Estado de M\u00e9xico\u201d.La campa\u00f1a inici\u00f3 el 22 de enero y estar\u00e1 vigente hasta el 2 de febrero en el Valle de Toluca y en el Valle de M\u00e9xico, mediante dos sensores que se instalar\u00e1n en 10 puntos de la entidad.<\/p>\n<p>La medici\u00f3n de los contaminantes se realizar\u00e1 con un haz de luz infrarroja directo al tubo de escape del veh\u00edculo y una serie de detectores mide la concentraci\u00f3n de hidrocarburos, mon\u00f3xido de carbono, di\u00f3xido de carbono y \u00f3xido de nitr\u00f3geno.<\/p>\n<p>Al mismo tiempo, una c\u00e1mara fotogr\u00e1fica digital obtiene los datos de la matr\u00edcula del veh\u00edculo.<\/p>\n<p>Con los resultados de la medici\u00f3n, se evaluar\u00e1 el perfil de emisiones del parque vehicular que transita en el Estado de M\u00e9xico.<\/p>\n<p><em><a href=\"mailto:montanezaguilar@gmail.com\" target=\"_blank\" rel=\"noopener noreferrer\">montanezaguilar@gmail.com<\/a><\/em><\/p>\n","protected":false},"excerpt":{"rendered":"<p><span style=\"color: #005497;\">Jos\u00e9 Luis Monta\u00f1ez Aguilar<\/span><br \/>\n<br \/>\nEn apoyo al campo mexiquense, el gobierno del Estado de M\u00e9xico firm\u00f3 un convenio de colaboraci\u00f3n con Financiera Nacional de Desarrollo Agropecuario, Rural, Forestal y Pesquero, para entregar cr\u00e9ditos de hasta 250 mil pesos, a proyectos productivos, peque\u00f1as empresas y negocios, en comunidades de menos de 50 mil habitantes.<\/p>\n","protected":false},"author":3,"featured_media":361769,"comment_status":"open","ping_status":"open","sticky":false,"template":"","format":"standard","meta":{"_monsterinsights_skip_tracking":false,"_monsterinsights_sitenote_active":false,"_monsterinsights_sitenote_note":"","_monsterinsights_sitenote_category":0,"footnotes":""},"categories":[35155],"tags":[13284,43704,43674],"class_list":["post-361678","post","type-post","status-publish","format-standard","has-post-thumbnail","hentry","category-estado-de-mexico-estado-de-mexico","tag-arco-norte","tag-jose-luis-montanez-aguilar","tag-opinion"],"_links":{"self":[{"href":"https:\/\/www.diarioimagen.net\/index.php?rest_route=\/wp\/v2\/posts\/361678","targetHints":{"allow":["GET"]}}],"collection":[{"href":"https:\/\/www.diarioimagen.net\/index.php?rest_route=\/wp\/v2\/posts"}],"about":[{"href":"https:\/\/www.diarioimagen.net\/index.php?rest_route=\/wp\/v2\/types\/post"}],"author":[{"embeddable":true,"href":"https:\/\/www.diarioimagen.net\/index.php?rest_route=\/wp\/v2\/users\/3"}],"replies":[{"embeddable":true,"href":"https:\/\/www.diarioimagen.net\/index.php?rest_route=%2Fwp%2Fv2%2Fcomments&post=361678"}],"version-history":[{"count":0,"href":"https:\/\/www.diarioimagen.net\/index.php?rest_route=\/wp\/v2\/posts\/361678\/revisions"}],"wp:featuredmedia":[{"embeddable":true,"href":"https:\/\/www.diarioimagen.net\/index.php?rest_route=\/wp\/v2\/media\/361769"}],"wp:attachment":[{"href":"https:\/\/www.diarioimagen.net\/index.php?rest_route=%2Fwp%2Fv2%2Fmedia&parent=361678"}],"wp:term":[{"taxonomy":"category","embeddable":true,"href":"https:\/\/www.diarioimagen.net\/index.php?rest_route=%2Fwp%2Fv2%2Fcategories&post=361678"},{"taxonomy":"post_tag","embeddable":true,"href":"https:\/\/www.diarioimagen.net\/index.php?rest_route=%2Fwp%2Fv2%2Ftags&post=361678"}],"curies":[{"name":"wp","href":"https:\/\/api.w.org\/{rel}","templated":true}]}}