{"id":361721,"date":"2018-01-29T00:08:45","date_gmt":"2018-01-29T06:08:45","guid":{"rendered":"http:\/\/www.diarioimagen.net\/?p=361721"},"modified":"2018-01-29T02:44:57","modified_gmt":"2018-01-29T08:44:57","slug":"raul-uribe-soria-se-registra-para-competir-por-alcaldia-de-tlalnepantla","status":"publish","type":"post","link":"https:\/\/www.diarioimagen.net\/?p=361721","title":{"rendered":"Ra\u00fal Uribe Soria se registra para competir por alcald\u00eda de Tlalnepantla"},"content":{"rendered":"<ul>\n<li><strong><em>Por el Partido V\u00eda Radical<\/em><\/strong><\/li>\n<\/ul>\n<p>&nbsp;<\/p>\n<div id=\"attachment_361789\" style=\"width: 470px\" class=\"wp-caption aligncenter\"><a href=\"http:\/\/www.diarioimagen.net\/?attachment_id=361789\" rel=\"attachment wp-att-361789\"><img loading=\"lazy\" decoding=\"async\" aria-describedby=\"caption-attachment-361789\" class=\"size-large wp-image-361789\" src=\"http:\/\/www.diarioimagen.net\/wp-content\/uploads\/2018\/01\/TLALNEPANTLA-3294-460x259.jpg\" alt=\"\" width=\"460\" height=\"259\" srcset=\"https:\/\/www.diarioimagen.net\/wp-content\/uploads\/2018\/01\/TLALNEPANTLA-3294-460x259.jpg 460w, https:\/\/www.diarioimagen.net\/wp-content\/uploads\/2018\/01\/TLALNEPANTLA-3294-240x135.jpg 240w, https:\/\/www.diarioimagen.net\/wp-content\/uploads\/2018\/01\/TLALNEPANTLA-3294-235x132.jpg 235w, https:\/\/www.diarioimagen.net\/wp-content\/uploads\/2018\/01\/TLALNEPANTLA-3294-202x114.jpg 202w, https:\/\/www.diarioimagen.net\/wp-content\/uploads\/2018\/01\/TLALNEPANTLA-3294-350x196.jpg 350w, https:\/\/www.diarioimagen.net\/wp-content\/uploads\/2018\/01\/TLALNEPANTLA-3294-220x123.jpg 220w, https:\/\/www.diarioimagen.net\/wp-content\/uploads\/2018\/01\/TLALNEPANTLA-3294-237x132.jpg 237w, https:\/\/www.diarioimagen.net\/wp-content\/uploads\/2018\/01\/TLALNEPANTLA-3294.jpg 480w\" sizes=\"auto, (max-width: 460px) 100vw, 460px\" \/><\/a><p id=\"caption-attachment-361789\" class=\"wp-caption-text\">Ra\u00fal Uribe Soria promete que atacar\u00e1 con mano firme los males que aquejan a la ciudadan\u00eda, como la corrupci\u00f3n y la inseguridad.<\/p><\/div>\n<p>&nbsp;<\/p>\n<p><strong>Tlalnepantla, Estado de M\u00e9xico<\/strong>.- El precandidato del Partido V\u00eda Radical a la alcald\u00eda de esta localidad, Ra\u00fal Uribe Soria, asegur\u00f3 que de convertirse en abanderado a la presidencia municipal y despu\u00e9s en alcalde, atacar\u00e1 con mano firme los males que aquejan a la ciudadan\u00eda, como la corrupci\u00f3n y la inseguridad p\u00fablica.<\/p>\n<p>En entrevista, luego de arrancar formalmente su precampa\u00f1a en un acto al que acudieron el dirigente estatal de V\u00eda Radical, Irak Vargas Ram\u00edrez, as\u00ed como m\u00e1s de 2 mil militantes de ese partido, explic\u00f3 que el presupuesto del municipio ser\u00e1 aplicado con honestidad \u201cy estar\u00e1 vigilado peso por peso que se gaste, mediante un cuerpo colegiado, que ser\u00eda una Contralor\u00eda Ciudadana\u201d. Adem\u00e1s, advirti\u00f3 que su primer acto de gobierno ser\u00e1 quitar las puertas del Palacio Municipal, porque ejercer\u00e1 un gobierno abierto e incluyente, en el que no habr\u00e1 nada que ocultar.<\/p>\n<p>\u201cCada cheque que se firme y cada peso que salga, ser\u00e1n destinados a los programas y a las obras que nosotros hagamos compromiso con la ciudadan\u00eda\u201d, resalt\u00f3, aclarando que no quiere ser alcalde para devengar un sueldo estratosf\u00e9rico, sino para servir a la comunidad.<\/p>\n<p>Sobre la raz\u00f3n por la que decidi\u00f3 registrarse a trav\u00e9s de V\u00eda Radical, destac\u00f3 que se trata de un partido nuevo, que no tiene nexo con grupos pol\u00edticos que tienen secuestrado el municipio.<\/p>\n<p>Indic\u00f3 que en V\u00eda Radical encontr\u00f3 al instituto pol\u00edtico que mejor identifica con su forma de pensar y ello se corrobora, recalc\u00f3, con los documentos b\u00e1sicos del partido, plantea una democracia social \u201cy justo eso es lo que requerimos aqu\u00ed en nuestro municipio\u201d, se\u00f1a\u00f3.<\/p>\n<p>\u201cLo que yo veo en la ciudadan\u00eda, es un hartazgo de tanta impunidad, de tanta corrupci\u00f3n, de una enorme e imparable ola de violencia y delincuencia, sin ninguna garant\u00eda de parte de nuestras autoridades y eso nos hace voltear los ojos a otras opciones pol\u00edticas y de gobierno\u201d.<\/p>\n","protected":false},"excerpt":{"rendered":"<p>El precandidato del Partido V\u00eda Radical a la alcald\u00eda de esta localidad, Ra\u00fal Uribe Soria, asegur\u00f3 que de convertirse en abanderado a la presidencia municipal y despu\u00e9s en alcalde, atacar\u00e1 con mano firme los males que aquejan a la ciudadan\u00eda, como la corrupci\u00f3n y la inseguridad p\u00fablica.<\/p>\n","protected":false},"author":3,"featured_media":361789,"comment_status":"open","ping_status":"open","sticky":false,"template":"","format":"standard","meta":{"_monsterinsights_skip_tracking":false,"_monsterinsights_sitenote_active":false,"_monsterinsights_sitenote_note":"","_monsterinsights_sitenote_category":0,"footnotes":""},"categories":[35155],"tags":[69615,70159,43675,169],"class_list":["post-361721","post","type-post","status-publish","format-standard","has-post-thumbnail","hentry","category-estado-de-mexico-estado-de-mexico","tag-alcaldia","tag-competir","tag-estado-de-mexico","tag-tlalnepantla"],"_links":{"self":[{"href":"https:\/\/www.diarioimagen.net\/index.php?rest_route=\/wp\/v2\/posts\/361721","targetHints":{"allow":["GET"]}}],"collection":[{"href":"https:\/\/www.diarioimagen.net\/index.php?rest_route=\/wp\/v2\/posts"}],"about":[{"href":"https:\/\/www.diarioimagen.net\/index.php?rest_route=\/wp\/v2\/types\/post"}],"author":[{"embeddable":true,"href":"https:\/\/www.diarioimagen.net\/index.php?rest_route=\/wp\/v2\/users\/3"}],"replies":[{"embeddable":true,"href":"https:\/\/www.diarioimagen.net\/index.php?rest_route=%2Fwp%2Fv2%2Fcomments&post=361721"}],"version-history":[{"count":0,"href":"https:\/\/www.diarioimagen.net\/index.php?rest_route=\/wp\/v2\/posts\/361721\/revisions"}],"wp:featuredmedia":[{"embeddable":true,"href":"https:\/\/www.diarioimagen.net\/index.php?rest_route=\/wp\/v2\/media\/361789"}],"wp:attachment":[{"href":"https:\/\/www.diarioimagen.net\/index.php?rest_route=%2Fwp%2Fv2%2Fmedia&parent=361721"}],"wp:term":[{"taxonomy":"category","embeddable":true,"href":"https:\/\/www.diarioimagen.net\/index.php?rest_route=%2Fwp%2Fv2%2Fcategories&post=361721"},{"taxonomy":"post_tag","embeddable":true,"href":"https:\/\/www.diarioimagen.net\/index.php?rest_route=%2Fwp%2Fv2%2Ftags&post=361721"}],"curies":[{"name":"wp","href":"https:\/\/api.w.org\/{rel}","templated":true}]}}