{"id":361723,"date":"2018-01-29T00:07:37","date_gmt":"2018-01-29T06:07:37","guid":{"rendered":"http:\/\/www.diarioimagen.net\/?p=361723"},"modified":"2018-01-29T02:45:55","modified_gmt":"2018-01-29T08:45:55","slug":"realizan-en-cuautitlan-la-primera-sesion-ordinaria-del-gabinete-regional","status":"publish","type":"post","link":"https:\/\/www.diarioimagen.net\/?p=361723","title":{"rendered":"Realizan en Cuautitl\u00e1n la Primera Sesi\u00f3n Ordinaria del Gabinete Regional"},"content":{"rendered":"<ul>\n<li><strong><em>Definen l\u00edneas de acci\u00f3n<\/em><\/strong><\/li>\n<\/ul>\n<p>&nbsp;<\/p>\n<div id=\"attachment_361792\" style=\"width: 470px\" class=\"wp-caption aligncenter\"><a href=\"http:\/\/www.diarioimagen.net\/?attachment_id=361792\" rel=\"attachment wp-att-361792\"><img loading=\"lazy\" decoding=\"async\" aria-describedby=\"caption-attachment-361792\" class=\"size-large wp-image-361792\" src=\"http:\/\/www.diarioimagen.net\/wp-content\/uploads\/2018\/01\/CUAUTITLAN-3294-460x259.jpg\" alt=\"\" width=\"460\" height=\"259\" srcset=\"https:\/\/www.diarioimagen.net\/wp-content\/uploads\/2018\/01\/CUAUTITLAN-3294-460x259.jpg 460w, https:\/\/www.diarioimagen.net\/wp-content\/uploads\/2018\/01\/CUAUTITLAN-3294-240x135.jpg 240w, https:\/\/www.diarioimagen.net\/wp-content\/uploads\/2018\/01\/CUAUTITLAN-3294-235x132.jpg 235w, https:\/\/www.diarioimagen.net\/wp-content\/uploads\/2018\/01\/CUAUTITLAN-3294-202x114.jpg 202w, https:\/\/www.diarioimagen.net\/wp-content\/uploads\/2018\/01\/CUAUTITLAN-3294-350x196.jpg 350w, https:\/\/www.diarioimagen.net\/wp-content\/uploads\/2018\/01\/CUAUTITLAN-3294-220x123.jpg 220w, https:\/\/www.diarioimagen.net\/wp-content\/uploads\/2018\/01\/CUAUTITLAN-3294-237x132.jpg 237w, https:\/\/www.diarioimagen.net\/wp-content\/uploads\/2018\/01\/CUAUTITLAN-3294.jpg 480w\" sizes=\"auto, (max-width: 460px) 100vw, 460px\" \/><\/a><p id=\"caption-attachment-361792\" class=\"wp-caption-text\">En el municipio de Cuautitl\u00e1n se llev\u00f3 a cabo la Primera Sesi\u00f3n Ordinaria del Gabinete Regional, con sede en Cuautitl\u00e1n.<\/p><\/div>\n<p>&nbsp;<\/p>\n<p><strong>Cuautitl\u00e1n, Estado de M\u00e9xico<\/strong>.- Se llev\u00f3 a cabo la Primera Sesi\u00f3n Ordinaria del Gabinete Regional, con sede en Cuautitl\u00e1n, donde se trazaron los planes de acci\u00f3n para la presente administraci\u00f3n, en temas importantes como la seguridad, infraestructura, agua potable, entre otros, para as\u00ed dictar las l\u00edneas de acci\u00f3n que permitan alcanzar el bienestar de los mexiquenses de esta regi\u00f3n.<\/p>\n<p>El presidente del Gabinete, Raymundo Mart\u00ednez Carbajal, agradeci\u00f3 a la anfitriona Lupita Fern\u00e1ndez en el municipio y coment\u00f3 que esta reuni\u00f3n permitir\u00e1 alinear el trabajo de todos los municipios, para sumarlos con el planteamiento del gobernador, donde ya se vislumbrar el Plan Estatal de Desarrollo, que empieza su operaci\u00f3n este 15 de marzo, que viene alineado con Plan de Desarrollo Sustentable de Naciones Unidas y\u00a0 permitir\u00e1 sumarse a la agenda 2030, y as\u00ed organizar el trabajo de los ayuntamiento, para lograr este prop\u00f3sito.<\/p>\n<p>Uno de los grandes retos de este proyecto de estado es sentar la bases de una nueva forma de hacer pol\u00edtica y construir pol\u00edticas p\u00fablicas, manteniendo la gobernabilidad, la paz social, e impulsar la gobernanza, que implica la participaci\u00f3n ciudadana organizada, lo que representa varios retos en diferentes sectores y que en estos gabinetes regionales se pretender sentar las bases para sacar adelante esta agenda.<\/p>\n","protected":false},"excerpt":{"rendered":"<p>Se llev\u00f3 a cabo la Primera Sesi\u00f3n Ordinaria del Gabinete Regional, con sede en Cuautitl\u00e1n, donde se trazaron los planes de acci\u00f3n para la presente administraci\u00f3n, en temas importantes como la seguridad, infraestructura, agua potable, entre otros, para as\u00ed dictar las l\u00edneas de acci\u00f3n que permitan alcanzar el bienestar de los mexiquenses de esta regi\u00f3n.<\/p>\n","protected":false},"author":3,"featured_media":361792,"comment_status":"open","ping_status":"open","sticky":false,"template":"","format":"standard","meta":{"_monsterinsights_skip_tracking":false,"_monsterinsights_sitenote_active":false,"_monsterinsights_sitenote_note":"","_monsterinsights_sitenote_category":0,"footnotes":""},"categories":[35155],"tags":[681,43675,70160],"class_list":["post-361723","post","type-post","status-publish","format-standard","has-post-thumbnail","hentry","category-estado-de-mexico-estado-de-mexico","tag-cuautitlan","tag-estado-de-mexico","tag-gabinete-regional"],"_links":{"self":[{"href":"https:\/\/www.diarioimagen.net\/index.php?rest_route=\/wp\/v2\/posts\/361723","targetHints":{"allow":["GET"]}}],"collection":[{"href":"https:\/\/www.diarioimagen.net\/index.php?rest_route=\/wp\/v2\/posts"}],"about":[{"href":"https:\/\/www.diarioimagen.net\/index.php?rest_route=\/wp\/v2\/types\/post"}],"author":[{"embeddable":true,"href":"https:\/\/www.diarioimagen.net\/index.php?rest_route=\/wp\/v2\/users\/3"}],"replies":[{"embeddable":true,"href":"https:\/\/www.diarioimagen.net\/index.php?rest_route=%2Fwp%2Fv2%2Fcomments&post=361723"}],"version-history":[{"count":0,"href":"https:\/\/www.diarioimagen.net\/index.php?rest_route=\/wp\/v2\/posts\/361723\/revisions"}],"wp:featuredmedia":[{"embeddable":true,"href":"https:\/\/www.diarioimagen.net\/index.php?rest_route=\/wp\/v2\/media\/361792"}],"wp:attachment":[{"href":"https:\/\/www.diarioimagen.net\/index.php?rest_route=%2Fwp%2Fv2%2Fmedia&parent=361723"}],"wp:term":[{"taxonomy":"category","embeddable":true,"href":"https:\/\/www.diarioimagen.net\/index.php?rest_route=%2Fwp%2Fv2%2Fcategories&post=361723"},{"taxonomy":"post_tag","embeddable":true,"href":"https:\/\/www.diarioimagen.net\/index.php?rest_route=%2Fwp%2Fv2%2Ftags&post=361723"}],"curies":[{"name":"wp","href":"https:\/\/api.w.org\/{rel}","templated":true}]}}