{"id":361727,"date":"2018-01-29T00:10:09","date_gmt":"2018-01-29T06:10:09","guid":{"rendered":"http:\/\/www.diarioimagen.net\/?p=361727"},"modified":"2018-01-29T02:47:44","modified_gmt":"2018-01-29T08:47:44","slug":"destacan-alumnos-de-uaem-en-olimpiada-nacional-de-biologia","status":"publish","type":"post","link":"https:\/\/www.diarioimagen.net\/?p=361727","title":{"rendered":"Destacan alumnos de UAEM en Olimpiada Nacional de Biolog\u00eda"},"content":{"rendered":"<ul>\n<li><strong><em>Excelente rendimiento<\/em><\/strong><\/li>\n<\/ul>\n<p>&nbsp;<\/p>\n<div id=\"attachment_361798\" style=\"width: 470px\" class=\"wp-caption aligncenter\"><a href=\"http:\/\/www.diarioimagen.net\/?attachment_id=361798\" rel=\"attachment wp-att-361798\"><img loading=\"lazy\" decoding=\"async\" aria-describedby=\"caption-attachment-361798\" class=\"size-large wp-image-361798\" src=\"http:\/\/www.diarioimagen.net\/wp-content\/uploads\/2018\/01\/UAEM-3294-460x259.jpg\" alt=\"\" width=\"460\" height=\"259\" srcset=\"https:\/\/www.diarioimagen.net\/wp-content\/uploads\/2018\/01\/UAEM-3294-460x259.jpg 460w, https:\/\/www.diarioimagen.net\/wp-content\/uploads\/2018\/01\/UAEM-3294-240x135.jpg 240w, https:\/\/www.diarioimagen.net\/wp-content\/uploads\/2018\/01\/UAEM-3294-235x132.jpg 235w, https:\/\/www.diarioimagen.net\/wp-content\/uploads\/2018\/01\/UAEM-3294-202x114.jpg 202w, https:\/\/www.diarioimagen.net\/wp-content\/uploads\/2018\/01\/UAEM-3294-350x196.jpg 350w, https:\/\/www.diarioimagen.net\/wp-content\/uploads\/2018\/01\/UAEM-3294-220x123.jpg 220w, https:\/\/www.diarioimagen.net\/wp-content\/uploads\/2018\/01\/UAEM-3294-237x132.jpg 237w, https:\/\/www.diarioimagen.net\/wp-content\/uploads\/2018\/01\/UAEM-3294.jpg 480w\" sizes=\"auto, (max-width: 460px) 100vw, 460px\" \/><\/a><p id=\"caption-attachment-361798\" class=\"wp-caption-text\">Edwin Alejandro Ch\u00e1vez Esquivel y Sarah\u00ed Katia Flores Cruz obtuvieron medalla de oro y bronce, respectivamente.<\/p><\/div>\n<p>&nbsp;<\/p>\n<p><strong>Toluca, Estado de M\u00e9xico<\/strong>.\u2013 Edwin Alejandro Ch\u00e1vez Esquivel, estudiante del plantel \u201cNezahualc\u00f3yotl\u201d, y Sarah\u00ed Katia Flores Cruz, del plantel \u201cLic. Adolfo L\u00f3pez Mateos\u201d de la Escuela Preparatoria de la Universidad Aut\u00f3noma del Estado de M\u00e9xico, obtuvieron medalla de oro y bronce, respectivamente, en la XXVII Olimpiada Nacional de Biolog\u00eda, en la que participaron 175 estudiantes de bachillerato de todo el pa\u00eds.<\/p>\n<p>Asimismo, Paola Alama Mungu\u00eda, del plantel \u201cLic. Adolfo L\u00f3pez Mateos\u201d, fue finalista en este certamen, que tuvo como sede la ciudad de Chetumal, Quintana Roo, y que convoc\u00f3 a estudiantes del nivel medio superior de escuelas p\u00fablicas y privadas.<\/p>\n<p>El profesor de la Facultad de Ciencias de la UAEM, Jorge Lugo de la Fuente, detall\u00f3 que obtener la medalla de oro representa la oportunidad para participar en las siguientes etapas del certamen, es decir, la Olimpiada Internacional de Biolog\u00eda, que se llevar\u00e1 a cabo en Ir\u00e1n el pr\u00f3ximo mes de julio y la Olimpiada Iberoamericana de Biolog\u00eda, en Ecuador.<\/p>\n<p>Manifest\u00f3 que los seis integrantes de la delegaci\u00f3n mexiquense, tres de la Aut\u00f3noma estatal y tres m\u00e1s de escuelas privadas, llegaron a la final. Cinco obtuvieron medalla: dos de oro, dos de plata y una de bronce.<\/p>\n<p>Edwin Alejandro Ch\u00e1vez Esquivel destac\u00f3 que obtener el primer lugar en la edici\u00f3n XXVII de la Olimpiada Nacional de Biolog\u00eda fue resultado de un trabajo colaborativo con sus compa\u00f1eros y el profesor universitario.<\/p>\n<p>Por su parte, Sarah\u00ed Katia Flores Cruz expres\u00f3 que este certamen nacional demanda un alto nivel acad\u00e9mico y el examen se divide en dos partes, una te\u00f3rica y otra pr\u00e1ctica. En tanto, Paola Alama Mungu\u00eda refiri\u00f3 que debido a su alta exigencia, la participaci\u00f3n en este tipo de ejercicios acad\u00e9micos posibilita un crecimiento personal y profesional.<\/p>\n","protected":false},"excerpt":{"rendered":"<p>Edwin Alejandro Ch\u00e1vez Esquivel, estudiante del plantel \u201cNezahualc\u00f3yotl\u201d, y Sarah\u00ed Katia Flores Cruz, del plantel \u201cLic. Adolfo L\u00f3pez Mateos\u201d de la Escuela Preparatoria de la Universidad Aut\u00f3noma del Estado de M\u00e9xico, obtuvieron medalla de oro y bronce, respectivamente, en la XXVII Olimpiada Nacional de Biolog\u00eda, en la que participaron 175 estudiantes de bachillerato de todo el pa\u00eds.<\/p>\n","protected":false},"author":3,"featured_media":361798,"comment_status":"open","ping_status":"open","sticky":false,"template":"","format":"standard","meta":{"_monsterinsights_skip_tracking":false,"_monsterinsights_sitenote_active":false,"_monsterinsights_sitenote_note":"","_monsterinsights_sitenote_category":0,"footnotes":""},"categories":[5],"tags":[43675,70162,452,1491],"class_list":["post-361727","post","type-post","status-publish","format-standard","has-post-thumbnail","hentry","category-estado-de-mexico","tag-estado-de-mexico","tag-olimpiada-nacional-de-biologia","tag-toluca","tag-uaem"],"_links":{"self":[{"href":"https:\/\/www.diarioimagen.net\/index.php?rest_route=\/wp\/v2\/posts\/361727","targetHints":{"allow":["GET"]}}],"collection":[{"href":"https:\/\/www.diarioimagen.net\/index.php?rest_route=\/wp\/v2\/posts"}],"about":[{"href":"https:\/\/www.diarioimagen.net\/index.php?rest_route=\/wp\/v2\/types\/post"}],"author":[{"embeddable":true,"href":"https:\/\/www.diarioimagen.net\/index.php?rest_route=\/wp\/v2\/users\/3"}],"replies":[{"embeddable":true,"href":"https:\/\/www.diarioimagen.net\/index.php?rest_route=%2Fwp%2Fv2%2Fcomments&post=361727"}],"version-history":[{"count":0,"href":"https:\/\/www.diarioimagen.net\/index.php?rest_route=\/wp\/v2\/posts\/361727\/revisions"}],"wp:featuredmedia":[{"embeddable":true,"href":"https:\/\/www.diarioimagen.net\/index.php?rest_route=\/wp\/v2\/media\/361798"}],"wp:attachment":[{"href":"https:\/\/www.diarioimagen.net\/index.php?rest_route=%2Fwp%2Fv2%2Fmedia&parent=361727"}],"wp:term":[{"taxonomy":"category","embeddable":true,"href":"https:\/\/www.diarioimagen.net\/index.php?rest_route=%2Fwp%2Fv2%2Fcategories&post=361727"},{"taxonomy":"post_tag","embeddable":true,"href":"https:\/\/www.diarioimagen.net\/index.php?rest_route=%2Fwp%2Fv2%2Ftags&post=361727"}],"curies":[{"name":"wp","href":"https:\/\/api.w.org\/{rel}","templated":true}]}}