{"id":361729,"date":"2018-01-29T00:06:29","date_gmt":"2018-01-29T06:06:29","guid":{"rendered":"http:\/\/www.diarioimagen.net\/?p=361729"},"modified":"2018-01-29T02:49:01","modified_gmt":"2018-01-29T08:49:01","slug":"propuestas-para-mejorar-la-calidad-de-vida-en-la-zona-de-nicolas-romero","status":"publish","type":"post","link":"https:\/\/www.diarioimagen.net\/?p=361729","title":{"rendered":"Propuestas para mejorar la calidad de vida en la zona de Nicol\u00e1s Romero"},"content":{"rendered":"<ul>\n<li><strong><em>Reuni\u00f3n de Gabinete Regional<\/em><\/strong><\/li>\n<\/ul>\n<p>&nbsp;<\/p>\n<div id=\"attachment_361800\" style=\"width: 470px\" class=\"wp-caption aligncenter\"><a href=\"http:\/\/www.diarioimagen.net\/?attachment_id=361800\" rel=\"attachment wp-att-361800\"><img loading=\"lazy\" decoding=\"async\" aria-describedby=\"caption-attachment-361800\" class=\"size-large wp-image-361800\" src=\"http:\/\/www.diarioimagen.net\/wp-content\/uploads\/2018\/01\/NICOLAS-3294-460x259.jpg\" alt=\"\" width=\"460\" height=\"259\" srcset=\"https:\/\/www.diarioimagen.net\/wp-content\/uploads\/2018\/01\/NICOLAS-3294-460x259.jpg 460w, https:\/\/www.diarioimagen.net\/wp-content\/uploads\/2018\/01\/NICOLAS-3294-240x135.jpg 240w, https:\/\/www.diarioimagen.net\/wp-content\/uploads\/2018\/01\/NICOLAS-3294-235x132.jpg 235w, https:\/\/www.diarioimagen.net\/wp-content\/uploads\/2018\/01\/NICOLAS-3294-202x114.jpg 202w, https:\/\/www.diarioimagen.net\/wp-content\/uploads\/2018\/01\/NICOLAS-3294-350x196.jpg 350w, https:\/\/www.diarioimagen.net\/wp-content\/uploads\/2018\/01\/NICOLAS-3294-220x123.jpg 220w, https:\/\/www.diarioimagen.net\/wp-content\/uploads\/2018\/01\/NICOLAS-3294-237x132.jpg 237w, https:\/\/www.diarioimagen.net\/wp-content\/uploads\/2018\/01\/NICOLAS-3294.jpg 480w\" sizes=\"auto, (max-width: 460px) 100vw, 460px\" \/><\/a><p id=\"caption-attachment-361800\" class=\"wp-caption-text\">Comenz\u00f3 la conformaci\u00f3n de la agenda estrat\u00e9gica de trabajo 2018 del Gabinete Regional IV.<\/p><\/div>\n<p>&nbsp;<\/p>\n<p><strong>Nicol\u00e1s Romero, Estado de M\u00e9xico<\/strong>.- Con propuestas en materia de infraestructura y rehabilitaci\u00f3n de espacios de esparcimiento para los mexiquenses, as\u00ed como de regularizaci\u00f3n de suelo apto para infraestructura, inici\u00f3 la conformaci\u00f3n de la agenda estrat\u00e9gica de trabajo 2018 del Gabinete Regional IV.<\/p>\n<p>Con estos y m\u00e1s temas, el Gabinete Regional presidido por Enrique Jacob Rocha, secretario de Desarrollo Urbano y Metropolitano, convoc\u00f3 a Presidentes municipales y funcionarios de las 527 secciones de cinco distritos locales pertenecientes a esta zona del territorio mexiquense, para que en conjunto, trabajen en acciones y estrategias que cubran las necesidades y demandas de las familias de Cuautitl\u00e1n Izcalli, Atizap\u00e1n de Zaragoza y Nicol\u00e1s Romero.<\/p>\n<p>\u201cTrabajaremos de acuerdo con la conformaci\u00f3n de esta agenda estrat\u00e9gica, lo cual es muestra de un gobierno cercano, que escucha a los mexiquenses y que trabaja para darles resultados, pues \u00e9sa es la funci\u00f3n de estos gabinetes regionales\u201d, puntualiz\u00f3.<\/p>\n<p>Enrique Jacob indic\u00f3 que el objetivo de esta sesi\u00f3n fue realizar un ejercicio de participaci\u00f3n que conjuntara las necesidades y demandas prioritarias de cada municipio que conforma la regi\u00f3n.<\/p>\n<p>Esto con la finalidad de integrarlas en una agenda estrat\u00e9gica que permitir\u00e1 conformar el plan de trabajo para este a\u00f1o en favor del bienestar de los mexiquenses.<\/p>\n<p>Explic\u00f3 que el Gobernador Alfredo Del Mazo tom\u00f3 la determinaci\u00f3n de impulsar una nueva distribuci\u00f3n regional basada en la redistritaci\u00f3n local para trabajar en sus cuatro ejes: seguridad, desarrollo econ\u00f3mico con visi\u00f3n integral, desarrollo social para la calidad de vida y transparencia y buen gobierno.<\/p>\n<p>Por su parte, la Presidenta municipal de Nicol\u00e1s Romero, Angelina Carre\u00f1o Mijares, al igual que cada uno de los representantes de los municipios que conforman la regi\u00f3n, propuso varios proyectos en materia de infraestructura y rehabilitaci\u00f3n de espacios de esparcimiento para los mexiquenses.<\/p>\n<p>Adem\u00e1s, el Instituto Nacional de Suelo Sustentable, del Gobierno de la Rep\u00fablica, present\u00f3 una propuesta de coordinaci\u00f3n y trabajo para acelerar procesos de regularizaci\u00f3n y contar con suelo apto para infraestructura que soporte el crecimiento econ\u00f3mico de la entidad.<\/p>\n<p>Los Gabinetes Regionales son espacios de colaboraci\u00f3n interinstitucional y dise\u00f1o de propuestas y est\u00e1n conformados seg\u00fan lo dispuesto por el Reglamento de los Gabinetes del Poder Ejecutivo del Estado de M\u00e9xico.<\/p>\n<p>Son presididos por los Secretarios del Estado con el objetivo de atender las necesidades de los municipios e impulsar el desarrollo del Estado de M\u00e9xico y se integran por Presidentes Municipales, sociedad civil, empresarios y dem\u00e1s actores de la regi\u00f3n.<\/p>\n<p>Sesionan una vez al mes con sedes itinerantes en cada uno de los municipios que lo conforman.<\/p>\n","protected":false},"excerpt":{"rendered":"<p>Con propuestas en materia de infraestructura y rehabilitaci\u00f3n de espacios de esparcimiento para los mexiquenses, as\u00ed como de regularizaci\u00f3n de suelo apto para infraestructura, inici\u00f3 la conformaci\u00f3n de la agenda estrat\u00e9gica de trabajo 2018 del Gabinete Regional IV.<\/p>\n","protected":false},"author":3,"featured_media":361800,"comment_status":"open","ping_status":"open","sticky":false,"template":"","format":"standard","meta":{"_monsterinsights_skip_tracking":false,"_monsterinsights_sitenote_active":false,"_monsterinsights_sitenote_note":"","_monsterinsights_sitenote_category":0,"footnotes":""},"categories":[35155],"tags":[11076,43675,39541,752],"class_list":["post-361729","post","type-post","status-publish","format-standard","has-post-thumbnail","hentry","category-estado-de-mexico-estado-de-mexico","tag-calidad-de-vida","tag-estado-de-mexico","tag-mejorar","tag-nicolas-romero"],"_links":{"self":[{"href":"https:\/\/www.diarioimagen.net\/index.php?rest_route=\/wp\/v2\/posts\/361729","targetHints":{"allow":["GET"]}}],"collection":[{"href":"https:\/\/www.diarioimagen.net\/index.php?rest_route=\/wp\/v2\/posts"}],"about":[{"href":"https:\/\/www.diarioimagen.net\/index.php?rest_route=\/wp\/v2\/types\/post"}],"author":[{"embeddable":true,"href":"https:\/\/www.diarioimagen.net\/index.php?rest_route=\/wp\/v2\/users\/3"}],"replies":[{"embeddable":true,"href":"https:\/\/www.diarioimagen.net\/index.php?rest_route=%2Fwp%2Fv2%2Fcomments&post=361729"}],"version-history":[{"count":0,"href":"https:\/\/www.diarioimagen.net\/index.php?rest_route=\/wp\/v2\/posts\/361729\/revisions"}],"wp:featuredmedia":[{"embeddable":true,"href":"https:\/\/www.diarioimagen.net\/index.php?rest_route=\/wp\/v2\/media\/361800"}],"wp:attachment":[{"href":"https:\/\/www.diarioimagen.net\/index.php?rest_route=%2Fwp%2Fv2%2Fmedia&parent=361729"}],"wp:term":[{"taxonomy":"category","embeddable":true,"href":"https:\/\/www.diarioimagen.net\/index.php?rest_route=%2Fwp%2Fv2%2Fcategories&post=361729"},{"taxonomy":"post_tag","embeddable":true,"href":"https:\/\/www.diarioimagen.net\/index.php?rest_route=%2Fwp%2Fv2%2Ftags&post=361729"}],"curies":[{"name":"wp","href":"https:\/\/api.w.org\/{rel}","templated":true}]}}