{"id":361731,"date":"2018-01-29T00:05:02","date_gmt":"2018-01-29T06:05:02","guid":{"rendered":"http:\/\/www.diarioimagen.net\/?p=361731"},"modified":"2018-01-29T02:51:43","modified_gmt":"2018-01-29T08:51:43","slug":"pabellon-social-brinda-atencion-a-los-adultos-mayores-de-naucalpan","status":"publish","type":"post","link":"https:\/\/www.diarioimagen.net\/?p=361731","title":{"rendered":"Pabell\u00f3n Social brinda atenci\u00f3n a los adultos mayores de Naucalpan"},"content":{"rendered":"<ul>\n<li><strong><em>Para realizar tr\u00e1mites de programas sociales<\/em><\/strong><\/li>\n<\/ul>\n<p>&nbsp;<\/p>\n<div id=\"attachment_361803\" style=\"width: 470px\" class=\"wp-caption aligncenter\"><a href=\"http:\/\/www.diarioimagen.net\/?attachment_id=361803\" rel=\"attachment wp-att-361803\"><img loading=\"lazy\" decoding=\"async\" aria-describedby=\"caption-attachment-361803\" class=\"size-large wp-image-361803\" src=\"http:\/\/www.diarioimagen.net\/wp-content\/uploads\/2018\/01\/NAUCALPAN-3294-1-460x259.jpg\" alt=\"\" width=\"460\" height=\"259\" srcset=\"https:\/\/www.diarioimagen.net\/wp-content\/uploads\/2018\/01\/NAUCALPAN-3294-1-460x259.jpg 460w, https:\/\/www.diarioimagen.net\/wp-content\/uploads\/2018\/01\/NAUCALPAN-3294-1-240x135.jpg 240w, https:\/\/www.diarioimagen.net\/wp-content\/uploads\/2018\/01\/NAUCALPAN-3294-1-235x132.jpg 235w, https:\/\/www.diarioimagen.net\/wp-content\/uploads\/2018\/01\/NAUCALPAN-3294-1-202x114.jpg 202w, https:\/\/www.diarioimagen.net\/wp-content\/uploads\/2018\/01\/NAUCALPAN-3294-1-350x196.jpg 350w, https:\/\/www.diarioimagen.net\/wp-content\/uploads\/2018\/01\/NAUCALPAN-3294-1-220x123.jpg 220w, https:\/\/www.diarioimagen.net\/wp-content\/uploads\/2018\/01\/NAUCALPAN-3294-1-237x132.jpg 237w, https:\/\/www.diarioimagen.net\/wp-content\/uploads\/2018\/01\/NAUCALPAN-3294-1.jpg 480w\" sizes=\"auto, (max-width: 460px) 100vw, 460px\" \/><\/a><p id=\"caption-attachment-361803\" class=\"wp-caption-text\">Cientos de adultos mayores reciben diariamente atenci\u00f3n de calidad en el Pabell\u00f3n Social, en Naucalpan.<\/p><\/div>\n<p>&nbsp;<\/p>\n<p><strong>Naucalpan, Estado de M\u00e9xico<\/strong>.- Adultos mayores de este municipio diariamente reciben atenci\u00f3n de calidad en el Pabell\u00f3n Social, un espacio que el gobierno de Naucalpan habilit\u00f3 para este sector de la poblaci\u00f3n que acude a realizar tr\u00e1mites de programas sociales de los tres \u00f3rdenes de gobierno.<\/p>\n<p>La administraci\u00f3n municipal inform\u00f3 que el Pabell\u00f3n Social fue rehabilitado en julio de 2017, con la finalidad de que las m\u00e1s de 200 personas adultas mayores que acuden, en promedio cada d\u00eda, tengan instalaciones m\u00e1s dignas.<\/p>\n<p>La Direcci\u00f3n General de Desarrollo Social destac\u00f3 que en Naucalpan existe un padr\u00f3n de 25 mil beneficiarios del programa federal de Pensi\u00f3n para Adultos Mayores, a quienes se les brinda atenci\u00f3n en la ventanilla del Pabell\u00f3n, con apoyo para actualizar sus tarjetas, recepci\u00f3n de documentos, pagos de pensiones bimestrales o aclaraciones respecto a la falta de dep\u00f3sitos.<\/p>\n<p>Jos\u00e9 Luis Paredes, de 76 a\u00f1os de edad, vecino del pueblo de San Francisco Chimalpa, agradeci\u00f3 la atenci\u00f3n que recibi\u00f3 en el Pabell\u00f3n, no s\u00f3lo para cambiar su tarjeta que venci\u00f3, sino por la rapidez con el que fue atendido, pues en menos de cinco minutos obtuvo su nuevo pl\u00e1stico.<\/p>\n<p>Asimismo, otros 24 mil beneficiarios del programa federal PROSPERA, reciben la misma atenci\u00f3n con calidad en el Pabell\u00f3n Social, ubicado en el edificio anexo del Palacio Municipal, que adem\u00e1s cuenta con un M\u00f3dulo de Atenci\u00f3n, donde se brinda orientaci\u00f3n personalizada a quienes desean inscribirse a programa sociales, principalmente sobre requisitos y procedimientos que deben seguir para inscribirse.<\/p>\n<p>Los adultos mayores que acuden a este lugar cuentan con servicio m\u00e9dico, en caso de requerirlo durante su estancia, adem\u00e1s de sillas de ruedas para transportar a quienes se les dificulta caminar. El Pabell\u00f3n Social brinda atenci\u00f3n en un horario de 9:00 a 16:00 horas de lunes a viernes.<\/p>\n<p>As\u00ed como estas acciones y obras que benefician a los adultos mayores, el Gobierno de Naucalpan implementa operativos como \u201cTransitemos Seguros\u201d, para brindar mayor seguridad en las principales avenidas del municipio.<\/p>\n","protected":false},"excerpt":{"rendered":"<p>dultos mayores de este municipio diariamente reciben atenci\u00f3n de calidad en el Pabell\u00f3n Social, un espacio que el gobierno de Naucalpan habilit\u00f3 para este sector de la poblaci\u00f3n que acude a realizar tr\u00e1mites de programas sociales de los tres \u00f3rdenes de gobierno.<\/p>\n","protected":false},"author":3,"featured_media":361803,"comment_status":"open","ping_status":"open","sticky":false,"template":"","format":"standard","meta":{"_monsterinsights_skip_tracking":false,"_monsterinsights_sitenote_active":false,"_monsterinsights_sitenote_note":"","_monsterinsights_sitenote_category":0,"footnotes":""},"categories":[35155],"tags":[15930,45429,43675,970],"class_list":["post-361731","post","type-post","status-publish","format-standard","has-post-thumbnail","hentry","category-estado-de-mexico-estado-de-mexico","tag-adultos-mayores","tag-atencion","tag-estado-de-mexico","tag-naucalpan"],"_links":{"self":[{"href":"https:\/\/www.diarioimagen.net\/index.php?rest_route=\/wp\/v2\/posts\/361731","targetHints":{"allow":["GET"]}}],"collection":[{"href":"https:\/\/www.diarioimagen.net\/index.php?rest_route=\/wp\/v2\/posts"}],"about":[{"href":"https:\/\/www.diarioimagen.net\/index.php?rest_route=\/wp\/v2\/types\/post"}],"author":[{"embeddable":true,"href":"https:\/\/www.diarioimagen.net\/index.php?rest_route=\/wp\/v2\/users\/3"}],"replies":[{"embeddable":true,"href":"https:\/\/www.diarioimagen.net\/index.php?rest_route=%2Fwp%2Fv2%2Fcomments&post=361731"}],"version-history":[{"count":0,"href":"https:\/\/www.diarioimagen.net\/index.php?rest_route=\/wp\/v2\/posts\/361731\/revisions"}],"wp:featuredmedia":[{"embeddable":true,"href":"https:\/\/www.diarioimagen.net\/index.php?rest_route=\/wp\/v2\/media\/361803"}],"wp:attachment":[{"href":"https:\/\/www.diarioimagen.net\/index.php?rest_route=%2Fwp%2Fv2%2Fmedia&parent=361731"}],"wp:term":[{"taxonomy":"category","embeddable":true,"href":"https:\/\/www.diarioimagen.net\/index.php?rest_route=%2Fwp%2Fv2%2Fcategories&post=361731"},{"taxonomy":"post_tag","embeddable":true,"href":"https:\/\/www.diarioimagen.net\/index.php?rest_route=%2Fwp%2Fv2%2Ftags&post=361731"}],"curies":[{"name":"wp","href":"https:\/\/api.w.org\/{rel}","templated":true}]}}