{"id":361825,"date":"2018-01-30T00:13:31","date_gmt":"2018-01-30T06:13:31","guid":{"rendered":"http:\/\/www.diarioimagen.net\/?p=361825"},"modified":"2018-01-30T00:13:34","modified_gmt":"2018-01-30T06:13:34","slug":"bajo-alerta-naranja-5-delegaciones-ante-posible-caida-de-agua-nieve","status":"publish","type":"post","link":"https:\/\/www.diarioimagen.net\/?p=361825","title":{"rendered":"Pega el fr\u00edo a capitalinos; habr\u00eda ca\u00edda de aguanieve"},"content":{"rendered":"<ul>\n<li><strong><em>El Valle de M\u00e9xico, un refrigerador<\/em><\/strong><\/li>\n<li><strong><em>Activan alerta amarilla y naranja ante descenso de temperatura<\/em><\/strong><\/li>\n<\/ul>\n<p>&nbsp;<\/p>\n<div id=\"attachment_361826\" style=\"width: 470px\" class=\"wp-caption aligncenter\"><img loading=\"lazy\" decoding=\"async\" aria-describedby=\"caption-attachment-361826\" class=\"wp-image-361826 size-large\" src=\"http:\/\/www.diarioimagen.net\/wp-content\/uploads\/2018\/01\/FRIO30a-portal-460x268.png\" alt=\"\" width=\"460\" height=\"268\" srcset=\"https:\/\/www.diarioimagen.net\/wp-content\/uploads\/2018\/01\/FRIO30a-portal-460x268.png 460w, https:\/\/www.diarioimagen.net\/wp-content\/uploads\/2018\/01\/FRIO30a-portal-240x140.png 240w, https:\/\/www.diarioimagen.net\/wp-content\/uploads\/2018\/01\/FRIO30a-portal.png 480w\" sizes=\"auto, (max-width: 460px) 100vw, 460px\" \/><p id=\"caption-attachment-361826\" class=\"wp-caption-text\">Los capitalinos enfrentan bajas temperaturas por el aire polar del frente fr\u00edo 25, que est\u00e1 sobre territorio nacional.<\/p><\/div>\n<p>&nbsp;<\/p>\n<p>Como consecuencia de la entrada del frente fr\u00edo n\u00famero 25 al centro del pa\u00eds, se registr\u00f3 la tarde de ayer lunes temperaturas de hasta 4 grados cent\u00edgrados en diferentes delegaciones de la Ciudad de M\u00e9xico.<\/p>\n<p>Por lo tanto,\u00a0 la Secretar\u00eda de Protecci\u00f3n Civil de la Ciudad de M\u00e9xico activ\u00f3 alerta amarilla y naranja ante el dr\u00e1stico descenso de temperatura.<\/p>\n<p>La dependencia inform\u00f3 que \u00c1lvaro Obreg\u00f3n, Cuajimalpa, Magdalena Contreras, Milpa Alta y Tlalpan se mantienen en alerta naranja por ca\u00edda de aguanieve o nevadas ligeras.<\/p>\n<p>Adem\u00e1s, se prev\u00e9 que se registren temperaturas entre los cero y tres grados cent\u00edgrados durante la ma\u00f1ana de hoy.<\/p>\n<p>En tanto que, Azcapotzalco, Benito Ju\u00e1rez, Coyoac\u00e1n, Cuauht\u00e9moc, Gustavo A. Madero, Iztacalco, Iztapalapa. Miguel Hidalgo, Tl\u00e1huac, Venustiano Carranza y Xochimilco permanecen en alerta amarilla.<\/p>\n<p>Protecci\u00f3n Civil indic\u00f3 que entre la medianoche y las 09:00 horas de este martes se prev\u00e9n temperaturas entre cuatro y ocho grados cent\u00edgrados.<\/p>\n<p>Ante ello, recomend\u00f3 cubrir nariz y boca, utilizar dos o m\u00e1s capas de ropa y evitar cambios bruscos de temperatura.<\/p>\n<p>Continuar\u00e1 bajando la temperatura y se presentar\u00e1n lluvias ligeras en la capital, sostuvo la dependencia local.<\/p>\n<p style=\"text-align: center;\"><strong>Descenso de la temperatura <\/strong><strong>en casi todo el pa\u00eds<\/strong><\/p>\n<p>El Servicio Meteorol\u00f3gico Nacional (SMN) pronostic\u00f3 para las pr\u00f3ximas 24 horas que el frente fr\u00edo 25 se localizar\u00e1 sobre la Pen\u00ednsula de Yucat\u00e1n por lo que se presentar\u00e1n lluvias persistentes con acumulados torrenciales en el sur y sureste de M\u00e9xico.<\/p>\n<p>Indic\u00f3 que la masa de aire fr\u00edo que lo impulsa, provocar\u00e1 ambiente muy fr\u00edo a g\u00e9lido en gran parte del pa\u00eds, excepto en el noroeste.<\/p>\n<p>En el reporte m\u00e1s reciente del organismo dependiente de la Comisi\u00f3n Nacional del Agua (Conagua), estableci\u00f3 tambi\u00e9n que se presentar\u00e1 evento de \u201cNorte\u201d con rachas mayores a 70 kil\u00f3metros por hora en el litoral del Golfo de M\u00e9xico, incluyendo la Pen\u00ednsula de Yucat\u00e1n, y superiores a 90 kil\u00f3metros por hora en el Istmo y Golfo de Tehuantepec, mientras que en el noroeste habr\u00e1 vientos fuertes con rachas a 60 kil\u00f3metros por hora (vientos de Santa Ana).<\/p>\n","protected":false},"excerpt":{"rendered":"<p>Como consecuencia de la entrada del frente fr\u00edo n\u00famero 25 al centro del pa\u00eds, se registr\u00f3 la tarde de ayer lunes temperaturas de hasta 4 grados cent\u00edgrados en diferentes delegaciones de la Ciudad de M\u00e9xico.<\/p>\n","protected":false},"author":5,"featured_media":361826,"comment_status":"open","ping_status":"open","sticky":false,"template":"","format":"standard","meta":{"_monsterinsights_skip_tracking":false,"_monsterinsights_sitenote_active":false,"_monsterinsights_sitenote_note":"","_monsterinsights_sitenote_category":0,"footnotes":""},"categories":[6],"tags":[70175,70173,1324,70174,204,4958,70176,14751,2866],"class_list":["post-361825","post","type-post","status-publish","format-standard","has-post-thumbnail","hentry","category-cd-de-mexico","tag-3-grados","tag-5-delegaciones","tag-alvaro-obregon","tag-caida-de-agua-nieve","tag-ciudad-de-mexico","tag-cuajimalpa","tag-frente-frio-numero-25","tag-magdalena-contreras","tag-milpa-alta"],"_links":{"self":[{"href":"https:\/\/www.diarioimagen.net\/index.php?rest_route=\/wp\/v2\/posts\/361825","targetHints":{"allow":["GET"]}}],"collection":[{"href":"https:\/\/www.diarioimagen.net\/index.php?rest_route=\/wp\/v2\/posts"}],"about":[{"href":"https:\/\/www.diarioimagen.net\/index.php?rest_route=\/wp\/v2\/types\/post"}],"author":[{"embeddable":true,"href":"https:\/\/www.diarioimagen.net\/index.php?rest_route=\/wp\/v2\/users\/5"}],"replies":[{"embeddable":true,"href":"https:\/\/www.diarioimagen.net\/index.php?rest_route=%2Fwp%2Fv2%2Fcomments&post=361825"}],"version-history":[{"count":0,"href":"https:\/\/www.diarioimagen.net\/index.php?rest_route=\/wp\/v2\/posts\/361825\/revisions"}],"wp:featuredmedia":[{"embeddable":true,"href":"https:\/\/www.diarioimagen.net\/index.php?rest_route=\/wp\/v2\/media\/361826"}],"wp:attachment":[{"href":"https:\/\/www.diarioimagen.net\/index.php?rest_route=%2Fwp%2Fv2%2Fmedia&parent=361825"}],"wp:term":[{"taxonomy":"category","embeddable":true,"href":"https:\/\/www.diarioimagen.net\/index.php?rest_route=%2Fwp%2Fv2%2Fcategories&post=361825"},{"taxonomy":"post_tag","embeddable":true,"href":"https:\/\/www.diarioimagen.net\/index.php?rest_route=%2Fwp%2Fv2%2Ftags&post=361825"}],"curies":[{"name":"wp","href":"https:\/\/api.w.org\/{rel}","templated":true}]}}