{"id":361872,"date":"2018-01-30T00:11:47","date_gmt":"2018-01-30T06:11:47","guid":{"rendered":"http:\/\/www.diarioimagen.net\/?p=361872"},"modified":"2018-01-31T00:06:39","modified_gmt":"2018-01-31T06:06:39","slug":"ciudades-metropolitanas-en-torno-al-nuevo-aeropuerto","status":"publish","type":"post","link":"https:\/\/www.diarioimagen.net\/?p=361872","title":{"rendered":"Ciudades metropolitanas en torno al nuevo aeropuerto"},"content":{"rendered":"<ul>\n<li><strong><em>Crecimiento de la Zona Metropolitana del Valle de M\u00e9xico<\/em><\/strong><\/li>\n<\/ul>\n<p>&nbsp;<\/p>\n<div id=\"attachment_361969\" style=\"width: 470px\" class=\"wp-caption aligncenter\"><a href=\"http:\/\/www.diarioimagen.net\/?attachment_id=361969\" rel=\"attachment wp-att-361969\"><img loading=\"lazy\" decoding=\"async\" aria-describedby=\"caption-attachment-361969\" class=\"size-large wp-image-361969\" src=\"http:\/\/www.diarioimagen.net\/wp-content\/uploads\/2018\/01\/CIUDADES-3295-460x259.jpg\" alt=\"\" width=\"460\" height=\"259\" srcset=\"https:\/\/www.diarioimagen.net\/wp-content\/uploads\/2018\/01\/CIUDADES-3295-460x259.jpg 460w, https:\/\/www.diarioimagen.net\/wp-content\/uploads\/2018\/01\/CIUDADES-3295-240x135.jpg 240w, https:\/\/www.diarioimagen.net\/wp-content\/uploads\/2018\/01\/CIUDADES-3295-235x132.jpg 235w, https:\/\/www.diarioimagen.net\/wp-content\/uploads\/2018\/01\/CIUDADES-3295-202x114.jpg 202w, https:\/\/www.diarioimagen.net\/wp-content\/uploads\/2018\/01\/CIUDADES-3295-350x196.jpg 350w, https:\/\/www.diarioimagen.net\/wp-content\/uploads\/2018\/01\/CIUDADES-3295-220x123.jpg 220w, https:\/\/www.diarioimagen.net\/wp-content\/uploads\/2018\/01\/CIUDADES-3295-237x132.jpg 237w, https:\/\/www.diarioimagen.net\/wp-content\/uploads\/2018\/01\/CIUDADES-3295.jpg 480w\" sizes=\"auto, (max-width: 460px) 100vw, 460px\" \/><\/a><p id=\"caption-attachment-361969\" class=\"wp-caption-text\">A partir del Nuevo Aeropuerto de la Ciudad de M\u00e9xico, la Zona Metropolitana del Valle de M\u00e9xico contar\u00e1 con 22 ciudades metropolitanas emergentes.<\/p><\/div>\n<p>&nbsp;<\/p>\n<p><strong>Ciudad de M\u00e9xico<\/strong>.- A largo plazo, la Zona Metropolitana del Valle de M\u00e9xico (ZMVM) contar\u00e1 con 22 ciudades metropolitanas emergentes, como Tlalnepantla, Santa Fe, Tlalpan, Chalco o Texcoco, nueve subcentros regionales como Huixquilucan, Gustavo A. Madero, Atenco y Coacalco, entre otros, que tendr\u00e1n una articulaci\u00f3n y complementariedad econ\u00f3mica a partir del Nuevo Aeropuerto, expuso Pablo Bas\u00e1\u00f1ez Garc\u00eda, subsecretario de Desarrollo Metropolitano del Estado de M\u00e9xico.<\/p>\n<p>Durante su participaci\u00f3n en el Foro Internacional \u201cDespu\u00e9s del 19-S \u00bfC\u00f3mo construir una mejor ciudad?\u201d, donde coincidi\u00f3 con acad\u00e9micos y urbanistas de todo el mundo, expres\u00f3 que estos espacios buscan reducir la brecha entre la ciudad actual y la que se desea construir, por lo cual es necesario resolver los desaf\u00edos metropolitanos.<\/p>\n<p>\u201cJunto con la Ciudad de M\u00e9xico, los mexiquenses queremos conformar una zona segura, sustentable, ordenada e innovadora, por eso, el Gobierno que encabeza Alfredo Del Mazo adopt\u00f3 la Nueva Agenda Urbana y la Secretar\u00eda de Desarrollo Urbano y Metropolitano hace suyo el Objetivo de Desarrollo Sostenible N\u00famero 11 para construir Ciudades y Comunidades Sostenibles en nuestro Estado\u201d, se\u00f1al\u00f3.<\/p>\n<p>En representaci\u00f3n del gobierno del Estado de M\u00e9xico, dict\u00f3 la conferencia \u201cConstruir una mejor ciudad, retos y oportunidades para la gobernanza de la Megal\u00f3polis\u201d, moderado por Dr. Alejandro Poir\u00e9 Romero, Decano de Escuela de Ciencias Sociales y Gobierno del ITESM. \u201cRecuperar las ciudades requiere de decisiones firmes y una fuerte visi\u00f3n metropolitana que rompa inercias del viejo modelo de desarrollo urbano.<\/p>\n<p>\u201cEl cambio de paradigma implica pasar de una ciudad central a ciudades complementarias, de la desigualdad y hacinamiento a la equidad social y econ\u00f3mica, del uso intensivo del autom\u00f3vil y deterioro ambiental a un sistema integral de transporte sustentable y seguro, es hacer ciudades integrales, funcionales y competitivas\u201d.<\/p>\n","protected":false},"excerpt":{"rendered":"<p>A largo plazo, la Zona Metropolitana del Valle de M\u00e9xico (ZMVM) contar\u00e1 con 22 ciudades metropolitanas emergentes, como Tlalnepantla, Santa Fe, Tlalpan, Chalco o Texcoco, nueve subcentros regionales como Huixquilucan, Gustavo A. Madero, Atenco y Coacalco, entre otros, que tendr\u00e1n una articulaci\u00f3n y complementariedad econ\u00f3mica a partir del Nuevo Aeropuerto, expuso Pablo Bas\u00e1\u00f1ez Garc\u00eda, subsecretario de Desarrollo Metropolitano del Estado de M\u00e9xico.<\/p>\n","protected":false},"author":3,"featured_media":361969,"comment_status":"open","ping_status":"open","sticky":false,"template":"","format":"standard","meta":{"_monsterinsights_skip_tracking":false,"_monsterinsights_sitenote_active":false,"_monsterinsights_sitenote_note":"","_monsterinsights_sitenote_category":0,"footnotes":""},"categories":[5],"tags":[4663,204,70215],"class_list":["post-361872","post","type-post","status-publish","format-standard","has-post-thumbnail","hentry","category-estado-de-mexico","tag-aeropuerto","tag-ciudad-de-mexico","tag-zona-metropolitana-del-valle-de-mexico"],"_links":{"self":[{"href":"https:\/\/www.diarioimagen.net\/index.php?rest_route=\/wp\/v2\/posts\/361872","targetHints":{"allow":["GET"]}}],"collection":[{"href":"https:\/\/www.diarioimagen.net\/index.php?rest_route=\/wp\/v2\/posts"}],"about":[{"href":"https:\/\/www.diarioimagen.net\/index.php?rest_route=\/wp\/v2\/types\/post"}],"author":[{"embeddable":true,"href":"https:\/\/www.diarioimagen.net\/index.php?rest_route=\/wp\/v2\/users\/3"}],"replies":[{"embeddable":true,"href":"https:\/\/www.diarioimagen.net\/index.php?rest_route=%2Fwp%2Fv2%2Fcomments&post=361872"}],"version-history":[{"count":0,"href":"https:\/\/www.diarioimagen.net\/index.php?rest_route=\/wp\/v2\/posts\/361872\/revisions"}],"wp:featuredmedia":[{"embeddable":true,"href":"https:\/\/www.diarioimagen.net\/index.php?rest_route=\/wp\/v2\/media\/361969"}],"wp:attachment":[{"href":"https:\/\/www.diarioimagen.net\/index.php?rest_route=%2Fwp%2Fv2%2Fmedia&parent=361872"}],"wp:term":[{"taxonomy":"category","embeddable":true,"href":"https:\/\/www.diarioimagen.net\/index.php?rest_route=%2Fwp%2Fv2%2Fcategories&post=361872"},{"taxonomy":"post_tag","embeddable":true,"href":"https:\/\/www.diarioimagen.net\/index.php?rest_route=%2Fwp%2Fv2%2Ftags&post=361872"}],"curies":[{"name":"wp","href":"https:\/\/api.w.org\/{rel}","templated":true}]}}