{"id":361876,"date":"2018-01-30T00:10:44","date_gmt":"2018-01-30T06:10:44","guid":{"rendered":"http:\/\/www.diarioimagen.net\/?p=361876"},"modified":"2018-01-30T01:56:09","modified_gmt":"2018-01-30T07:56:09","slug":"alumnos-mas-vinculados-con-tecnologias-de-la-informacion","status":"publish","type":"post","link":"https:\/\/www.diarioimagen.net\/?p=361876","title":{"rendered":"Alumnos m\u00e1s vinculados con tecnolog\u00edas de la informaci\u00f3n"},"content":{"rendered":"<h2>Arco Norte<\/h2>\n<h5>Jos\u00e9 Luis Monta\u00f1ez Aguilar<\/h5>\n<p>&nbsp;<\/p>\n<p>Alfredo Del Mazo inform\u00f3 que a trav\u00e9s del Programa de Mantenimiento y Equipamiento Digital de Planteles Educativos Federalizados, en este ciclo escolar se rehabilitar\u00e1n m\u00e1s de 820 escuelas, para dotar a los estudiantes mexiquenses de mejores instalaciones y herramientas digitales.<\/p>\n<p>Se\u00f1al\u00f3 que con este programa, a la fecha, se han entregado materiales como pintura, impermeabilizante, adem\u00e1s de realizar trabajos de herrer\u00eda y electricidad, entre otros, a 279 planteles educativos, en los cuales, tambi\u00e9n se realizar\u00e1n trabajos para mejorar sus instalaciones sanitarias.<\/p>\n<p>Mencion\u00f3 que estas escuelas recibir\u00e1n m\u00e1s de 2 mil 400 equipos de c\u00f3mputo que permitir\u00e1n mantener a los alumnos m\u00e1s vinculados con las nuevas tecnolog\u00edas de la informaci\u00f3n.<\/p>\n<p>El gobernador dio a conocer que el programa de Mantenimiento y Equipamiento se ampliar\u00e1 a los centros donde los maestros mexiquenses asisten a prepararse y profesionalizarse, para que tambi\u00e9n cuenten con instalaciones dignas.<\/p>\n<p>Adem\u00e1s, reconoci\u00f3 la labor que realizan los Consejos de Participaci\u00f3n Social instalados en todas las escuelas de la entidad, donde forman parte autoridades escolares y padres de familia, quienes se encargan de vigilar que\u00a0 los recursos lleguen a las escuelas, as\u00ed como priorizar las necesidades que deben ser atendidas.<\/p>\n<p style=\"text-align: center;\"><strong>Clausura Propaem 6 establecimientos\u00a0de compra-venta de autopartes<\/strong><\/p>\n<p><a href=\"http:\/\/www.diarioimagen.net\/?attachment_id=361982\" rel=\"attachment wp-att-361982\"><img loading=\"lazy\" decoding=\"async\" class=\"aligncenter size-large wp-image-361982\" src=\"http:\/\/www.diarioimagen.net\/wp-content\/uploads\/2018\/01\/arco-3295-460x259.jpg\" alt=\"\" width=\"460\" height=\"259\" srcset=\"https:\/\/www.diarioimagen.net\/wp-content\/uploads\/2018\/01\/arco-3295-460x259.jpg 460w, https:\/\/www.diarioimagen.net\/wp-content\/uploads\/2018\/01\/arco-3295-240x135.jpg 240w, https:\/\/www.diarioimagen.net\/wp-content\/uploads\/2018\/01\/arco-3295-235x132.jpg 235w, https:\/\/www.diarioimagen.net\/wp-content\/uploads\/2018\/01\/arco-3295-202x114.jpg 202w, https:\/\/www.diarioimagen.net\/wp-content\/uploads\/2018\/01\/arco-3295-350x196.jpg 350w, https:\/\/www.diarioimagen.net\/wp-content\/uploads\/2018\/01\/arco-3295-220x123.jpg 220w, https:\/\/www.diarioimagen.net\/wp-content\/uploads\/2018\/01\/arco-3295-237x132.jpg 237w, https:\/\/www.diarioimagen.net\/wp-content\/uploads\/2018\/01\/arco-3295.jpg 480w\" sizes=\"auto, (max-width: 460px) 100vw, 460px\" \/><\/a><\/p>\n<p>Resultado de un operativo simult\u00e1neo desplegado en Naucalpan y Tlalnepantla, la Procuradur\u00eda de Protecci\u00f3n al Ambiente del Estado de M\u00e9xico (Propaem) clausur\u00f3 seis establecimientos de compra-venta de autopartes en estos municipios.<\/p>\n<p>En el operativo, que tuvo una duraci\u00f3n de cuatro horas aproximadamente, particip\u00f3 personal de la Propaem, de la Fiscal\u00eda General de Justicia del Estado de M\u00e9xico (FGJEM) y de la Polic\u00eda Federal.<\/p>\n<p>Los seis lugares fueron clausurados temporalmente por no contar con manifestaci\u00f3n de impacto ambiental.<\/p>\n<p>Durante el operativo, los establecimientos fueron encontrados en funcionamiento y se pudo constatar que las actividades desarrolladas en dichos predios eran de compra-venta de autopartes (deshuesaderos) y talleres automotrices.<\/p>\n<p>Los sitios clausurados de forma temporal fuero ubicados en las colonias\u00a0 San Juan Ixhuatepec y Tabla Honda, en Tlalnepantla, as\u00ed como San Mateo Nopala, Santiago Occipaco y Barrio la Rosa, Pueblo Santiago Tepatlaxco, en Naucalpan.<\/p>\n<p>Para cualquier denuncia o seguimiento sobre este tema, la Propaem ofrece a la ciudadan\u00eda el correo electr\u00f3nico propaem.quejas@smagem.net y los n\u00fameros telef\u00f3nicos 5366-8253 y terminaci\u00f3n 54.<\/p>\n<p><em><a href=\"mailto:montanezaguilar@gmail.com\" target=\"_blank\" rel=\"noopener noreferrer\">montanezaguilar@gmail.com<\/a><\/em><\/p>\n<p>&nbsp;<\/p>\n","protected":false},"excerpt":{"rendered":"<p><span style=\"color: #005497;\">Jos\u00e9 Luis Monta\u00f1ez Aguilar<\/span><br \/>\n<br \/>\nAlfredo Del Mazo inform\u00f3 que a trav\u00e9s del Programa de Mantenimiento y Equipamiento Digital de Planteles Educativos Federalizados, en este ciclo escolar se rehabilitar\u00e1n m\u00e1s de 820 escuelas, para dotar a los estudiantes mexiquenses de mejores instalaciones y herramientas digitales.<\/p>\n","protected":false},"author":3,"featured_media":361982,"comment_status":"open","ping_status":"open","sticky":false,"template":"","format":"standard","meta":{"_monsterinsights_skip_tracking":false,"_monsterinsights_sitenote_active":false,"_monsterinsights_sitenote_note":"","_monsterinsights_sitenote_category":0,"footnotes":""},"categories":[5],"tags":[13284,43704,43674],"class_list":["post-361876","post","type-post","status-publish","format-standard","has-post-thumbnail","hentry","category-estado-de-mexico","tag-arco-norte","tag-jose-luis-montanez-aguilar","tag-opinion"],"_links":{"self":[{"href":"https:\/\/www.diarioimagen.net\/index.php?rest_route=\/wp\/v2\/posts\/361876","targetHints":{"allow":["GET"]}}],"collection":[{"href":"https:\/\/www.diarioimagen.net\/index.php?rest_route=\/wp\/v2\/posts"}],"about":[{"href":"https:\/\/www.diarioimagen.net\/index.php?rest_route=\/wp\/v2\/types\/post"}],"author":[{"embeddable":true,"href":"https:\/\/www.diarioimagen.net\/index.php?rest_route=\/wp\/v2\/users\/3"}],"replies":[{"embeddable":true,"href":"https:\/\/www.diarioimagen.net\/index.php?rest_route=%2Fwp%2Fv2%2Fcomments&post=361876"}],"version-history":[{"count":0,"href":"https:\/\/www.diarioimagen.net\/index.php?rest_route=\/wp\/v2\/posts\/361876\/revisions"}],"wp:featuredmedia":[{"embeddable":true,"href":"https:\/\/www.diarioimagen.net\/index.php?rest_route=\/wp\/v2\/media\/361982"}],"wp:attachment":[{"href":"https:\/\/www.diarioimagen.net\/index.php?rest_route=%2Fwp%2Fv2%2Fmedia&parent=361876"}],"wp:term":[{"taxonomy":"category","embeddable":true,"href":"https:\/\/www.diarioimagen.net\/index.php?rest_route=%2Fwp%2Fv2%2Fcategories&post=361876"},{"taxonomy":"post_tag","embeddable":true,"href":"https:\/\/www.diarioimagen.net\/index.php?rest_route=%2Fwp%2Fv2%2Ftags&post=361876"}],"curies":[{"name":"wp","href":"https:\/\/api.w.org\/{rel}","templated":true}]}}