{"id":361888,"date":"2018-01-30T00:14:47","date_gmt":"2018-01-30T06:14:47","guid":{"rendered":"http:\/\/www.diarioimagen.net\/?p=361888"},"modified":"2018-01-30T02:11:36","modified_gmt":"2018-01-30T08:11:36","slug":"abaten-a-el-betito-miembro-del-cartel-del-golfo-en-reynosa","status":"publish","type":"post","link":"https:\/\/www.diarioimagen.net\/?p=361888","title":{"rendered":"Abaten a \u201cEl Betito\u201d, miembro del C\u00e1rtel del Golfo, en Reynosa"},"content":{"rendered":"<p><a href=\"http:\/\/www.diarioimagen.net\/?attachment_id=362009\" rel=\"attachment wp-att-362009\"><img loading=\"lazy\" decoding=\"async\" class=\"aligncenter wp-image-362009 size-large\" src=\"http:\/\/www.diarioimagen.net\/wp-content\/uploads\/2018\/01\/BETITO-3295-460x259.jpg\" alt=\"\" width=\"460\" height=\"259\" srcset=\"https:\/\/www.diarioimagen.net\/wp-content\/uploads\/2018\/01\/BETITO-3295-460x259.jpg 460w, https:\/\/www.diarioimagen.net\/wp-content\/uploads\/2018\/01\/BETITO-3295-240x135.jpg 240w, https:\/\/www.diarioimagen.net\/wp-content\/uploads\/2018\/01\/BETITO-3295-235x132.jpg 235w, https:\/\/www.diarioimagen.net\/wp-content\/uploads\/2018\/01\/BETITO-3295-202x114.jpg 202w, https:\/\/www.diarioimagen.net\/wp-content\/uploads\/2018\/01\/BETITO-3295-350x196.jpg 350w, https:\/\/www.diarioimagen.net\/wp-content\/uploads\/2018\/01\/BETITO-3295-220x123.jpg 220w, https:\/\/www.diarioimagen.net\/wp-content\/uploads\/2018\/01\/BETITO-3295-237x132.jpg 237w, https:\/\/www.diarioimagen.net\/wp-content\/uploads\/2018\/01\/BETITO-3295.jpg 480w\" sizes=\"auto, (max-width: 460px) 100vw, 460px\" \/><\/a><\/p>\n<p>&nbsp;<\/p>\n<p>Fue abatido Humberto o Steven Loiza M\u00e9ndez, alias \u201cEl Betito\u201d, uno de los capos del narco en el noreste del pa\u00eds, por quien el gobierno de Tamaulipas ofreci\u00f3 2 millones de pesos, inform\u00f3 oficialmente el Grupo de Coordinaci\u00f3n de Seguridad P\u00fablica. Este sujeto era miembro del C\u00e1rtel del Golfo en Reynosa, responsable de acciones violentas en Reynosa y R\u00edo Bravo.<\/p>\n<p>El Grupo de Coordinaci\u00f3n inform\u00f3 que la acci\u00f3n en la que pereci\u00f3 Steven se present\u00f3 el s\u00e1bado 27, luego de que los maleantes opusieran resistencia, en una acci\u00f3n operada por elementos de la Marina Armada de M\u00e9xico en la colonia Las Palmas de la ciudad de Reynosa.<\/p>\n","protected":false},"excerpt":{"rendered":"<p>Fue abatido Humberto o Steven Loiza M\u00e9ndez, alias \u201cEl Betito\u201d, uno de los capos del narco en el noreste del pa\u00eds, por quien el gobierno de Tamaulipas ofreci\u00f3 2 millones de pesos, inform\u00f3 oficialmente el Grupo de Coordinaci\u00f3n de Seguridad P\u00fablica. Este sujeto era miembro del C\u00e1rtel del Golfo en Reynosa, responsable de acciones violentas en Reynosa y R\u00edo Bravo.<\/p>\n","protected":false},"author":3,"featured_media":362009,"comment_status":"open","ping_status":"open","sticky":false,"template":"","format":"standard","meta":{"_monsterinsights_skip_tracking":false,"_monsterinsights_sitenote_active":false,"_monsterinsights_sitenote_note":"","_monsterinsights_sitenote_category":0,"footnotes":""},"categories":[7],"tags":[66633,1072,43677],"class_list":["post-361888","post","type-post","status-publish","format-standard","has-post-thumbnail","hentry","category-seguridad","tag-abaten","tag-cartel-del-golfo","tag-seguridad"],"_links":{"self":[{"href":"https:\/\/www.diarioimagen.net\/index.php?rest_route=\/wp\/v2\/posts\/361888","targetHints":{"allow":["GET"]}}],"collection":[{"href":"https:\/\/www.diarioimagen.net\/index.php?rest_route=\/wp\/v2\/posts"}],"about":[{"href":"https:\/\/www.diarioimagen.net\/index.php?rest_route=\/wp\/v2\/types\/post"}],"author":[{"embeddable":true,"href":"https:\/\/www.diarioimagen.net\/index.php?rest_route=\/wp\/v2\/users\/3"}],"replies":[{"embeddable":true,"href":"https:\/\/www.diarioimagen.net\/index.php?rest_route=%2Fwp%2Fv2%2Fcomments&post=361888"}],"version-history":[{"count":0,"href":"https:\/\/www.diarioimagen.net\/index.php?rest_route=\/wp\/v2\/posts\/361888\/revisions"}],"wp:featuredmedia":[{"embeddable":true,"href":"https:\/\/www.diarioimagen.net\/index.php?rest_route=\/wp\/v2\/media\/362009"}],"wp:attachment":[{"href":"https:\/\/www.diarioimagen.net\/index.php?rest_route=%2Fwp%2Fv2%2Fmedia&parent=361888"}],"wp:term":[{"taxonomy":"category","embeddable":true,"href":"https:\/\/www.diarioimagen.net\/index.php?rest_route=%2Fwp%2Fv2%2Fcategories&post=361888"},{"taxonomy":"post_tag","embeddable":true,"href":"https:\/\/www.diarioimagen.net\/index.php?rest_route=%2Fwp%2Fv2%2Ftags&post=361888"}],"curies":[{"name":"wp","href":"https:\/\/api.w.org\/{rel}","templated":true}]}}