{"id":361904,"date":"2018-01-30T00:09:40","date_gmt":"2018-01-30T06:09:40","guid":{"rendered":"http:\/\/www.diarioimagen.net\/?p=361904"},"modified":"2018-01-30T01:57:03","modified_gmt":"2018-01-30T07:57:03","slug":"participacion-de-tlalnepantlenses-sera-fundamental-para-combatir-inseguridad","status":"publish","type":"post","link":"https:\/\/www.diarioimagen.net\/?p=361904","title":{"rendered":"Participaci\u00f3n de tlalnepantlenses ser\u00e1 fundamental para combatir inseguridad"},"content":{"rendered":"<ul>\n<li><strong><em>Reuniones en las 265 comunidades del territorio local<\/em><\/strong><\/li>\n<\/ul>\n<p>&nbsp;<\/p>\n<div id=\"attachment_361985\" style=\"width: 470px\" class=\"wp-caption aligncenter\"><a href=\"http:\/\/www.diarioimagen.net\/?attachment_id=361985\" rel=\"attachment wp-att-361985\"><img loading=\"lazy\" decoding=\"async\" aria-describedby=\"caption-attachment-361985\" class=\"size-large wp-image-361985\" src=\"http:\/\/www.diarioimagen.net\/wp-content\/uploads\/2018\/01\/TLALNEPANTLA-3295-460x259.jpg\" alt=\"\" width=\"460\" height=\"259\" srcset=\"https:\/\/www.diarioimagen.net\/wp-content\/uploads\/2018\/01\/TLALNEPANTLA-3295-460x259.jpg 460w, https:\/\/www.diarioimagen.net\/wp-content\/uploads\/2018\/01\/TLALNEPANTLA-3295-240x135.jpg 240w, https:\/\/www.diarioimagen.net\/wp-content\/uploads\/2018\/01\/TLALNEPANTLA-3295-235x132.jpg 235w, https:\/\/www.diarioimagen.net\/wp-content\/uploads\/2018\/01\/TLALNEPANTLA-3295-202x114.jpg 202w, https:\/\/www.diarioimagen.net\/wp-content\/uploads\/2018\/01\/TLALNEPANTLA-3295-350x196.jpg 350w, https:\/\/www.diarioimagen.net\/wp-content\/uploads\/2018\/01\/TLALNEPANTLA-3295-220x123.jpg 220w, https:\/\/www.diarioimagen.net\/wp-content\/uploads\/2018\/01\/TLALNEPANTLA-3295-237x132.jpg 237w, https:\/\/www.diarioimagen.net\/wp-content\/uploads\/2018\/01\/TLALNEPANTLA-3295.jpg 480w\" sizes=\"auto, (max-width: 460px) 100vw, 460px\" \/><\/a><p id=\"caption-attachment-361985\" class=\"wp-caption-text\">Vecinos de Acueducto de Tenayuca se dieron cita para plantear los problemas de inseguridad que predominan en su comunidad.<\/p><\/div>\n<p>&nbsp;<\/p>\n<p><strong>Tlalnepantla, Estado de M\u00e9xico<\/strong>.- El gobierno municipal contempla llevar a cabo reuniones en las 265 comunidades del territorio local, para\u00a0fortalecer las capacidades de la sociedad civil, comerciantes e industriales, con el prop\u00f3sito de combatir la inseguridad y recuperar las calles y los espacios p\u00fablicos.<\/p>\n<p>Ang\u00e9lica Garnica Sosa, integradora de Cultura de Paz, inform\u00f3 que \u201cpara recuperar la paz, el orden y la seguridad p\u00fablica del lugar en donde habitamos es fundamental que los vecinos tejan redes vecinales, que participen y se involucren en las actividades que realiza el gobierno municipal\u201d.<\/p>\n<p>Ante vecinos de Acueducto de Tenayuca que se dieron cita para plantear los problemas de inseguridad que predominan en su comunidad, la funcionaria resalt\u00f3 que por instrucciones de la alcaldesa Denisse Ugalde Alegr\u00eda, se trabaja de manera transversal con todas las \u00e1reas de la administraci\u00f3n para generar condiciones de seguridad y tranquilidad para los tlalnepantlenses.<\/p>\n<p>Exhort\u00f3 a los asistentes para que generen un grupo de enlace de WhatsApp, con el fin de que en caso de emergencia se auxilien mutuamente y puedan reportar al 911 cualquier acto delictivo.<\/p>\n<p>Agreg\u00f3 que el gobierno local fortalecer\u00e1 los rondines policiacos y llevar\u00e1 a cabo la modernizaci\u00f3n del alumbrado p\u00fablico con luminarias led, acciones encaminadas a\u00a0recuperar la paz, el orden y la seguridad en las comunidades.<\/p>\n<p>Garnica Sosa explic\u00f3 que tambi\u00e9n se prev\u00e9 ofrecer capacitaciones, realizar marchas exploratorias, talleres de prevenci\u00f3n y dependiendo de la problem\u00e1tica en cada comunidad, se definir\u00e1n estrategias para atacar la violencia y la delincuencia.<\/p>\n<p>Destac\u00f3 que es importante que para lograr tal fin, los\u00a0 mismos vecinos se organicen y formen sus redes vecinales de seguridad, que generen programas de capacitaci\u00f3n, efect\u00faen actividades culturales, recreativas y de convivencia\u00a0 para la recuperaci\u00f3n de la calle y de los espacios p\u00fablicos.<\/p>\n<p>La integradora de Cultura de Paz puntualiz\u00f3 que esto evitar\u00e1 que los delincuentes se apoderen de las calles\u00a0 y alteren la tranquilidad de los habitantes de Tlalnepantla.<\/p>\n","protected":false},"excerpt":{"rendered":"<p>El gobierno municipal contempla llevar a cabo reuniones en las 265 comunidades del territorio local, para fortalecer las capacidades de la sociedad civil, comerciantes e industriales, con el prop\u00f3sito de combatir la inseguridad y recuperar las calles y los espacios p\u00fablicos.<\/p>\n","protected":false},"author":3,"featured_media":361985,"comment_status":"open","ping_status":"open","sticky":false,"template":"","format":"standard","meta":{"_monsterinsights_skip_tracking":false,"_monsterinsights_sitenote_active":false,"_monsterinsights_sitenote_note":"","_monsterinsights_sitenote_category":0,"footnotes":""},"categories":[35155],"tags":[45431,43675,1803,169],"class_list":["post-361904","post","type-post","status-publish","format-standard","has-post-thumbnail","hentry","category-estado-de-mexico-estado-de-mexico","tag-combatir","tag-estado-de-mexico","tag-inseguridad","tag-tlalnepantla"],"_links":{"self":[{"href":"https:\/\/www.diarioimagen.net\/index.php?rest_route=\/wp\/v2\/posts\/361904","targetHints":{"allow":["GET"]}}],"collection":[{"href":"https:\/\/www.diarioimagen.net\/index.php?rest_route=\/wp\/v2\/posts"}],"about":[{"href":"https:\/\/www.diarioimagen.net\/index.php?rest_route=\/wp\/v2\/types\/post"}],"author":[{"embeddable":true,"href":"https:\/\/www.diarioimagen.net\/index.php?rest_route=\/wp\/v2\/users\/3"}],"replies":[{"embeddable":true,"href":"https:\/\/www.diarioimagen.net\/index.php?rest_route=%2Fwp%2Fv2%2Fcomments&post=361904"}],"version-history":[{"count":0,"href":"https:\/\/www.diarioimagen.net\/index.php?rest_route=\/wp\/v2\/posts\/361904\/revisions"}],"wp:featuredmedia":[{"embeddable":true,"href":"https:\/\/www.diarioimagen.net\/index.php?rest_route=\/wp\/v2\/media\/361985"}],"wp:attachment":[{"href":"https:\/\/www.diarioimagen.net\/index.php?rest_route=%2Fwp%2Fv2%2Fmedia&parent=361904"}],"wp:term":[{"taxonomy":"category","embeddable":true,"href":"https:\/\/www.diarioimagen.net\/index.php?rest_route=%2Fwp%2Fv2%2Fcategories&post=361904"},{"taxonomy":"post_tag","embeddable":true,"href":"https:\/\/www.diarioimagen.net\/index.php?rest_route=%2Fwp%2Fv2%2Ftags&post=361904"}],"curies":[{"name":"wp","href":"https:\/\/api.w.org\/{rel}","templated":true}]}}