{"id":361906,"date":"2018-01-30T00:08:41","date_gmt":"2018-01-30T06:08:41","guid":{"rendered":"http:\/\/www.diarioimagen.net\/?p=361906"},"modified":"2018-01-30T01:58:22","modified_gmt":"2018-01-30T07:58:22","slug":"tultitlan-pavimenta-y-rehabilita-calles-en-las-tres-zonas-del-municipio","status":"publish","type":"post","link":"https:\/\/www.diarioimagen.net\/?p=361906","title":{"rendered":"Tultitl\u00e1n pavimenta y rehabilita calles en las tres zonas del municipio"},"content":{"rendered":"<ul>\n<li><strong><em>Obras p\u00fablicas \u00a0de calidad<\/em><\/strong><\/li>\n<\/ul>\n<p>&nbsp;<\/p>\n<div id=\"attachment_361987\" style=\"width: 470px\" class=\"wp-caption aligncenter\"><a href=\"http:\/\/www.diarioimagen.net\/?attachment_id=361987\" rel=\"attachment wp-att-361987\"><img loading=\"lazy\" decoding=\"async\" aria-describedby=\"caption-attachment-361987\" class=\"size-large wp-image-361987\" src=\"http:\/\/www.diarioimagen.net\/wp-content\/uploads\/2018\/01\/TULTITLAN-3295-460x259.jpg\" alt=\"\" width=\"460\" height=\"259\" srcset=\"https:\/\/www.diarioimagen.net\/wp-content\/uploads\/2018\/01\/TULTITLAN-3295-460x259.jpg 460w, https:\/\/www.diarioimagen.net\/wp-content\/uploads\/2018\/01\/TULTITLAN-3295-240x135.jpg 240w, https:\/\/www.diarioimagen.net\/wp-content\/uploads\/2018\/01\/TULTITLAN-3295-235x132.jpg 235w, https:\/\/www.diarioimagen.net\/wp-content\/uploads\/2018\/01\/TULTITLAN-3295-202x114.jpg 202w, https:\/\/www.diarioimagen.net\/wp-content\/uploads\/2018\/01\/TULTITLAN-3295-350x196.jpg 350w, https:\/\/www.diarioimagen.net\/wp-content\/uploads\/2018\/01\/TULTITLAN-3295-220x123.jpg 220w, https:\/\/www.diarioimagen.net\/wp-content\/uploads\/2018\/01\/TULTITLAN-3295-237x132.jpg 237w, https:\/\/www.diarioimagen.net\/wp-content\/uploads\/2018\/01\/TULTITLAN-3295.jpg 480w\" sizes=\"auto, (max-width: 460px) 100vw, 460px\" \/><\/a><p id=\"caption-attachment-361987\" class=\"wp-caption-text\">El gobierno de Tultitlan contin\u00faa con la pavimentaci\u00f3n y rehabilitaci\u00f3n de calles en las tres zonas del municipio.<\/p><\/div>\n<p>&nbsp;<\/p>\n<p><strong>Tultitl\u00e1n, Estado de M\u00e9xico<\/strong>.- Bajo el mandato del presidente municipa,l Ad\u00e1n Barr\u00f3n Elizalde, el gobierno local pavimenta y rehabilita calles en las tres zonas del municipio y hoy es ya la administraci\u00f3n municipal que m\u00e1s trabajos de obra p\u00fablica han generado con concreto hidr\u00e1ulico.<\/p>\n<p>Durante el corte inaugural de las calles Nayarit y Centenario de la calle Ampliaci\u00f3n Buenavista 2\u00aa secci\u00f3n de la zona sur de la demarcaci\u00f3n, en representaci\u00f3n del edil, la presidenta del DIF Karen S\u00e1mano,\u00a0 se\u00f1al\u00f3 que estas obras se buscan en tener una durabilidad de hasta 30 a\u00f1os y tan solo en estas calles se ven beneficiadas m\u00e1s de 4 mil habitantes de manera directa.<\/p>\n<p>\u201cEsta es una nueva etapa para Tultitl\u00e1n, vamos a mejorar la imagen urbana para a si mismo recuperar los camellones y seguir con la entrega de calles y vialidades que dar\u00e1n un nuevo rostro a nuestro municipio\u201d enfatiz\u00f3 Barr\u00f3n Elizalde.<\/p>\n<p>Por otra parte, dichas avenidas fueron realizadas con pavimentaci\u00f3n de concreto hidr\u00e1ulico de\u00a0 7 mil 117 metros cuadrados de extensi\u00f3n as\u00ed como una nivelaci\u00f3n adecuada.<\/p>\n<p>Finalmente los vecinos de dichas calles agradecieron al edil por la obra hecha realidad porque despu\u00e9s de tanto tiempo los vecinos de la zona sur hoy en d\u00eda ya tienen una vialidad que les llena de orgullo y es por el firme compromiso que tiene el edil por los tultitlenses.<\/p>\n","protected":false},"excerpt":{"rendered":"<p>Bajo el mandato del presidente municipa,l Ad\u00e1n Barr\u00f3n Elizalde, el gobierno local pavimenta y rehabilita calles en las tres zonas del municipio y hoy es ya la administraci\u00f3n municipal que m\u00e1s trabajos de obra p\u00fablica han generado con concreto hidr\u00e1ulico.<\/p>\n","protected":false},"author":3,"featured_media":361987,"comment_status":"open","ping_status":"open","sticky":false,"template":"","format":"standard","meta":{"_monsterinsights_skip_tracking":false,"_monsterinsights_sitenote_active":false,"_monsterinsights_sitenote_note":"","_monsterinsights_sitenote_category":0,"footnotes":""},"categories":[35155],"tags":[43675,26038,70221,578],"class_list":["post-361906","post","type-post","status-publish","format-standard","has-post-thumbnail","hentry","category-estado-de-mexico-estado-de-mexico","tag-estado-de-mexico","tag-pavimentacion","tag-rehabilita","tag-tultitlan"],"_links":{"self":[{"href":"https:\/\/www.diarioimagen.net\/index.php?rest_route=\/wp\/v2\/posts\/361906","targetHints":{"allow":["GET"]}}],"collection":[{"href":"https:\/\/www.diarioimagen.net\/index.php?rest_route=\/wp\/v2\/posts"}],"about":[{"href":"https:\/\/www.diarioimagen.net\/index.php?rest_route=\/wp\/v2\/types\/post"}],"author":[{"embeddable":true,"href":"https:\/\/www.diarioimagen.net\/index.php?rest_route=\/wp\/v2\/users\/3"}],"replies":[{"embeddable":true,"href":"https:\/\/www.diarioimagen.net\/index.php?rest_route=%2Fwp%2Fv2%2Fcomments&post=361906"}],"version-history":[{"count":0,"href":"https:\/\/www.diarioimagen.net\/index.php?rest_route=\/wp\/v2\/posts\/361906\/revisions"}],"wp:featuredmedia":[{"embeddable":true,"href":"https:\/\/www.diarioimagen.net\/index.php?rest_route=\/wp\/v2\/media\/361987"}],"wp:attachment":[{"href":"https:\/\/www.diarioimagen.net\/index.php?rest_route=%2Fwp%2Fv2%2Fmedia&parent=361906"}],"wp:term":[{"taxonomy":"category","embeddable":true,"href":"https:\/\/www.diarioimagen.net\/index.php?rest_route=%2Fwp%2Fv2%2Fcategories&post=361906"},{"taxonomy":"post_tag","embeddable":true,"href":"https:\/\/www.diarioimagen.net\/index.php?rest_route=%2Fwp%2Fv2%2Ftags&post=361906"}],"curies":[{"name":"wp","href":"https:\/\/api.w.org\/{rel}","templated":true}]}}