{"id":362036,"date":"2018-01-31T00:11:44","date_gmt":"2018-01-31T06:11:44","guid":{"rendered":"http:\/\/www.diarioimagen.net\/?p=362036"},"modified":"2018-02-01T01:51:18","modified_gmt":"2018-02-01T07:51:18","slug":"recibe-aeropuerto-internacional-de-toluca-primer-a321neo-de-interjet","status":"publish","type":"post","link":"https:\/\/www.diarioimagen.net\/?p=362036","title":{"rendered":"Recibe Aeropuerto de Toluca primer A321neo de Interjet"},"content":{"rendered":"<ul>\n<li><strong><em>Tiene una capacidad de 192 pasajeros<\/em><\/strong><\/li>\n<\/ul>\n<p>&nbsp;<\/p>\n<div id=\"attachment_362037\" style=\"width: 470px\" class=\"wp-caption aligncenter\"><img loading=\"lazy\" decoding=\"async\" aria-describedby=\"caption-attachment-362037\" class=\"wp-image-362037 size-large\" src=\"http:\/\/www.diarioimagen.net\/wp-content\/uploads\/2018\/01\/AEROPUERTO31-PORTAL-460x268.png\" alt=\"\" width=\"460\" height=\"268\" srcset=\"https:\/\/www.diarioimagen.net\/wp-content\/uploads\/2018\/01\/AEROPUERTO31-PORTAL-460x268.png 460w, https:\/\/www.diarioimagen.net\/wp-content\/uploads\/2018\/01\/AEROPUERTO31-PORTAL-240x140.png 240w, https:\/\/www.diarioimagen.net\/wp-content\/uploads\/2018\/01\/AEROPUERTO31-PORTAL.png 480w\" sizes=\"auto, (max-width: 460px) 100vw, 460px\" \/><p id=\"caption-attachment-362037\" class=\"wp-caption-text\">El primer avi\u00f3n Airbus A321neo de Interjet aterriz\u00f3 al Aeropuerto Internacional de Toluca \u201cLic. Adolfo L\u00f3pez Mateos\u201d.<\/p><\/div>\n<p>&nbsp;<\/p>\n<p><strong>Toluca, Estado de M\u00e9xico<\/strong>.- El Aeropuerto Internacional de Toluca (AIT) \u201cLic. Adolfo L\u00f3pez Mateos\u201d dio la bienvenida al primer avi\u00f3n Airbus A321neo de Interjet, \u00fanico en M\u00e9xico.<\/p>\n<p>Con una capacidad de 192 pasajeros, la nueva aeronave est\u00e1 equipada con motores CFM Leap X1A que favorecen un bajo impacto al medio ambiente, la disminuci\u00f3n del 50 por ciento en la huella ac\u00fastica y 15 por ciento en ahorro de combustible, es decir, una reducci\u00f3n en la emisi\u00f3n de gases de cerca de 5 mil toneladas de di\u00f3xido de carbono al a\u00f1o.<\/p>\n<p>El viaje de la nueva aeronave con matr\u00edcula XA-JOE, inici\u00f3 el pasado 26 de enero en la planta de Airbus en Hamburgo, Alemania, y realiz\u00f3 escalas en Keflavik, Islandia y Bangor, Estados Unidos, hasta llegar a territorio mexicano, al AIT.<\/p>\n<p>La exitosa entrega de la nueva aeronave de Interjet abre una nueva etapa para la aviaci\u00f3n comercial en nuestro pa\u00eds, asegur\u00f3 H\u00e9ctor H. Espinosa, Director General del AIT, quien adem\u00e1s, refrend\u00f3 el compromiso y voluntad para continuar ofreciendo una terminal a\u00e9rea con infraestructura de calidad, eficiente, c\u00f3moda y segura.<\/p>\n<p>En 2017, Interjet ocup\u00f3 el primer lugar en la concentraci\u00f3n de pasajeros en la terminal a\u00e9rea mexiquense, es decir, 53 por ciento, e increment\u00f3 a 69 por ciento su factor de ocupaci\u00f3n, debido a una oferta adicional de asientos y una captaci\u00f3n mayor de viajeros.<\/p>\n","protected":false},"excerpt":{"rendered":"<p> El Aeropuerto Internacional de Toluca (AIT) \u201cLic. Adolfo L\u00f3pez Mateos\u201d dio la bienvenida al primer avi\u00f3n Airbus A321neo de Interjet, \u00fanico en M\u00e9xico.<\/p>\n","protected":false},"author":5,"featured_media":362037,"comment_status":"open","ping_status":"open","sticky":false,"template":"","format":"standard","meta":{"_monsterinsights_skip_tracking":false,"_monsterinsights_sitenote_active":false,"_monsterinsights_sitenote_note":"","_monsterinsights_sitenote_category":0,"footnotes":""},"categories":[5],"tags":[70230,70229,951,5457,43675,452],"class_list":["post-362036","post","type-post","status-publish","format-standard","has-post-thumbnail","hentry","category-estado-de-mexico","tag-192-pasajeros","tag-a321neo-de-interjet","tag-adolfo-lopez-mateos","tag-aeropuerto-internacional","tag-estado-de-mexico","tag-toluca"],"_links":{"self":[{"href":"https:\/\/www.diarioimagen.net\/index.php?rest_route=\/wp\/v2\/posts\/362036","targetHints":{"allow":["GET"]}}],"collection":[{"href":"https:\/\/www.diarioimagen.net\/index.php?rest_route=\/wp\/v2\/posts"}],"about":[{"href":"https:\/\/www.diarioimagen.net\/index.php?rest_route=\/wp\/v2\/types\/post"}],"author":[{"embeddable":true,"href":"https:\/\/www.diarioimagen.net\/index.php?rest_route=\/wp\/v2\/users\/5"}],"replies":[{"embeddable":true,"href":"https:\/\/www.diarioimagen.net\/index.php?rest_route=%2Fwp%2Fv2%2Fcomments&post=362036"}],"version-history":[{"count":0,"href":"https:\/\/www.diarioimagen.net\/index.php?rest_route=\/wp\/v2\/posts\/362036\/revisions"}],"wp:featuredmedia":[{"embeddable":true,"href":"https:\/\/www.diarioimagen.net\/index.php?rest_route=\/wp\/v2\/media\/362037"}],"wp:attachment":[{"href":"https:\/\/www.diarioimagen.net\/index.php?rest_route=%2Fwp%2Fv2%2Fmedia&parent=362036"}],"wp:term":[{"taxonomy":"category","embeddable":true,"href":"https:\/\/www.diarioimagen.net\/index.php?rest_route=%2Fwp%2Fv2%2Fcategories&post=362036"},{"taxonomy":"post_tag","embeddable":true,"href":"https:\/\/www.diarioimagen.net\/index.php?rest_route=%2Fwp%2Fv2%2Ftags&post=362036"}],"curies":[{"name":"wp","href":"https:\/\/api.w.org\/{rel}","templated":true}]}}