{"id":362085,"date":"2018-01-31T00:10:28","date_gmt":"2018-01-31T06:10:28","guid":{"rendered":"http:\/\/www.diarioimagen.net\/?p=362085"},"modified":"2018-01-31T01:31:36","modified_gmt":"2018-01-31T07:31:36","slug":"invitan-para-el-encuentro-parlamentario-de-infantes","status":"publish","type":"post","link":"https:\/\/www.diarioimagen.net\/?p=362085","title":{"rendered":"Invitan para el encuentro parlamentario de infantes"},"content":{"rendered":"<h2>Arco Norte<\/h2>\n<h5>Jos\u00e9 Luis Monta\u00f1ez Aguilar<\/h5>\n<p>&nbsp;<\/p>\n<p>El gobierno del Estado de M\u00e9xico, a trav\u00e9s de la Secretar\u00eda de Educaci\u00f3n, invita a los alumnos que cursan sexto grado de primaria o tercer grado de secundaria regular, ind\u00edgena y especial, a participar en el \u201cXV Encuentro Parlamentario Mexiquense de las Ni\u00f1as, los Ni\u00f1os y las y los Adolescentes Ciclo Escolar 2017-2018\u201d.<\/p>\n<p>Este esquema de interacci\u00f3n entre los alumnos se realiza de forma conjunta con la Legislatura estatal, la Comisi\u00f3n de Derechos Humanos del Estado de M\u00e9xico (CODHEM), el Instituto Electoral del Estado de M\u00e9xico (IEEM), y la Secretar\u00eda de Educaci\u00f3n (Seduc), en el marco del Programa de Convivencia Escolar cuyo objetivo es favorecer el establecimiento de ambientes sanos y pac\u00edficos en la comunidad.<\/p>\n<p>El Encuentro Parlamentario es un espacio formativo y un ejercicio incluyente de democracia, pluralidad y transparencia, que permite a los menores ejercer su derecho a la participaci\u00f3n, a trav\u00e9s de opiniones y propuestas para contribuir a\u00a0 la arm\u00f3nica convivencia ciudadana.<\/p>\n<p style=\"text-align: center;\"><strong>Recibe Sedagro m\u00e1s de 7 mil\u00a0solicitudes de productores <\/strong><\/p>\n<div id=\"attachment_362153\" style=\"width: 470px\" class=\"wp-caption aligncenter\"><a href=\"http:\/\/www.diarioimagen.net\/?attachment_id=362153\" rel=\"attachment wp-att-362153\"><img loading=\"lazy\" decoding=\"async\" aria-describedby=\"caption-attachment-362153\" class=\"size-large wp-image-362153\" src=\"http:\/\/www.diarioimagen.net\/wp-content\/uploads\/2018\/01\/arco-3296-460x259.jpg\" alt=\"\" width=\"460\" height=\"259\" srcset=\"https:\/\/www.diarioimagen.net\/wp-content\/uploads\/2018\/01\/arco-3296-460x259.jpg 460w, https:\/\/www.diarioimagen.net\/wp-content\/uploads\/2018\/01\/arco-3296-240x135.jpg 240w, https:\/\/www.diarioimagen.net\/wp-content\/uploads\/2018\/01\/arco-3296-235x132.jpg 235w, https:\/\/www.diarioimagen.net\/wp-content\/uploads\/2018\/01\/arco-3296-202x114.jpg 202w, https:\/\/www.diarioimagen.net\/wp-content\/uploads\/2018\/01\/arco-3296-350x196.jpg 350w, https:\/\/www.diarioimagen.net\/wp-content\/uploads\/2018\/01\/arco-3296-220x123.jpg 220w, https:\/\/www.diarioimagen.net\/wp-content\/uploads\/2018\/01\/arco-3296-237x132.jpg 237w, https:\/\/www.diarioimagen.net\/wp-content\/uploads\/2018\/01\/arco-3296.jpg 480w\" sizes=\"auto, (max-width: 460px) 100vw, 460px\" \/><\/a><p id=\"caption-attachment-362153\" class=\"wp-caption-text\">Kirsten Dunst<\/p><\/div>\n<p>Con la\u00a0 recepci\u00f3n de 7 mil 420 solicitudes de productores mexiquenses, cerraron las 11 Ventanillas de Atenci\u00f3n del Programa de Concurrencia con las Entidades Federativas 2018.<\/p>\n<p>Instaladas por la Secretar\u00eda de Desarrollo Agropecuario (Sedagro) en el Estado de M\u00e9xico en coordinaci\u00f3n con la Secretar\u00eda de Agricultura, Ganader\u00eda, Desarrollo Rural, Pesca y Alimentaci\u00f3n (Sagarpa), del total de solicitudes, 4 mil 112 son agr\u00edcolas, 3 mil 159 peticiones pecuarias y 150 del ramo acu\u00edcola.<\/p>\n<p>Durante una semana de atenci\u00f3n, el personal de Sedagro recibi\u00f3 a productores de todo el Estado de M\u00e9xico con proyectos productivos, cuyas solicitudes ya se encuentran en proceso de dictaminaci\u00f3n.<\/p>\n<p>Dichas ventanillas fueron instaladas en las 11 delegaciones de Sedagro ubicadas en Atlacomulco, Jilotepec, Zumpango, Teotihuac\u00e1n, Tepotzotl\u00e1n, Metepec, Texcoco, Valle de Bravo, Amecameca, Ixtapan de la Sal y Tejupilco.<\/p>\n<p>Entre los apoyos que se promueven, est\u00e1n la tecnificaci\u00f3n de sus proyectos, la investigaci\u00f3n y estudios para mejoramiento de semillas y cosechas y respaldo para la mejora de la infraestructura rural.<\/p>\n<p><em><a href=\"mailto:montanezaguilar@gmail.com\" target=\"_blank\" rel=\"noopener noreferrer\">montanezaguilar@gmail.com<\/a><\/em><\/p>\n","protected":false},"excerpt":{"rendered":"<p><span style=\"color: #005497;\">Jos\u00e9 Luis Monta\u00f1ez Aguilar<\/span><br \/>\n<br \/>\nEl gobierno del Estado de M\u00e9xico, a trav\u00e9s de la Secretar\u00eda de Educaci\u00f3n, invita a los alumnos que cursan sexto grado de primaria o tercer grado de secundaria regular, ind\u00edgena y especial, a participar en el \u201cXV Encuentro Parlamentario Mexiquense de las Ni\u00f1as, los Ni\u00f1os y las y los Adolescentes Ciclo Escolar 2017-2018\u201d.<\/p>\n","protected":false},"author":3,"featured_media":362153,"comment_status":"open","ping_status":"open","sticky":false,"template":"","format":"standard","meta":{"_monsterinsights_skip_tracking":false,"_monsterinsights_sitenote_active":false,"_monsterinsights_sitenote_note":"","_monsterinsights_sitenote_category":0,"footnotes":""},"categories":[5],"tags":[13284,43704,43674],"class_list":["post-362085","post","type-post","status-publish","format-standard","has-post-thumbnail","hentry","category-estado-de-mexico","tag-arco-norte","tag-jose-luis-montanez-aguilar","tag-opinion"],"_links":{"self":[{"href":"https:\/\/www.diarioimagen.net\/index.php?rest_route=\/wp\/v2\/posts\/362085","targetHints":{"allow":["GET"]}}],"collection":[{"href":"https:\/\/www.diarioimagen.net\/index.php?rest_route=\/wp\/v2\/posts"}],"about":[{"href":"https:\/\/www.diarioimagen.net\/index.php?rest_route=\/wp\/v2\/types\/post"}],"author":[{"embeddable":true,"href":"https:\/\/www.diarioimagen.net\/index.php?rest_route=\/wp\/v2\/users\/3"}],"replies":[{"embeddable":true,"href":"https:\/\/www.diarioimagen.net\/index.php?rest_route=%2Fwp%2Fv2%2Fcomments&post=362085"}],"version-history":[{"count":0,"href":"https:\/\/www.diarioimagen.net\/index.php?rest_route=\/wp\/v2\/posts\/362085\/revisions"}],"wp:featuredmedia":[{"embeddable":true,"href":"https:\/\/www.diarioimagen.net\/index.php?rest_route=\/wp\/v2\/media\/362153"}],"wp:attachment":[{"href":"https:\/\/www.diarioimagen.net\/index.php?rest_route=%2Fwp%2Fv2%2Fmedia&parent=362085"}],"wp:term":[{"taxonomy":"category","embeddable":true,"href":"https:\/\/www.diarioimagen.net\/index.php?rest_route=%2Fwp%2Fv2%2Fcategories&post=362085"},{"taxonomy":"post_tag","embeddable":true,"href":"https:\/\/www.diarioimagen.net\/index.php?rest_route=%2Fwp%2Fv2%2Ftags&post=362085"}],"curies":[{"name":"wp","href":"https:\/\/api.w.org\/{rel}","templated":true}]}}