{"id":362126,"date":"2018-01-31T00:08:46","date_gmt":"2018-01-31T06:08:46","guid":{"rendered":"http:\/\/www.diarioimagen.net\/?p=362126"},"modified":"2018-01-31T01:39:48","modified_gmt":"2018-01-31T07:39:48","slug":"entregan-techo-y-un-comedor-comunitario-en-metepec","status":"publish","type":"post","link":"https:\/\/www.diarioimagen.net\/?p=362126","title":{"rendered":"Entregan techo y un comedor comunitario en Metepec"},"content":{"rendered":"<ul>\n<li><strong><em>Recurso por 2.3 mdp<\/em><\/strong><\/li>\n<\/ul>\n<p>&nbsp;<\/p>\n<p><a href=\"http:\/\/www.diarioimagen.net\/?attachment_id=362178\" rel=\"attachment wp-att-362178\"><img loading=\"lazy\" decoding=\"async\" class=\"aligncenter size-large wp-image-362178\" src=\"http:\/\/www.diarioimagen.net\/wp-content\/uploads\/2018\/01\/METEPEC-3296-460x259.jpg\" alt=\"\" width=\"460\" height=\"259\" srcset=\"https:\/\/www.diarioimagen.net\/wp-content\/uploads\/2018\/01\/METEPEC-3296-460x259.jpg 460w, https:\/\/www.diarioimagen.net\/wp-content\/uploads\/2018\/01\/METEPEC-3296-240x135.jpg 240w, https:\/\/www.diarioimagen.net\/wp-content\/uploads\/2018\/01\/METEPEC-3296-235x132.jpg 235w, https:\/\/www.diarioimagen.net\/wp-content\/uploads\/2018\/01\/METEPEC-3296-202x114.jpg 202w, https:\/\/www.diarioimagen.net\/wp-content\/uploads\/2018\/01\/METEPEC-3296-350x196.jpg 350w, https:\/\/www.diarioimagen.net\/wp-content\/uploads\/2018\/01\/METEPEC-3296-220x123.jpg 220w, https:\/\/www.diarioimagen.net\/wp-content\/uploads\/2018\/01\/METEPEC-3296-237x132.jpg 237w, https:\/\/www.diarioimagen.net\/wp-content\/uploads\/2018\/01\/METEPEC-3296.jpg 480w\" sizes=\"auto, (max-width: 460px) 100vw, 460px\" \/><\/a><\/p>\n<p>&nbsp;<\/p>\n<p><strong>Metepec, Estado de M\u00e9xico<\/strong>.- En gira de trabajo, el presidente municipal de Metepec, David L\u00f3pez C\u00e1rdenas, entreg\u00f3 dos obras en la comunidad de San Jorge Pueblo Nuevo, con inversi\u00f3n superior a los 2.3 millones de pesos, en beneficio de m\u00e1s de mil 500 personas.<\/p>\n<p>El alcalde inaugur\u00f3 un comedor comunitario equipado con estufa, refrigerador, horno de microondas, as\u00ed como instalaciones de gas y agua, entre otros accesorios, que adem\u00e1s de atender a los vecinos de la comunidad tambi\u00e9n estar\u00e1 abierto a la poblaci\u00f3n en general.<\/p>\n<p>Para dicha obra se gestion\u00f3 1.3 millones de pesos ante gobierno federal; con \u00e9ste, operan 25 comedores de su tipo en todo el municipio.<\/p>\n<p>Por otro lado, L\u00f3pez C\u00e1rdenas entreg\u00f3 un arco techo en la escuela primaria \u201cJuan Escutia\u201d, cuya inversi\u00f3n fue de 997 mil pesos, la cual servir\u00e1 para que alumnas y alumnos puedan protegerse de las inclemencias del clima mientras disfrutan de su receso o realizan alguna actividad c\u00edvica, cultural o deportiva fuera del aula de clases.<\/p>\n<p>Al t\u00e9rmino de la gira, el edil tambi\u00e9n hizo entrega a personal operativo del ayuntamiento, de una gr\u00faa articulada con canastilla con valor aproximado de un mill\u00f3n de pesos.<\/p>\n","protected":false},"excerpt":{"rendered":"<p>En gira de trabajo, el presidente municipal de Metepec, David L\u00f3pez C\u00e1rdenas, entreg\u00f3 dos obras en la comunidad de San Jorge Pueblo Nuevo, con inversi\u00f3n superior a los 2.3 millones de pesos, en beneficio de m\u00e1s de mil 500 personas.<\/p>\n","protected":false},"author":3,"featured_media":362178,"comment_status":"open","ping_status":"open","sticky":false,"template":"","format":"standard","meta":{"_monsterinsights_skip_tracking":false,"_monsterinsights_sitenote_active":false,"_monsterinsights_sitenote_note":"","_monsterinsights_sitenote_category":0,"footnotes":""},"categories":[35155],"tags":[70300,43675,876],"class_list":["post-362126","post","type-post","status-publish","format-standard","has-post-thumbnail","hentry","category-estado-de-mexico-estado-de-mexico","tag-comedor-comunitario","tag-estado-de-mexico","tag-metepec"],"_links":{"self":[{"href":"https:\/\/www.diarioimagen.net\/index.php?rest_route=\/wp\/v2\/posts\/362126","targetHints":{"allow":["GET"]}}],"collection":[{"href":"https:\/\/www.diarioimagen.net\/index.php?rest_route=\/wp\/v2\/posts"}],"about":[{"href":"https:\/\/www.diarioimagen.net\/index.php?rest_route=\/wp\/v2\/types\/post"}],"author":[{"embeddable":true,"href":"https:\/\/www.diarioimagen.net\/index.php?rest_route=\/wp\/v2\/users\/3"}],"replies":[{"embeddable":true,"href":"https:\/\/www.diarioimagen.net\/index.php?rest_route=%2Fwp%2Fv2%2Fcomments&post=362126"}],"version-history":[{"count":0,"href":"https:\/\/www.diarioimagen.net\/index.php?rest_route=\/wp\/v2\/posts\/362126\/revisions"}],"wp:featuredmedia":[{"embeddable":true,"href":"https:\/\/www.diarioimagen.net\/index.php?rest_route=\/wp\/v2\/media\/362178"}],"wp:attachment":[{"href":"https:\/\/www.diarioimagen.net\/index.php?rest_route=%2Fwp%2Fv2%2Fmedia&parent=362126"}],"wp:term":[{"taxonomy":"category","embeddable":true,"href":"https:\/\/www.diarioimagen.net\/index.php?rest_route=%2Fwp%2Fv2%2Fcategories&post=362126"},{"taxonomy":"post_tag","embeddable":true,"href":"https:\/\/www.diarioimagen.net\/index.php?rest_route=%2Fwp%2Fv2%2Ftags&post=362126"}],"curies":[{"name":"wp","href":"https:\/\/api.w.org\/{rel}","templated":true}]}}