{"id":362128,"date":"2018-01-31T00:07:27","date_gmt":"2018-01-31T06:07:27","guid":{"rendered":"http:\/\/www.diarioimagen.net\/?p=362128"},"modified":"2018-01-31T01:42:17","modified_gmt":"2018-01-31T07:42:17","slug":"primera-entrega-de-apoyos-sociales-2018-en-tultepec","status":"publish","type":"post","link":"https:\/\/www.diarioimagen.net\/?p=362128","title":{"rendered":"Primera entrega de apoyos sociales 2018, en Tultepec"},"content":{"rendered":"<ul>\n<li><strong><em>Llega a tiempo a 12 mil personas<\/em><\/strong><\/li>\n<\/ul>\n<p>&nbsp;<\/p>\n<div id=\"attachment_362184\" style=\"width: 470px\" class=\"wp-caption aligncenter\"><a href=\"http:\/\/www.diarioimagen.net\/?attachment_id=362184\" rel=\"attachment wp-att-362184\"><img loading=\"lazy\" decoding=\"async\" aria-describedby=\"caption-attachment-362184\" class=\"size-large wp-image-362184\" src=\"http:\/\/www.diarioimagen.net\/wp-content\/uploads\/2018\/01\/TULTEPEC-3296-460x259.jpg\" alt=\"\" width=\"460\" height=\"259\" srcset=\"https:\/\/www.diarioimagen.net\/wp-content\/uploads\/2018\/01\/TULTEPEC-3296-460x259.jpg 460w, https:\/\/www.diarioimagen.net\/wp-content\/uploads\/2018\/01\/TULTEPEC-3296-240x135.jpg 240w, https:\/\/www.diarioimagen.net\/wp-content\/uploads\/2018\/01\/TULTEPEC-3296-235x132.jpg 235w, https:\/\/www.diarioimagen.net\/wp-content\/uploads\/2018\/01\/TULTEPEC-3296-202x114.jpg 202w, https:\/\/www.diarioimagen.net\/wp-content\/uploads\/2018\/01\/TULTEPEC-3296-350x196.jpg 350w, https:\/\/www.diarioimagen.net\/wp-content\/uploads\/2018\/01\/TULTEPEC-3296-220x123.jpg 220w, https:\/\/www.diarioimagen.net\/wp-content\/uploads\/2018\/01\/TULTEPEC-3296-237x132.jpg 237w, https:\/\/www.diarioimagen.net\/wp-content\/uploads\/2018\/01\/TULTEPEC-3296.jpg 480w\" sizes=\"auto, (max-width: 460px) 100vw, 460px\" \/><\/a><p id=\"caption-attachment-362184\" class=\"wp-caption-text\">En coordinaci\u00f3n con el Sistema Municipal DIF, estos esfuerzos han permitido la entrega de 142 mil 932 apoyos en 2017, lo que equivale a cerca de 12 mil apoyos sociales.<\/p><\/div>\n<p>&nbsp;<\/p>\n<p><strong>Tultepec, Estado de M\u00e9xico<\/strong>.- Al realizar la primera entrega de apoyos sociales de este a\u00f1o a los grupos m\u00e1s vulnerables en todo el municipio, el alcalde Armando Portuguez Fuentes asegur\u00f3 que, durante el 2018 este beneficio seguir\u00e1 llegando en tiempo forma como se ha venido realizando desde 2016, en favor de quienes m\u00e1s lo necesitan.<\/p>\n<p>\u201cEste apoyo fue uno de los compromisos que realizamos en campa\u00f1a y lo estamos cumpliendo cabalmente con mucho esfuerzo y as\u00ed lo seguiremos haciendo por lo que resta de la presente administraci\u00f3n\u201d, afirm\u00f3.<\/p>\n<p>Tultepec es el \u00fanico municipio en toda esta regi\u00f3n del Estado de M\u00e9xico, que, con gran esfuerzo y el ahorro de recursos propios, opera programas municipales de asistencia a grupos vulnerables como son: adultos mayores, personas con capacidades diferentes, madres que viven solas y comunidad abierta en situaci\u00f3n cr\u00edtica.<\/p>\n<p>anto el alcalde, como Mar\u00eda F\u00e9lix Espinosa Hern\u00e1ndez, presidenta del DIF municipal, entregan personalmente apoyos econ\u00f3micos por 250 pesos en efectivo a adultos mayores, adem\u00e1s de su despensa mensual en m\u00e1s de 30 comunidades de todo el territorio municipal.<\/p>\n<p>Los beneficiarios previamente registrados en los diferentes programas, reconocieron el cumplimiento de los compromisos de Armando Portuguez Fuentes, quien fue recibido entre aplausos y porras durante cada entrega, que no tard\u00f3 m\u00e1s de 20 minutos en cada comunidad.<\/p>\n<p>El presidente municipal les asegur\u00f3 que estos programas sociales son para mejorar las condiciones de vida de la poblaci\u00f3n que realmente lo requiere, no s\u00f3lo para dar cumplimiento a un compromiso de campa\u00f1a, sino como un acto de justicia y solidaridad del gobierno municipal con los m\u00e1s necesitados.<\/p>\n<p>\u201cEsta es la respuesta de un gobierno que est\u00e1 Trabajando M\u00e1s y Mejor al reclamo social de una sociedad m\u00e1s igualitaria, como un acto de justicia social, no de d\u00e1diva, sino una respuesta p\u00fablica a las necesidades de nuestra gente\u201d, concluy\u00f3.<\/p>\n","protected":false},"excerpt":{"rendered":"<p>Al realizar la primera entrega de apoyos sociales de este a\u00f1o a los grupos m\u00e1s vulnerables en todo el municipio, el alcalde Armando Portuguez Fuentes asegur\u00f3 que, durante el 2018 este beneficio seguir\u00e1 llegando en tiempo forma como se ha venido realizando desde 2016, en favor de quienes m\u00e1s lo necesitan.<\/p>\n","protected":false},"author":3,"featured_media":362184,"comment_status":"open","ping_status":"open","sticky":false,"template":"","format":"standard","meta":{"_monsterinsights_skip_tracking":false,"_monsterinsights_sitenote_active":false,"_monsterinsights_sitenote_note":"","_monsterinsights_sitenote_category":0,"footnotes":""},"categories":[35155],"tags":[2701,24769,43675,3802],"class_list":["post-362128","post","type-post","status-publish","format-standard","has-post-thumbnail","hentry","category-estado-de-mexico-estado-de-mexico","tag-apoyo","tag-entrega","tag-estado-de-mexico","tag-tultepec"],"_links":{"self":[{"href":"https:\/\/www.diarioimagen.net\/index.php?rest_route=\/wp\/v2\/posts\/362128","targetHints":{"allow":["GET"]}}],"collection":[{"href":"https:\/\/www.diarioimagen.net\/index.php?rest_route=\/wp\/v2\/posts"}],"about":[{"href":"https:\/\/www.diarioimagen.net\/index.php?rest_route=\/wp\/v2\/types\/post"}],"author":[{"embeddable":true,"href":"https:\/\/www.diarioimagen.net\/index.php?rest_route=\/wp\/v2\/users\/3"}],"replies":[{"embeddable":true,"href":"https:\/\/www.diarioimagen.net\/index.php?rest_route=%2Fwp%2Fv2%2Fcomments&post=362128"}],"version-history":[{"count":0,"href":"https:\/\/www.diarioimagen.net\/index.php?rest_route=\/wp\/v2\/posts\/362128\/revisions"}],"wp:featuredmedia":[{"embeddable":true,"href":"https:\/\/www.diarioimagen.net\/index.php?rest_route=\/wp\/v2\/media\/362184"}],"wp:attachment":[{"href":"https:\/\/www.diarioimagen.net\/index.php?rest_route=%2Fwp%2Fv2%2Fmedia&parent=362128"}],"wp:term":[{"taxonomy":"category","embeddable":true,"href":"https:\/\/www.diarioimagen.net\/index.php?rest_route=%2Fwp%2Fv2%2Fcategories&post=362128"},{"taxonomy":"post_tag","embeddable":true,"href":"https:\/\/www.diarioimagen.net\/index.php?rest_route=%2Fwp%2Fv2%2Ftags&post=362128"}],"curies":[{"name":"wp","href":"https:\/\/api.w.org\/{rel}","templated":true}]}}