{"id":362249,"date":"2018-02-01T00:09:08","date_gmt":"2018-02-01T06:09:08","guid":{"rendered":"http:\/\/www.diarioimagen.net\/?p=362249"},"modified":"2018-02-01T01:48:19","modified_gmt":"2018-02-01T07:48:19","slug":"descarta-hacienda-fuga-de-capitales-por-reforma-fiscal-de-eu","status":"publish","type":"post","link":"https:\/\/www.diarioimagen.net\/?p=362249","title":{"rendered":"Descarta Hacienda fuga de capitales por reforma fiscal de EU"},"content":{"rendered":"<ul>\n<li><em><strong>Participaci\u00f3n en plenaria de PRI-PVEM<\/strong><\/em><\/li>\n<\/ul>\n<p><strong>\u00a0<\/strong><\/p>\n<div id=\"attachment_362250\" style=\"width: 470px\" class=\"wp-caption aligncenter\"><img loading=\"lazy\" decoding=\"async\" aria-describedby=\"caption-attachment-362250\" class=\"wp-image-362250 size-large\" src=\"http:\/\/www.diarioimagen.net\/wp-content\/uploads\/2018\/01\/CAPITALES-portal-460x268.png\" alt=\"\" width=\"460\" height=\"268\" srcset=\"https:\/\/www.diarioimagen.net\/wp-content\/uploads\/2018\/01\/CAPITALES-portal-460x268.png 460w, https:\/\/www.diarioimagen.net\/wp-content\/uploads\/2018\/01\/CAPITALES-portal-240x140.png 240w, https:\/\/www.diarioimagen.net\/wp-content\/uploads\/2018\/01\/CAPITALES-portal.png 480w\" sizes=\"auto, (max-width: 460px) 100vw, 460px\" \/><p id=\"caption-attachment-362250\" class=\"wp-caption-text\">Jos\u00e9 Antonio Gonz\u00e1lez asegur\u00f3 que a un mes de haber entrado en vigor la reforma fiscal de Estados Unidos, no existe fuga de capitales en M\u00e9xico.<\/p><\/div>\n<p>&nbsp;<\/p>\n<p>El secretario de Hacienda y Cr\u00e9dito P\u00fablico, Jos\u00e9 Antonio Gonz\u00e1lez Anaya, asegur\u00f3 que a un mes de haber entrado en vigor la reforma fiscal instrumentada por el gobierno de Estados Unidos, no existe fuga de capitales en M\u00e9xico.<\/p>\n<p>En el marco de su participaci\u00f3n en la Reuni\u00f3n Plenaria de Senadores del PRI y PVEM, destac\u00f3 los logros de la actual administraci\u00f3n mexicana en materia econ\u00f3mica y afirm\u00f3 que \u201cya llevamos un mes con la reforma fiscal norteamericana y no hemos visto fuga de capitales\u201d.<\/p>\n<p>Lo anterior, porque existen tratados de doble tributaci\u00f3n entre M\u00e9xico y Estados, entre M\u00e9xico y Europa, y \u201cno se est\u00e1n moviendo los capitales para ir a Estados Unidos\u201d, enfatiz\u00f3.<\/p>\n<p>En el Senado de la Rep\u00fablica, expuso que la reforma fiscal de Estados Unidos \u201cno es lo que parece\u201d, toda vez que no s\u00f3lo bajaron la tasa empresarial de 35 a 21, pues no se dice que no quitaron muchas deducibilidades como los impuestos estatales y que le pusieron un tope a la deducibilidad de intereses.<\/p>\n<p>Consider\u00f3 que dicha reforma fiscal tendr\u00e1 un impacto limitado en la econom\u00eda y empleo de Estados Unidos, puede llevar a que suban las tasas de inter\u00e9s de forma m\u00e1s r\u00e1pida, aunado a que 40 por ciento del beneficio de la reducci\u00f3n de impuestos se concentra en 1.0 por ciento de la poblaci\u00f3n m\u00e1s rica de ese pa\u00eds. \u201cNo queremos hacer eso en M\u00e9xico\u201d, apunt\u00f3.<\/p>\n<p>Si M\u00e9xico modifica sus cuentas fiscales se podr\u00eda dar una depreciaci\u00f3n en el tipo de cambio, subir\u00edan las tasas de inter\u00e9s y las calificadoras nos cambiar\u00edan las perspectivas \u201cy va salir peor el asunto\u201d, advirti\u00f3 el titular de la Secretar\u00eda de Hacienda y Cr\u00e9dito P\u00fablico (SHCP).<\/p>\n<p>Gonz\u00e1lez Anaya aclar\u00f3 que aunque \u201ceso no quiere decir que no tenemos que hacer nada\u201d en M\u00e9xico, dijo que dialogan con las c\u00fapulas empresariales respecto a las acciones que se podr\u00edan llevar a cabo sin deteriorar el marco fiscal \u201cy hay consenso de que no podemos ni debemos aumentar, ni deteriorar las cuentas fiscales\u201d.<\/p>\n<p>Reconoci\u00f3 que aunque el pr\u00f3ximo proceso electoral y la negociaci\u00f3n en curso del Tratado de Libre Comercio de Am\u00e9rica del Norte (TLCAN) implicar\u00edan algunos riesgos, la instrucci\u00f3n del gobierno federal para 2018 es mantener la estabilidad macroecon\u00f3mica, la transparencia presupuestal y tener suficientes recursos para la reconstrucci\u00f3n de zonas afectadas por los sismos.<\/p>\n","protected":false},"excerpt":{"rendered":"<p>El secretario de Hacienda y Cr\u00e9dito P\u00fablico, Jos\u00e9 Antonio Gonz\u00e1lez Anaya, asegur\u00f3 que a un mes de haber entrado en vigor la reforma fiscal instrumentada por el gobierno de Estados Unidos, no existe fuga de capitales en M\u00e9xico.<\/p>\n","protected":false},"author":5,"featured_media":362250,"comment_status":"open","ping_status":"open","sticky":false,"template":"","format":"standard","meta":{"_monsterinsights_skip_tracking":false,"_monsterinsights_sitenote_active":false,"_monsterinsights_sitenote_note":"","_monsterinsights_sitenote_category":0,"footnotes":""},"categories":[8],"tags":[49792,9452,1482],"class_list":["post-362249","post","type-post","status-publish","format-standard","has-post-thumbnail","hentry","category-finanzas","tag-hacienda","tag-pri-pvem","tag-reforma-fiscal"],"_links":{"self":[{"href":"https:\/\/www.diarioimagen.net\/index.php?rest_route=\/wp\/v2\/posts\/362249","targetHints":{"allow":["GET"]}}],"collection":[{"href":"https:\/\/www.diarioimagen.net\/index.php?rest_route=\/wp\/v2\/posts"}],"about":[{"href":"https:\/\/www.diarioimagen.net\/index.php?rest_route=\/wp\/v2\/types\/post"}],"author":[{"embeddable":true,"href":"https:\/\/www.diarioimagen.net\/index.php?rest_route=\/wp\/v2\/users\/5"}],"replies":[{"embeddable":true,"href":"https:\/\/www.diarioimagen.net\/index.php?rest_route=%2Fwp%2Fv2%2Fcomments&post=362249"}],"version-history":[{"count":0,"href":"https:\/\/www.diarioimagen.net\/index.php?rest_route=\/wp\/v2\/posts\/362249\/revisions"}],"wp:featuredmedia":[{"embeddable":true,"href":"https:\/\/www.diarioimagen.net\/index.php?rest_route=\/wp\/v2\/media\/362250"}],"wp:attachment":[{"href":"https:\/\/www.diarioimagen.net\/index.php?rest_route=%2Fwp%2Fv2%2Fmedia&parent=362249"}],"wp:term":[{"taxonomy":"category","embeddable":true,"href":"https:\/\/www.diarioimagen.net\/index.php?rest_route=%2Fwp%2Fv2%2Fcategories&post=362249"},{"taxonomy":"post_tag","embeddable":true,"href":"https:\/\/www.diarioimagen.net\/index.php?rest_route=%2Fwp%2Fv2%2Ftags&post=362249"}],"curies":[{"name":"wp","href":"https:\/\/api.w.org\/{rel}","templated":true}]}}