{"id":362336,"date":"2018-02-01T00:07:02","date_gmt":"2018-02-01T06:07:02","guid":{"rendered":"http:\/\/www.diarioimagen.net\/?p=362336"},"modified":"2018-02-01T03:43:55","modified_gmt":"2018-02-01T09:43:55","slug":"honramos-a-gustavo-baz-con-gobierno-eficiente-y-efectivo-afirma-denisse-ugalde","status":"publish","type":"post","link":"https:\/\/www.diarioimagen.net\/?p=362336","title":{"rendered":"Honramos a Gustavo Baz con gobierno eficiente y efectivo, afirma Denisse Ugalde"},"content":{"rendered":"<ul>\n<li><strong><em>La eficiencia debe ser todos los d\u00edas<\/em><\/strong><\/li>\n<\/ul>\n<p>&nbsp;<\/p>\n<div id=\"attachment_362393\" style=\"width: 470px\" class=\"wp-caption aligncenter\"><a href=\"http:\/\/www.diarioimagen.net\/?attachment_id=362393\" rel=\"attachment wp-att-362393\"><img loading=\"lazy\" decoding=\"async\" aria-describedby=\"caption-attachment-362393\" class=\"size-large wp-image-362393\" src=\"http:\/\/www.diarioimagen.net\/wp-content\/uploads\/2018\/02\/TLALNEPANTLA-3297-460x259.jpg\" alt=\"\" width=\"460\" height=\"259\" srcset=\"https:\/\/www.diarioimagen.net\/wp-content\/uploads\/2018\/02\/TLALNEPANTLA-3297-460x259.jpg 460w, https:\/\/www.diarioimagen.net\/wp-content\/uploads\/2018\/02\/TLALNEPANTLA-3297-240x135.jpg 240w, https:\/\/www.diarioimagen.net\/wp-content\/uploads\/2018\/02\/TLALNEPANTLA-3297-235x132.jpg 235w, https:\/\/www.diarioimagen.net\/wp-content\/uploads\/2018\/02\/TLALNEPANTLA-3297-202x114.jpg 202w, https:\/\/www.diarioimagen.net\/wp-content\/uploads\/2018\/02\/TLALNEPANTLA-3297-350x196.jpg 350w, https:\/\/www.diarioimagen.net\/wp-content\/uploads\/2018\/02\/TLALNEPANTLA-3297-220x123.jpg 220w, https:\/\/www.diarioimagen.net\/wp-content\/uploads\/2018\/02\/TLALNEPANTLA-3297-237x132.jpg 237w, https:\/\/www.diarioimagen.net\/wp-content\/uploads\/2018\/02\/TLALNEPANTLA-3297.jpg 480w\" sizes=\"auto, (max-width: 460px) 100vw, 460px\" \/><\/a><p id=\"caption-attachment-362393\" class=\"wp-caption-text\">La mun\u00edcipe, Denisse Ugalde, puntualiz\u00f3 que a 124 a\u00f1os de su nacimiento, Gustavo Baz sigue siendo el referente moral y pol\u00edtico de los valores esenciales del municipio.<\/p><\/div>\n<p>&nbsp;<\/p>\n<p><strong>Tlalnepantla, Estado de M\u00e9xico<\/strong>.- Al encabezar la ceremonia del 124 aniversario del natalicio del doctor Gustavo Baz Prada, la alcaldesa Denisse Ugalde Alegr\u00eda enfatiz\u00f3 que en Tlalnepantla se honra la memoria del homenajeado, asumiendo todos los d\u00edas la responsabilidad de encabezar un gobierno eficiente y efectivo, promotor de la participaci\u00f3n social y de la cultura de paz.<\/p>\n<p>Ante el secretario estatal de Obra P\u00fablica, Alejandro Fern\u00e1ndez Campillo, representante del gobernador mexiquense, la presidenta municipal puntualiz\u00f3 que a 124 a\u00f1os de su nacimiento, Gustavo Baz sigue siendo el referente moral y pol\u00edtico de los valores esenciales del municipio: cultura, trabajo y progreso.<\/p>\n<p>Refiri\u00f3 que dando continuidad a su legado social, durante la presente administraci\u00f3n se han implementado pol\u00edticas innovadoras que contribuyen a elevar la calidad de vida de la ciudadan\u00eda.<\/p>\n<p>Destac\u00f3 que concibi\u00e9ndose como parte de la transformaci\u00f3n diaria que vive este pa\u00eds, en Tlalnepantla se contin\u00faan atrayendo inversiones con un sistema novedoso y transparente para la apertura casi inmediata de negocios y empresas, integrando al ciudadano en la toma de decisiones e innovando pr\u00e1cticas para reducir costos, mejorando servicios y promoviendo una cultura de paz.<\/p>\n<p>\u201cEl doctor Gustavo Baz nos demostr\u00f3 la importancia de distribuir el poder cada vez m\u00e1s en los ciudadanos, para que \u00e9stos influyan en las pol\u00edticas p\u00fablicas y en las decisiones de gobierno, s\u00f3lo as\u00ed, \u00e9ste puede ser detonador de cambios ben\u00e9ficos para la sociedad\u201d, apunt\u00f3 Ugalde Alegr\u00eda.<\/p>\n<p>En el evento en el que tambi\u00e9n estuvieron presentes familiares del doctor Gustavo Baz, la presidenta municipal exhort\u00f3 a los asistentes a ser m\u00e1s responsables y comprometidos con el bienestar de los dem\u00e1s, haciendo lo que a cada quien le toca.<\/p>\n<p>Por su parte, Alejandro Fern\u00e1ndez Campillo hizo una semblanza de la vida del doctor Gustavo Baz Prada, \u201cquien es emblema de la lucha por la dignidad humana y su legado a\u00fan se mantiene vigente: llevar justicia, progreso, paz y bienestar social a los mexiquenses\u201d.<\/p>\n<p>El funcionario estatal llam\u00f3 a los tlalnepantlenses a hacer un acto de conciencia que refrende el \u00e1nimo y esfuerzo para que el Estado de M\u00e9xico tenga las oportunidades que se merece.<\/p>\n<p>Como parte de esta ceremonia c\u00edvica, la alcaldesa de Tlalnepantla y el secretario de Obra P\u00fablica, acompa\u00f1ados de Alejandro Jard\u00f3n Nava y Rodrigo Bucio, representantes del Poder Judicial y de las Fuerzas Armadas, respectivamente, montaron guardia de honor frente al monumento erigido al doctor Gustavo Baz Prada.<\/p>\n","protected":false},"excerpt":{"rendered":"<p> Al encabezar la ceremonia del 124 aniversario del natalicio del doctor Gustavo Baz Prada, la alcaldesa Denisse Ugalde Alegr\u00eda enfatiz\u00f3 que en Tlalnepantla se honra la memoria del homenajeado, asumiendo todos los d\u00edas la responsabilidad de encabezar un gobierno eficiente y efectivo, promotor de la participaci\u00f3n social y de la cultura de paz.<\/p>\n","protected":false},"author":3,"featured_media":362393,"comment_status":"open","ping_status":"open","sticky":false,"template":"","format":"standard","meta":{"_monsterinsights_skip_tracking":false,"_monsterinsights_sitenote_active":false,"_monsterinsights_sitenote_note":"","_monsterinsights_sitenote_category":0,"footnotes":""},"categories":[35155],"tags":[45490,70345,43675,169],"class_list":["post-362336","post","type-post","status-publish","format-standard","has-post-thumbnail","hentry","category-estado-de-mexico-estado-de-mexico","tag-denisse-ugalde-alegria","tag-eficiencia","tag-estado-de-mexico","tag-tlalnepantla"],"_links":{"self":[{"href":"https:\/\/www.diarioimagen.net\/index.php?rest_route=\/wp\/v2\/posts\/362336","targetHints":{"allow":["GET"]}}],"collection":[{"href":"https:\/\/www.diarioimagen.net\/index.php?rest_route=\/wp\/v2\/posts"}],"about":[{"href":"https:\/\/www.diarioimagen.net\/index.php?rest_route=\/wp\/v2\/types\/post"}],"author":[{"embeddable":true,"href":"https:\/\/www.diarioimagen.net\/index.php?rest_route=\/wp\/v2\/users\/3"}],"replies":[{"embeddable":true,"href":"https:\/\/www.diarioimagen.net\/index.php?rest_route=%2Fwp%2Fv2%2Fcomments&post=362336"}],"version-history":[{"count":0,"href":"https:\/\/www.diarioimagen.net\/index.php?rest_route=\/wp\/v2\/posts\/362336\/revisions"}],"wp:featuredmedia":[{"embeddable":true,"href":"https:\/\/www.diarioimagen.net\/index.php?rest_route=\/wp\/v2\/media\/362393"}],"wp:attachment":[{"href":"https:\/\/www.diarioimagen.net\/index.php?rest_route=%2Fwp%2Fv2%2Fmedia&parent=362336"}],"wp:term":[{"taxonomy":"category","embeddable":true,"href":"https:\/\/www.diarioimagen.net\/index.php?rest_route=%2Fwp%2Fv2%2Fcategories&post=362336"},{"taxonomy":"post_tag","embeddable":true,"href":"https:\/\/www.diarioimagen.net\/index.php?rest_route=%2Fwp%2Fv2%2Ftags&post=362336"}],"curies":[{"name":"wp","href":"https:\/\/api.w.org\/{rel}","templated":true}]}}