{"id":362442,"date":"2018-02-02T00:07:27","date_gmt":"2018-02-02T06:07:27","guid":{"rendered":"http:\/\/www.diarioimagen.net\/?p=362442"},"modified":"2018-02-04T22:24:41","modified_gmt":"2018-02-05T04:24:41","slug":"inicia-del-mazo-programa-para-mejorar-viviendas-en-comunidades-indigenas","status":"publish","type":"post","link":"https:\/\/www.diarioimagen.net\/?p=362442","title":{"rendered":"Inicia programa para mejorar vivienda de zonas ind\u00edgenas"},"content":{"rendered":"<ul>\n<li><em><strong>Apoyos a m\u00e1s de 5 mil 200 hogares<\/strong><\/em><\/li>\n<li><em><strong>Atender carencias de este sector, es una prioridad, afirma Del Mazo<\/strong><\/em><\/li>\n<\/ul>\n<p>&nbsp;<\/p>\n<div id=\"attachment_362443\" style=\"width: 470px\" class=\"wp-caption aligncenter\"><img loading=\"lazy\" decoding=\"async\" aria-describedby=\"caption-attachment-362443\" class=\"wp-image-362443 size-large\" src=\"http:\/\/www.diarioimagen.net\/wp-content\/uploads\/2018\/02\/VIVIENDA2-portal-460x268.png\" alt=\"\" width=\"460\" height=\"268\" srcset=\"https:\/\/www.diarioimagen.net\/wp-content\/uploads\/2018\/02\/VIVIENDA2-portal-460x268.png 460w, https:\/\/www.diarioimagen.net\/wp-content\/uploads\/2018\/02\/VIVIENDA2-portal-240x140.png 240w, https:\/\/www.diarioimagen.net\/wp-content\/uploads\/2018\/02\/VIVIENDA2-portal.png 480w\" sizes=\"auto, (max-width: 460px) 100vw, 460px\" \/><p id=\"caption-attachment-362443\" class=\"wp-caption-text\">El gobernador Alfredo Del Mazo Maza puso en marcha el programa Familias Fuertes: \u201cVivienda Ind\u00edgena Digna\u201d.<\/p><\/div>\n<p>&nbsp;<\/p>\n<p><strong>San Bartolo Morelos, Estado de M\u00e9xico<\/strong>.- En apoyo a las comunidades ind\u00edgenas de 43 municipios mexiquenses, el gobernador Alfredo Del Mazo Maza puso en marcha el programa Familias Fuertes: \u201cVivienda Ind\u00edgena Digna\u201d, mediante el que se otorgar\u00e1 material para la construcci\u00f3n de pisos firmes, en m\u00e1s de 5 mil 200 hogares.<\/p>\n<p>En San Bartolo Morelos, Alfredo Del Mazo afirm\u00f3 que atender las carencias de los m\u00e1s de 400 mil ind\u00edgenas que viven actualmente en la entidad es una prioridad para su administraci\u00f3n.<\/p>\n<p>\u201cQueremos familias que tengan una vivienda, que tengan la oportunidad de tener una vivienda digna y, por eso, el d\u00eda de hoy hicimos entrega de estos materiales, de cemento, de l\u00e1minas para ayudar a las familias de Morelos a que puedan mejorar su vivienda\u201d, puntualiz\u00f3 el mandatario.<\/p>\n<p>Acompa\u00f1ado por el secretario de Desarrollo Social, Eric Sevilla Montes de Oca y por el alcalde de Morelos, Osvaldo Chavarr\u00eda, el gobernador Alfredo Del Mazo\u00a0 entreg\u00f3 utensilios para equipar los nueve comedores comunitarios de esta demarcaci\u00f3n, as\u00ed como muletas, bastones, sillas de ruedas, tinacos, 250 toneladas de cemento y otros materiales de construcci\u00f3n para pisos firmes, en beneficio de mil 800 habitantes del municipio.<\/p>\n<p>Adem\u00e1s, ante las bajas temperaturas registradas en las \u00faltimas semanas, el mandatario mexiquense tambi\u00e9n otorg\u00f3 mil 800 paquetes invernales a familias de las comunidades de este Ayuntamiento.<\/p>\n<p>\u201cLos gorros, los guantes, las bufandas est\u00e1n hechos por artesanos mexiquenses, entonces esto nos ayuda a comprarle los productos a los artesanos mexiquenses que los\u00a0 hacen, y tambi\u00e9n a que decenas familias, como las que est\u00e1n aqu\u00ed el d\u00eda de hoy en el municipio de San BartoloMorelos, reciban este apoyo para la temporada invernal\u201d.<\/p>\n<p>Del Mazo Maza asegur\u00f3 que su administraci\u00f3n tiene el compromiso de mejorar las condiciones de vida de este sector de la sociedad, ya que los pueblos ind\u00edgenas representan el origen de las tradiciones y de la cultura que define al pueblo mexiquense.<\/p>\n<p>\u201cUstedes son el origen de las ra\u00edces del Estado de M\u00e9xico, son quienes mantienen vivo ese deseo de trabajar unidos y quienes adem\u00e1s luchan todos los d\u00edas por mantener sus tradiciones\u201d.<\/p>\n<p>El Secretario de Desarrollo Social, Eric Sevilla Montes de Oca, explic\u00f3 que una de las innovaciones del programa Familias Fuertes: \u201cVivienda Ind\u00edgena Digna\u201d, es que est\u00e1 dise\u00f1ado para reducir la carencia por calidad y espacios de la vivienda, que es uno de los seis factores que el Coneval eval\u00faa para medir el nivel de pobreza.<\/p>\n<p>Precis\u00f3 que el apoyo que reciben las familias ind\u00edgenas a trav\u00e9s de este programa\u00a0 es: cemento, varilla, arena, grava y fibra de polipropileno para construir hasta 40 metros cuadrados de piso firme.<\/p>\n","protected":false},"excerpt":{"rendered":"<p>En apoyo a las comunidades ind\u00edgenas de 43 municipios mexiquenses, el gobernador Alfredo Del Mazo Maza puso en marcha el programa Familias Fuertes: \u201cVivienda Ind\u00edgena Digna\u201d, mediante el que se otorgar\u00e1 material para la construcci\u00f3n de pisos firmes, en m\u00e1s de 5 mil 200 hogares.<\/p>\n","protected":false},"author":5,"featured_media":362443,"comment_status":"open","ping_status":"open","sticky":false,"template":"","format":"standard","meta":{"_monsterinsights_skip_tracking":false,"_monsterinsights_sitenote_active":false,"_monsterinsights_sitenote_note":"","_monsterinsights_sitenote_category":0,"footnotes":""},"categories":[5],"tags":[70359,2505,70358,43675,17978],"class_list":["post-362442","post","type-post","status-publish","format-standard","has-post-thumbnail","hentry","category-estado-de-mexico","tag-5-mil-200-hogares","tag-alfredo-del-mazo-maza","tag-comunidades-indigenas","tag-estado-de-mexico","tag-san-bartolo-morelos"],"_links":{"self":[{"href":"https:\/\/www.diarioimagen.net\/index.php?rest_route=\/wp\/v2\/posts\/362442","targetHints":{"allow":["GET"]}}],"collection":[{"href":"https:\/\/www.diarioimagen.net\/index.php?rest_route=\/wp\/v2\/posts"}],"about":[{"href":"https:\/\/www.diarioimagen.net\/index.php?rest_route=\/wp\/v2\/types\/post"}],"author":[{"embeddable":true,"href":"https:\/\/www.diarioimagen.net\/index.php?rest_route=\/wp\/v2\/users\/5"}],"replies":[{"embeddable":true,"href":"https:\/\/www.diarioimagen.net\/index.php?rest_route=%2Fwp%2Fv2%2Fcomments&post=362442"}],"version-history":[{"count":0,"href":"https:\/\/www.diarioimagen.net\/index.php?rest_route=\/wp\/v2\/posts\/362442\/revisions"}],"wp:featuredmedia":[{"embeddable":true,"href":"https:\/\/www.diarioimagen.net\/index.php?rest_route=\/wp\/v2\/media\/362443"}],"wp:attachment":[{"href":"https:\/\/www.diarioimagen.net\/index.php?rest_route=%2Fwp%2Fv2%2Fmedia&parent=362442"}],"wp:term":[{"taxonomy":"category","embeddable":true,"href":"https:\/\/www.diarioimagen.net\/index.php?rest_route=%2Fwp%2Fv2%2Fcategories&post=362442"},{"taxonomy":"post_tag","embeddable":true,"href":"https:\/\/www.diarioimagen.net\/index.php?rest_route=%2Fwp%2Fv2%2Ftags&post=362442"}],"curies":[{"name":"wp","href":"https:\/\/api.w.org\/{rel}","templated":true}]}}