{"id":362490,"date":"2018-02-02T00:09:54","date_gmt":"2018-02-02T06:09:54","guid":{"rendered":"http:\/\/www.diarioimagen.net\/?p=362490"},"modified":"2018-02-04T22:24:58","modified_gmt":"2018-02-05T04:24:58","slug":"la-gente-esta-cansada-de-escuchar-solo-division-meade","status":"publish","type":"post","link":"https:\/\/www.diarioimagen.net\/?p=362490","title":{"rendered":"La gente est\u00e1 cansada de escuchar s\u00f3lo divisi\u00f3n: Meade"},"content":{"rendered":"<ul>\n<li><strong><em>Problemas de mexicanos, el contrincante a vencer<\/em><\/strong><\/li>\n<\/ul>\n<h6>Jos\u00e9 Luis Monta\u00f1ez<\/h6>\n<p>&nbsp;<\/p>\n<div id=\"attachment_362539\" style=\"width: 470px\" class=\"wp-caption aligncenter\"><a href=\"http:\/\/www.diarioimagen.net\/?attachment_id=362539\" rel=\"attachment wp-att-362539\"><img loading=\"lazy\" decoding=\"async\" aria-describedby=\"caption-attachment-362539\" class=\"size-large wp-image-362539\" src=\"http:\/\/www.diarioimagen.net\/wp-content\/uploads\/2018\/02\/MEADE-3298-460x259.jpg\" alt=\"\" width=\"460\" height=\"259\" srcset=\"https:\/\/www.diarioimagen.net\/wp-content\/uploads\/2018\/02\/MEADE-3298-460x259.jpg 460w, https:\/\/www.diarioimagen.net\/wp-content\/uploads\/2018\/02\/MEADE-3298-240x135.jpg 240w, https:\/\/www.diarioimagen.net\/wp-content\/uploads\/2018\/02\/MEADE-3298-235x132.jpg 235w, https:\/\/www.diarioimagen.net\/wp-content\/uploads\/2018\/02\/MEADE-3298-202x114.jpg 202w, https:\/\/www.diarioimagen.net\/wp-content\/uploads\/2018\/02\/MEADE-3298-350x196.jpg 350w, https:\/\/www.diarioimagen.net\/wp-content\/uploads\/2018\/02\/MEADE-3298-220x123.jpg 220w, https:\/\/www.diarioimagen.net\/wp-content\/uploads\/2018\/02\/MEADE-3298-237x132.jpg 237w, https:\/\/www.diarioimagen.net\/wp-content\/uploads\/2018\/02\/MEADE-3298.jpg 480w\" sizes=\"auto, (max-width: 460px) 100vw, 460px\" \/><\/a><p id=\"caption-attachment-362539\" class=\"wp-caption-text\">Jos\u00e9 Antonio Meade se reuni\u00f3 en Culiac\u00e1n con el ex boxeador Julio C\u00e9sar Ch\u00e1vez.<\/p><\/div>\n<p>&nbsp;<\/p>\n<p>El precandidato presidencial de la coalici\u00f3n, Todos por M\u00e9xico, Jos\u00e9 Antonio Meade asegur\u00f3 ayer en Culiac\u00e1n que su mayor contrincante en esta contienda no son los otros precandidatos, sino \u201clos problemas que aquejan a los mexicanos, los problemas de seguridad, los problemas de empleo, los problemas de servicios\u201d.<\/p>\n<p>\u201cMe da mucho gusto estar con ustedes porque estamos terminando ya la etapa de las precampa\u00f1as y eso nos va a permitir empezar la etapa de las propuestas, la etapa en donde junto vamos a constatar perfiles y propuestas\u201d.<\/p>\n<p>Reiter\u00f3 que la gente est\u00e1 cansada de escuchar de divisi\u00f3n y\u00a0 pues quieren \u201csaber c\u00f3mo vamos a resolver el problema de seguridad, la gente quiere saber c\u00f3mo vamos a resolver el problema de empleo, la gente quiere saber c\u00f3mo vamos a resolver el problema de servicio, a la gente no le interesa c\u00f3mo vamos los candidatos de la campa\u00f1a del vecino, a la gente le interesa que piensan los candidatos de sus problemas, de sus circunstancias y de su realidad\u201d.<\/p>\n<p>Sobre la reciente adhesi\u00f3n de Marcelo Ebrard al equipo de Andr\u00e9s Manuel L\u00f3pez Obrador, Meade dijo que, cada equipo est\u00e1 es libertad de sumar\u00a0 a quien quiera.<\/p>\n<p>\u201cCreo que cada quien puede hacer equipo con quien desee y de nuevo, los puntos de vista nuestros siempre se van a suscribir a cu\u00e1les son los retos, los problemas que agobian y cu\u00e1les son los problemas que vamos a resolver\u201d, se\u00f1al\u00f3.<\/p>\n<p style=\"text-align: center;\"><strong>Se re\u00fane con JC Ch\u00e1vez<\/strong><\/p>\n<p>El precandidato del PRI se reuni\u00f3 ayer con el ex campe\u00f3n mundial de boxeo, Julio C\u00e9sar Ch\u00e1vez.<\/p>\n<p>En un encuentro informal, ambos\u00a0 dialogaron sobre la importancia de que las y los j\u00f3venes mexicanos tengan mejores oportunidades de vida y ejemplos que los inspiren a concretar sus metas e ideales.<\/p>\n","protected":false},"excerpt":{"rendered":"<p><span style=\"color: #005497;\">Jos\u00e9 Luis Monta\u00f1ez<\/span><br \/>\n<br \/>\nEl precandidato presidencial de la coalici\u00f3n, Todos por M\u00e9xico, Jos\u00e9 Antonio Meade asegur\u00f3 ayer en Culiac\u00e1n que su mayor contrincante en esta contienda no son los otros precandidatos, sino \u201clos problemas que aquejan a los mexicanos, los problemas de seguridad, los problemas de empleo, los problemas de servicios\u201d.<\/p>\n","protected":false},"author":3,"featured_media":362539,"comment_status":"open","ping_status":"open","sticky":false,"template":"","format":"standard","meta":{"_monsterinsights_skip_tracking":false,"_monsterinsights_sitenote_active":false,"_monsterinsights_sitenote_note":"","_monsterinsights_sitenote_category":0,"footnotes":""},"categories":[3],"tags":[70395,26429,43673,69783],"class_list":["post-362490","post","type-post","status-publish","format-standard","has-post-thumbnail","hentry","category-nacional","tag-division","tag-jose-antonio-meade-kuribrena","tag-nacional","tag-todos-por-mexico"],"_links":{"self":[{"href":"https:\/\/www.diarioimagen.net\/index.php?rest_route=\/wp\/v2\/posts\/362490","targetHints":{"allow":["GET"]}}],"collection":[{"href":"https:\/\/www.diarioimagen.net\/index.php?rest_route=\/wp\/v2\/posts"}],"about":[{"href":"https:\/\/www.diarioimagen.net\/index.php?rest_route=\/wp\/v2\/types\/post"}],"author":[{"embeddable":true,"href":"https:\/\/www.diarioimagen.net\/index.php?rest_route=\/wp\/v2\/users\/3"}],"replies":[{"embeddable":true,"href":"https:\/\/www.diarioimagen.net\/index.php?rest_route=%2Fwp%2Fv2%2Fcomments&post=362490"}],"version-history":[{"count":0,"href":"https:\/\/www.diarioimagen.net\/index.php?rest_route=\/wp\/v2\/posts\/362490\/revisions"}],"wp:featuredmedia":[{"embeddable":true,"href":"https:\/\/www.diarioimagen.net\/index.php?rest_route=\/wp\/v2\/media\/362539"}],"wp:attachment":[{"href":"https:\/\/www.diarioimagen.net\/index.php?rest_route=%2Fwp%2Fv2%2Fmedia&parent=362490"}],"wp:term":[{"taxonomy":"category","embeddable":true,"href":"https:\/\/www.diarioimagen.net\/index.php?rest_route=%2Fwp%2Fv2%2Fcategories&post=362490"},{"taxonomy":"post_tag","embeddable":true,"href":"https:\/\/www.diarioimagen.net\/index.php?rest_route=%2Fwp%2Fv2%2Ftags&post=362490"}],"curies":[{"name":"wp","href":"https:\/\/api.w.org\/{rel}","templated":true}]}}